{"id":9649,"date":"2016-07-05T11:12:52","date_gmt":"2016-07-05T14:12:52","guid":{"rendered":"http:\/\/sid.uncu.edu.ar\/sid\/?p=9649"},"modified":"2016-07-27T13:33:38","modified_gmt":"2016-07-27T16:33:38","slug":"receso-invernal-en-las-bibliotecas-de-la-uncuyo","status":"publish","type":"post","link":"https:\/\/sid.uncu.edu.ar\/wp\/2016\/07\/receso-invernal-en-las-bibliotecas-de-la-uncuyo\/","title":{"rendered":"Receso invernal en las Bibliotecas de la UNCUYO"},"content":{"rendered":"<p><img loading=\"lazy\" decoding=\"async\" class=\"alignleft  wp-image-9650\" src=\"http:\/\/sid.uncu.edu.ar\/sid\/wp-content\/uploads\/2016\/07\/invierno-575x376-550x360.jpg\" alt=\"invierno--575x376\" width=\"371\" height=\"211\" \/>Las bibliotecas de facultades cerrar\u00e1n por 2 semanas, mientras que la central cerrar\u00e1 s\u00f3lo la primera y atender\u00e1, en horario reducido, durante la segunda. Receso invernal, feriado puente y Santo Patrono, encontr\u00e1 ac\u00e1 las fechas clave de estas vacaciones de invierno en tu biblioteca.<!--more-->El receso invernal en la UNCUYO abarca 2 semanas, desde el <strong>lunes 11 de julio al viernes 22 de julio<\/strong>. Durante estas 2 semanas las bibliotecas de las facultades, incluida la de la Asociaci\u00f3n Ecum\u00e9nica &#8211; Biblioteca Mauricio A. L\u00f3pez-, entrar\u00e1n en receso total de actividades. Habr\u00e1 que tener en cuenta que el viernes 8 y el lunes 25 de julio ser\u00e1n feriados: puente y Santo Patrono Santiago, respectivamente.<\/p>\n<p>Hasta el jueves 7 de julio, \u00faltmo d\u00eda previo al receso, se podr\u00e1 solicitar <strong>pr\u00e9stamos especiales<\/strong> de materiales para devolver despu\u00e9s de las vacaciones.<\/p>\n<p>La Biblioteca Central cerrar\u00e1 solamente la <strong>semana del 11 al 15\u00a0 <\/strong>y<strong> reabrir\u00e1 el lunes 18<\/strong> en horario reducido de 9 a 17hs durante una semana, para continuar en horario normal desde el <strong>martes 26 de julio. <\/strong><\/p>\n<p>\u00a1Felices vacaciones!<\/p>\n","protected":false},"excerpt":{"rendered":"<p>Las bibliotecas de facultades cerrar\u00e1n por 2 semanas, mientras que la central cerrar\u00e1 s\u00f3lo la primera y atender\u00e1, en horario<\/p>\n<div class=\"read-more\"><a class=\"btn button-secondary\" href=\"https:\/\/sid.uncu.edu.ar\/wp\/2016\/07\/receso-invernal-en-las-bibliotecas-de-la-uncuyo\/\">Leer m\u00e1s<\/a><\/div>\n","protected":false},"author":11,"featured_media":0,"comment_status":"closed","ping_status":"closed","sticky":false,"template":"","format":"standard","meta":{"_acf_changed":false,"bgseo_title":"","bgseo_description":"","bgseo_robots_index":"","bgseo_robots_follow":"","footnotes":""},"categories":[3],"tags":[55,69],"class_list":["post-9649","post","type-post","status-publish","format-standard","hentry","category-noticias","tag-bibliotecas-uncuyo","tag-receso"],"acf":[],"jetpack_featured_media_url":"","jetpack_sharing_enabled":true,"jetpack_likes_enabled":true,"_links":{"self":[{"href":"https:\/\/sid.uncu.edu.ar\/wp\/wp-json\/wp\/v2\/posts\/9649","targetHints":{"allow":["GET"]}}],"collection":[{"href":"https:\/\/sid.uncu.edu.ar\/wp\/wp-json\/wp\/v2\/posts"}],"about":[{"href":"https:\/\/sid.uncu.edu.ar\/wp\/wp-json\/wp\/v2\/types\/post"}],"author":[{"embeddable":true,"href":"https:\/\/sid.uncu.edu.ar\/wp\/wp-json\/wp\/v2\/users\/11"}],"replies":[{"embeddable":true,"href":"https:\/\/sid.uncu.edu.ar\/wp\/wp-json\/wp\/v2\/comments?post=9649"}],"version-history":[{"count":1,"href":"https:\/\/sid.uncu.edu.ar\/wp\/wp-json\/wp\/v2\/posts\/9649\/revisions"}],"predecessor-version":[{"id":9651,"href":"https:\/\/sid.uncu.edu.ar\/wp\/wp-json\/wp\/v2\/posts\/9649\/revisions\/9651"}],"wp:attachment":[{"href":"https:\/\/sid.uncu.edu.ar\/wp\/wp-json\/wp\/v2\/media?parent=9649"}],"wp:term":[{"taxonomy":"category","embeddable":true,"href":"https:\/\/sid.uncu.edu.ar\/wp\/wp-json\/wp\/v2\/categories?post=9649"},{"taxonomy":"post_tag","embeddable":true,"href":"https:\/\/sid.uncu.edu.ar\/wp\/wp-json\/wp\/v2\/tags?post=9649"}],"curies":[{"name":"wp","href":"https:\/\/api.w.org\/{rel}","templated":true}]}}