{"id":8909,"date":"2016-03-18T04:43:35","date_gmt":"2016-03-18T13:43:35","guid":{"rendered":"http:\/\/sid.uncu.edu.ar\/sid\/?p=8909"},"modified":"2016-04-14T10:45:20","modified_gmt":"2016-04-14T13:45:20","slug":"se-presenta-la-primera-ampliacion-del-mural-por-los-desaparecidos-de-la-uncuyo-en-la-biblioteca-central","status":"publish","type":"post","link":"https:\/\/sid.uncu.edu.ar\/wp\/2016\/03\/se-presenta-la-primera-ampliacion-del-mural-por-los-desaparecidos-de-la-uncuyo-en-la-biblioteca-central\/","title":{"rendered":"Se presenta la primera ampliaci\u00f3n del mural por los desaparecidos de la UNCUYO en la Biblioteca Central"},"content":{"rendered":"<p><img loading=\"lazy\" decoding=\"async\" class=\"alignleft wp-image-8912\" src=\"http:\/\/sid.uncu.edu.ar\/sid\/wp-content\/uploads\/2016\/03\/promo-mural.png\" alt=\"promo-mural\" width=\"263\" height=\"202\" \/>Este martes 22 de marzo a las 11hs se presentar\u00e1 la ampliaci\u00f3n del mural \u00abEntre el olvido y la memoria\u00bb, obra cer\u00e1mica que fue inaugurada en el 2008 en la Biblioteca Central como homenaje y en memoria de las v\u00edctimas del terrorismo de estado de la dictadura militar del &#8217;76 en general y a las vinculadas con la UNCUYO en particular. La ampliaci\u00f3n consiste en la colocaci\u00f3n de un nuevo panel que agrega 17 nombres de v\u00edctimas que no fueron incluidas en la obra inicial, ya que la informaci\u00f3n con la que se contaba en el momento era incompleta.<!--more--><\/p>\n<p>La obra, de la artista pl\u00e1stica Vivian Magis, incluye im\u00e1genes aleg\u00f3ricas al triste per\u00edodo de nuestra historia junto a una serie de placas con nombres de cada uno de los desaparecidos de la comunidad de la UNCUYO en los a\u00f1os de la represi\u00f3n de la d\u00e9cada del &#8217;70. El listado inicial se elabor\u00f3 con la documentaci\u00f3n disponible hasta el momento de su realizaci\u00f3n e inauguraci\u00f3n y, dado que el tema no es un caso cerrado, siempre se contempl\u00f3 la posibilidad de realizar adendas. La intenci\u00f3n de preservar la memoria de estos tiempos, para que no vuelvan a repetirse, y la b\u00fasqueda de la verdad y la justicia convierten a esta obra en una obra inconclusa, que deber\u00e1 ser actualizada cada vez que nuevos datos de esta \u00e9poca oscura sean revelados.<\/p>\n<figure id=\"attachment_654\" aria-describedby=\"caption-attachment-654\" style=\"width: 500px\" class=\"wp-caption alignnone\"><img loading=\"lazy\" decoding=\"async\" class=\"size-full wp-image-654\" src=\"http:\/\/sid.uncu.edu.ar\/sid\/wp-content\/uploads\/2010\/04\/mural_web.jpg\" alt=\"Mural: &quot;Entre el Olvido y la Memoria&quot;\" width=\"500\" height=\"253\" srcset=\"https:\/\/sid.uncu.edu.ar\/wp\/wp-content\/uploads\/2010\/04\/mural_web.jpg 500w, https:\/\/sid.uncu.edu.ar\/wp\/wp-content\/uploads\/2010\/04\/mural_web-300x151.jpg 300w\" sizes=\"auto, (max-width: 500px) 100vw, 500px\" \/><figcaption id=\"caption-attachment-654\" class=\"wp-caption-text\">Mural original: \u00abEntre el Olvido y la Memoria\u00bb<\/figcaption><\/figure>\n<p>Algunos a\u00f1os despu\u00e9s de la inauguraci\u00f3n del mural original, concretamente en el 2014, se present\u00f3 el trabajo de investigaci\u00f3n \u00abApuntes de la Memoria: pol\u00edtica, reforma y represi\u00f3n en la UNCUYO en la d\u00e9cada del &#8217;70\u00bb a cargo de un equipo de investigadores de la UNCUYO entre los que figuran Nazareno Bravo, Paula Baigorria, Mercedes Molina Galarza y Paula Tealdi. El resultado de este trabajo se public\u00f3 en un<a href=\"http:\/\/www.ediunc.uncu.edu.ar\/catalogo\/ficha\/557\/Apuntes-de-la-memoria\" target=\"_blank\"> libro editado por la EDIUNC<\/a> y un sitio web (<a href=\"http:\/\/universidadymemoria.uncuyo.edu.ar\/\" target=\"_blank\">Universidad y Memoria<\/a>) y brindan informaci\u00f3n detallada, enrtevistas a familiares, fichas individuales de cada uno de los desaparecidos y una cronolog\u00eda detallada de los hechos. Esta investigaci\u00f3n ech\u00f3 luz sobre hechos desconocidos y se dieron a conocer nuevos nombres de v\u00edctimas que guardaban relaci\u00f3n con nuestra universidad.<\/p>\n<p>El listado actualizado hace justicia e incluye ahora 17 nuevos nombres que se suman a los 23 incluidos en la obra original, todos de personas muertas y desaparecidas por la represi\u00f3n de la dictadura iniciada el 24 de marzo de 1976 que ten\u00edan relaci\u00f3n con la Universidad. Entre ellos se encuentran docentes, estudiantes, personal de apoyo acad\u00e9mico y egresados de facultades, colegios y del instituto Balseiro.<\/p>\n<p>Fue fundamental la intervenci\u00f3n de la exdirectora del SID -y gestora del proyecto inicial-, Isabel Pi\u00f1eiro, quien realiz\u00f3 el relevamiento de nueva informaci\u00f3n, la gesti\u00f3n y planificaci\u00f3n de la ampliaci\u00f3n del mural que incluye nuevas piezas cer\u00e1micas de la artista Vivian Magis. Desde la direcci\u00f3n del SID y la Secretar\u00eda Acad\u00e9mica, y por recomendaci\u00f3n del Archivo Nacional de la Memoria, <a href=\"http:\/\/rectorado.uncu.edu.ar\/documentos\/digesto\/2015\/08\/R_RE_2615_2015.pdf\" target=\"_blank\">se elev\u00f3 el pedido a las autoridades de la universidad<\/a> para que dieran curso a esta actualizaci\u00f3n que se presenta en el marco de las actividades de la UNCUYO por el D\u00eda Nacional de la Memoria, por la Verdad y la Justicia.<\/p>\n<p><img loading=\"lazy\" decoding=\"async\" class=\"alignleft size-large wp-image-8916\" src=\"http:\/\/sid.uncu.edu.ar\/sid\/wp-content\/uploads\/2016\/03\/mural2016-550x248.jpg\" alt=\"mural2016\" width=\"550\" height=\"248\" srcset=\"https:\/\/sid.uncu.edu.ar\/wp\/wp-content\/uploads\/2016\/03\/mural2016-550x248.jpg 550w, https:\/\/sid.uncu.edu.ar\/wp\/wp-content\/uploads\/2016\/03\/mural2016-400x181.jpg 400w, https:\/\/sid.uncu.edu.ar\/wp\/wp-content\/uploads\/2016\/03\/mural2016.jpg 786w\" sizes=\"auto, (max-width: 550px) 100vw, 550px\" \/><\/p>\n","protected":false},"excerpt":{"rendered":"<p>Este martes 22 de marzo a las 11hs se presentar\u00e1 la ampliaci\u00f3n del mural \u00abEntre el olvido y la memoria\u00bb,<\/p>\n<div class=\"read-more\"><a class=\"btn button-secondary\" href=\"https:\/\/sid.uncu.edu.ar\/wp\/2016\/03\/se-presenta-la-primera-ampliacion-del-mural-por-los-desaparecidos-de-la-uncuyo-en-la-biblioteca-central\/\">Leer m\u00e1s<\/a><\/div>\n","protected":false},"author":11,"featured_media":0,"comment_status":"closed","ping_status":"closed","sticky":false,"template":"","format":"standard","meta":{"_acf_changed":false,"bgseo_title":"","bgseo_description":"","bgseo_robots_index":"","bgseo_robots_follow":"","footnotes":""},"categories":[3],"tags":[21],"class_list":["post-8909","post","type-post","status-publish","format-standard","hentry","category-noticias","tag-biblioteca-central"],"acf":[],"jetpack_featured_media_url":"","jetpack_sharing_enabled":true,"jetpack_likes_enabled":true,"_links":{"self":[{"href":"https:\/\/sid.uncu.edu.ar\/wp\/wp-json\/wp\/v2\/posts\/8909","targetHints":{"allow":["GET"]}}],"collection":[{"href":"https:\/\/sid.uncu.edu.ar\/wp\/wp-json\/wp\/v2\/posts"}],"about":[{"href":"https:\/\/sid.uncu.edu.ar\/wp\/wp-json\/wp\/v2\/types\/post"}],"author":[{"embeddable":true,"href":"https:\/\/sid.uncu.edu.ar\/wp\/wp-json\/wp\/v2\/users\/11"}],"replies":[{"embeddable":true,"href":"https:\/\/sid.uncu.edu.ar\/wp\/wp-json\/wp\/v2\/comments?post=8909"}],"version-history":[{"count":7,"href":"https:\/\/sid.uncu.edu.ar\/wp\/wp-json\/wp\/v2\/posts\/8909\/revisions"}],"predecessor-version":[{"id":8918,"href":"https:\/\/sid.uncu.edu.ar\/wp\/wp-json\/wp\/v2\/posts\/8909\/revisions\/8918"}],"wp:attachment":[{"href":"https:\/\/sid.uncu.edu.ar\/wp\/wp-json\/wp\/v2\/media?parent=8909"}],"wp:term":[{"taxonomy":"category","embeddable":true,"href":"https:\/\/sid.uncu.edu.ar\/wp\/wp-json\/wp\/v2\/categories?post=8909"},{"taxonomy":"post_tag","embeddable":true,"href":"https:\/\/sid.uncu.edu.ar\/wp\/wp-json\/wp\/v2\/tags?post=8909"}],"curies":[{"name":"wp","href":"https:\/\/api.w.org\/{rel}","templated":true}]}}