{"id":7891,"date":"2014-12-19T04:06:13","date_gmt":"2014-12-19T14:06:13","guid":{"rendered":"http:\/\/sid.uncu.edu.ar\/sid\/?p=7891"},"modified":"2015-02-02T04:24:43","modified_gmt":"2015-02-02T14:24:43","slug":"estas-son-las-fechas-de-apertura-y-cierre-de-las-bibliotecas-de-la-uncuyo","status":"publish","type":"post","link":"https:\/\/sid.uncu.edu.ar\/wp\/2014\/12\/estas-son-las-fechas-de-apertura-y-cierre-de-las-bibliotecas-de-la-uncuyo\/","title":{"rendered":"Estas son las fechas de cierre y apertura de las Bibliotecas de la UNCUYO"},"content":{"rendered":"<p><img loading=\"lazy\" decoding=\"async\" class=\"alignleft size-full wp-image-7892\" alt=\"tancament,2\" src=\"http:\/\/sid.uncu.edu.ar\/sid\/wp-content\/uploads\/2014\/12\/tancament2.gif\" width=\"317\" height=\"237\" \/>Con motivo del receso estival las Bibliotecas de la UNCUYO cierran sus puertas durante el mes de enero.<\/p>\n<p>Aqu\u00ed detallamos el per\u00edodo en el que las bibliotecas permanecen cerradas. Adem\u00e1s muchas de ellas atender\u00e1n en la primera semana de febrero en horario reducido.<\/p>\n<p>La mayor\u00eda retoma actividades el 2 de febrero de 2015<\/p>\n<p><!--more--><\/p>\n<h2>Fechas de \u00faltimo y primer d\u00eda de atenci\u00f3n en cada Biblioteca<\/h2>\n<ul>\n<li><strong>Biblioteca Central: <\/strong>30 de diciembre al 2 de febrero (1ra semana de 9 a 15)<\/li>\n<li><strong>Fac. Ciencias Aplicadas a la Industria (San Rafael):<\/strong>\u00a0 23 de diciembre al 2 de febrero.<\/li>\n<li><strong>Fac. Ciencias M\u00e9dicas:<\/strong>\u00a0 30 de diciembre al 2 de febrero. (1ra semana con horario reducido, s\u00f3lo de ma\u00f1ana)<\/li>\n<li><strong>Fac. Educaci\u00f3n Elemental y Especial:<\/strong>\u00a0 22 de diciembre al 2 de febrero. (1ra semana con horario reducido, s\u00f3lo de ma\u00f1ana)<\/li>\n<li><strong>Fac. Ciencias Pol\u00edticas y Sociales: <\/strong>19 de diciembre al 2 de febrero. (1ra semana con horario reducido, s\u00f3lo de tarde)<\/li>\n<li><strong>Fac. Ciencias Agrarias:<\/strong>\u00a0 5 de enero al 9 de febrero.<\/li>\n<li><strong>Fac. Artes y Dise\u00f1o:<\/strong>\u00a0 19 de diciembre al 2 de febrero. (1ra semana con horario reducido, de 9 a 14hs)<\/li>\n<li><strong>Fac. Ciencias Econ\u00f3micas:<\/strong>\u00a0 30 de diciembre al 2 de febrero. (1ra y 2da semana con horario reducido, de 8 a 12hs)<\/li>\n<li><strong>Fac. Derecho:<\/strong>\u00a0 22 de diciembre al 2 de febrero.<\/li>\n<li><strong>Fac. Ingenier\u00eda:<\/strong>\u00a0 30 de diciembre al 2 de febrero.<\/li>\n<li><strong>Fac. Filosofia y Letras:<\/strong>\u00a0 23 de diciembre al 2 de febrero.<\/li>\n<li><strong>ITU<\/strong> <strong>(Luj\u00e1n y Centro): \u00a0<\/strong>30 de diciembre al 2 de febrero.<\/li>\n<li><strong>Ecum\u00e9nica: <\/strong>23 de diciembre al 2 de febrero.<\/li>\n<\/ul>\n","protected":false},"excerpt":{"rendered":"<p>Con motivo del receso estival las Bibliotecas de la UNCUYO cierran sus puertas durante el mes de enero. Aqu\u00ed detallamos<\/p>\n<div class=\"read-more\"><a class=\"btn button-secondary\" href=\"https:\/\/sid.uncu.edu.ar\/wp\/2014\/12\/estas-son-las-fechas-de-apertura-y-cierre-de-las-bibliotecas-de-la-uncuyo\/\">Leer m\u00e1s<\/a><\/div>\n","protected":false},"author":11,"featured_media":0,"comment_status":"closed","ping_status":"closed","sticky":false,"template":"","format":"standard","meta":{"_acf_changed":false,"bgseo_title":"","bgseo_description":"","bgseo_robots_index":"","bgseo_robots_follow":"","footnotes":""},"categories":[3],"tags":[55,59],"class_list":["post-7891","post","type-post","status-publish","format-standard","hentry","category-noticias","tag-bibliotecas-uncuyo","tag-vacaciones"],"acf":[],"jetpack_featured_media_url":"","jetpack_sharing_enabled":true,"jetpack_likes_enabled":true,"_links":{"self":[{"href":"https:\/\/sid.uncu.edu.ar\/wp\/wp-json\/wp\/v2\/posts\/7891","targetHints":{"allow":["GET"]}}],"collection":[{"href":"https:\/\/sid.uncu.edu.ar\/wp\/wp-json\/wp\/v2\/posts"}],"about":[{"href":"https:\/\/sid.uncu.edu.ar\/wp\/wp-json\/wp\/v2\/types\/post"}],"author":[{"embeddable":true,"href":"https:\/\/sid.uncu.edu.ar\/wp\/wp-json\/wp\/v2\/users\/11"}],"replies":[{"embeddable":true,"href":"https:\/\/sid.uncu.edu.ar\/wp\/wp-json\/wp\/v2\/comments?post=7891"}],"version-history":[{"count":4,"href":"https:\/\/sid.uncu.edu.ar\/wp\/wp-json\/wp\/v2\/posts\/7891\/revisions"}],"predecessor-version":[{"id":7896,"href":"https:\/\/sid.uncu.edu.ar\/wp\/wp-json\/wp\/v2\/posts\/7891\/revisions\/7896"}],"wp:attachment":[{"href":"https:\/\/sid.uncu.edu.ar\/wp\/wp-json\/wp\/v2\/media?parent=7891"}],"wp:term":[{"taxonomy":"category","embeddable":true,"href":"https:\/\/sid.uncu.edu.ar\/wp\/wp-json\/wp\/v2\/categories?post=7891"},{"taxonomy":"post_tag","embeddable":true,"href":"https:\/\/sid.uncu.edu.ar\/wp\/wp-json\/wp\/v2\/tags?post=7891"}],"curies":[{"name":"wp","href":"https:\/\/api.w.org\/{rel}","templated":true}]}}