{"id":7758,"date":"2014-10-19T17:49:52","date_gmt":"2014-10-20T02:49:52","guid":{"rendered":"http:\/\/sid.uncu.edu.ar\/sid\/?p=7758"},"modified":"2014-10-29T07:23:24","modified_gmt":"2014-10-29T16:23:24","slug":"comienza-en-la-uncuyo-la-semana-internacional-del-acceso-abierto","status":"publish","type":"post","link":"https:\/\/sid.uncu.edu.ar\/wp\/2014\/10\/comienza-en-la-uncuyo-la-semana-internacional-del-acceso-abierto\/","title":{"rendered":"Comienza en la UNCUYO la Semana Internacional del Acceso Abierto"},"content":{"rendered":"<p><img loading=\"lazy\" decoding=\"async\" class=\"alignleft size-medium wp-image-7759\" alt=\"nota-sid\" src=\"http:\/\/sid.uncu.edu.ar\/sid\/wp-content\/uploads\/2014\/10\/nota-sid-400x254.jpg\" width=\"350\" height=\"222\" srcset=\"https:\/\/sid.uncu.edu.ar\/wp\/wp-content\/uploads\/2014\/10\/nota-sid-400x254.jpg 400w, https:\/\/sid.uncu.edu.ar\/wp\/wp-content\/uploads\/2014\/10\/nota-sid.jpg 424w\" sizes=\"auto, (max-width: 350px) 100vw, 350px\" \/>La semana comprendida entre el 20 y el 26 de octubre contempla actividades en todo el mundo para difundir los principios de este paradigma de circulaci\u00f3n libre del conocimiento academico. En la UNCUYO est\u00e1n proyectadas 2 jornadas virtuales, una charla presencial y actividades via web para la difusi\u00f3n en los espacios de investigadores, docentes y alumnos para la publicaci\u00f3n.<\/p>\n<p><!--more--><\/p>\n<p>Comienza la <a href=\"http:\/\/www.openaccessweek.org\/\">Semana Internacional del Acceso Abierto (Open Access Week),<\/a> una oportunidad para que la comunidad acad\u00e9mica y cient\u00edfica sigan aprendiendo sobre los beneficios del Acceso Abierto, para compartir los aprendido con sus colegas, para que bibliotecarios y editores ayudemos a inspirar una mayor participaci\u00f3n para contribuir con el acceso abierto y que se convierta en una nueva norma para la comunicaci\u00f3n acad\u00e9mico-cient\u00edfica.<\/p>\n<p>Desde el Sistema Integrado de Documentaci\u00f3n, las Bibliotecas de la UNCUYO, y el equipo de la Biblioteca Digital los invitamos a participar de diversas actividades para esta semana.<\/p>\n<h2>Actividades en la UNCUYO<\/h2>\n<p><strong>Martes 21 de OCT &#8211; 9.30 a 14hs Cilindros del CICUNC<\/strong><br \/>\nJornada Argentino Brasile\u00f1a &#8211;\u00a0En teleconferencia desde Porto Alegre<br \/>\n<em><strong>\u00abAcceso Abierto y Derechos de Autor\u00bb<\/strong><\/em><\/p>\n<p><strong>Jueves 23 de OCT\u00a0&#8211; 9.30 a 14hs Cilindros del CICUNC<\/strong><br \/>\nPresentaci\u00f3n a cargo del equipo del SID \/ Biblioteca Digital<br \/>\n<em><strong>\u00abPublicar en Acceso Abierto en la UNCUYO<\/strong>\u00ab<\/em><br \/>\n+<br \/>\nEn teleconferencia desde Buenos Aires &#8211; Organizada por la\u00a0<span style=\"font-family: Verdana,sans-serif;\"><span style=\"font-size: small;\">OPS\/OMS y el CAICYT\/CONICET<\/span><\/span><br \/>\n<strong>\u00abJornada virtual de Acceso Abierto Argentino y latinoamericano\u00bb <\/strong><\/p>\n<p>Adem\u00e1s durante toda la semana publicaremos libros y\u00a0documentos especiales en la Biblioteca Digital\u00a0y difundiremos informaci\u00f3n sobre el <strong>Acceso Abierto <\/strong>en diferentes espacios y medios de comunicaci\u00f3n.<\/p>\n<p>M\u00e1s informaci\u00f3n en :<br \/>\n<strong><a href=\"http:\/\/bdigital.uncu.edu.ar\/accesoabierto\" target=\"_blank\">http:\/\/bdigital.uncu.edu.ar\/<wbr \/>accesoabierto<\/a><br \/>\n<a href=\"http:\/\/www.openaccessweek.org\" target=\"_blank\">www.openaccessweek.org<\/a><\/strong><\/p>\n<h2>Redefiniendo el impacto de la ciencia<\/h2>\n<p>El lema\u00a0 <strong>\u00abRedefiniendo el impacto\u00bb<\/strong> hace alusi\u00f3n al quiebre de paradigma que representa la implementaci\u00f3n de pol\u00edticas de Acceso Abierto en la publicaci\u00f3n de la ciencia en una instituci\u00f3n: se pretende desplazar el foco de atenci\u00f3n de las revistas de \u00abalto impacto\u00bb -de acceso pago, gestionadas por empresas multinacionales que obtienen grandes r\u00e9ditos por la publicaci\u00f3n de miles de papers producidos en instituciones financiadas por fondos p\u00fablicos- hacia un nuevo universo de repositorios institucionales en Acceso Abierto, donde el valor se centre en la calidad del documento y no en el prestigio de la publicaci\u00f3n.<\/p>\n","protected":false},"excerpt":{"rendered":"<p>La semana comprendida entre el 20 y el 26 de octubre contempla actividades en todo el mundo para difundir los<\/p>\n<div class=\"read-more\"><a class=\"btn button-secondary\" href=\"https:\/\/sid.uncu.edu.ar\/wp\/2014\/10\/comienza-en-la-uncuyo-la-semana-internacional-del-acceso-abierto\/\">Leer m\u00e1s<\/a><\/div>\n","protected":false},"author":11,"featured_media":0,"comment_status":"closed","ping_status":"closed","sticky":false,"template":"","format":"standard","meta":{"_acf_changed":false,"bgseo_title":"","bgseo_description":"","bgseo_robots_index":"","bgseo_robots_follow":"","footnotes":""},"categories":[3],"tags":[18],"class_list":["post-7758","post","type-post","status-publish","format-standard","hentry","category-noticias","tag-acceso-abierto"],"acf":[],"jetpack_featured_media_url":"","jetpack_sharing_enabled":true,"jetpack_likes_enabled":true,"_links":{"self":[{"href":"https:\/\/sid.uncu.edu.ar\/wp\/wp-json\/wp\/v2\/posts\/7758","targetHints":{"allow":["GET"]}}],"collection":[{"href":"https:\/\/sid.uncu.edu.ar\/wp\/wp-json\/wp\/v2\/posts"}],"about":[{"href":"https:\/\/sid.uncu.edu.ar\/wp\/wp-json\/wp\/v2\/types\/post"}],"author":[{"embeddable":true,"href":"https:\/\/sid.uncu.edu.ar\/wp\/wp-json\/wp\/v2\/users\/11"}],"replies":[{"embeddable":true,"href":"https:\/\/sid.uncu.edu.ar\/wp\/wp-json\/wp\/v2\/comments?post=7758"}],"version-history":[{"count":3,"href":"https:\/\/sid.uncu.edu.ar\/wp\/wp-json\/wp\/v2\/posts\/7758\/revisions"}],"predecessor-version":[{"id":7762,"href":"https:\/\/sid.uncu.edu.ar\/wp\/wp-json\/wp\/v2\/posts\/7758\/revisions\/7762"}],"wp:attachment":[{"href":"https:\/\/sid.uncu.edu.ar\/wp\/wp-json\/wp\/v2\/media?parent=7758"}],"wp:term":[{"taxonomy":"category","embeddable":true,"href":"https:\/\/sid.uncu.edu.ar\/wp\/wp-json\/wp\/v2\/categories?post=7758"},{"taxonomy":"post_tag","embeddable":true,"href":"https:\/\/sid.uncu.edu.ar\/wp\/wp-json\/wp\/v2\/tags?post=7758"}],"curies":[{"name":"wp","href":"https:\/\/api.w.org\/{rel}","templated":true}]}}