{"id":7729,"date":"2014-09-18T05:15:28","date_gmt":"2014-09-18T14:15:28","guid":{"rendered":"http:\/\/sid.uncu.edu.ar\/sid\/?p=7729"},"modified":"2014-09-18T05:15:28","modified_gmt":"2014-09-18T14:15:28","slug":"21-de-septiembre-dia-internacional-de-la-paz-4","status":"publish","type":"post","link":"https:\/\/sid.uncu.edu.ar\/wp\/2014\/09\/21-de-septiembre-dia-internacional-de-la-paz-4\/","title":{"rendered":"21 de septiembre: d\u00eda internacional de la Paz"},"content":{"rendered":"<p><img loading=\"lazy\" decoding=\"async\" class=\"aligncenter size-full wp-image-7730\" alt=\"diapaz\" src=\"http:\/\/sid.uncu.edu.ar\/sid\/wp-content\/uploads\/2014\/09\/diapaz.jpg\" width=\"300\" height=\"250\" \/><\/p>\n<p><span style=\"color: #0000ff;\"><strong>Cultura de Paz<\/strong><\/span><\/p>\n<p><span style=\"color: #3366ff;\">La Cultura de Paz es el conjunto de valores, actitudes y comportamientos que reflejan el respeto de la vida, de la persona humana y de su dignidad, de todos los derechos humanos; el rechazo de la violencia en todas sus formas y la adhesi\u00f3n a los principios de democracia, libertad, justicia, solidaridad, cooperaci\u00f3n, pluralismo y tolerancia, as\u00ed como la comprensi\u00f3n tanto entre los pueblos como entre los grupos y las personas sin importar sexo, etnia, religi\u00f3n, nacionalidad o cultura.<\/span><\/p>\n<p><span style=\"color: #3366ff;\">\u00a0 \u00a0 \u00a0 \u00a0 \u00a0 En la construcci\u00f3n de una cultura de paz es de gran importancia prevenir los conflictos atacando sus causas mediante el di\u00e1logo y la negociaci\u00f3n; reconocer la igualdad de derechos y oportunidades entre hombres y mujeres; as\u00ed como la libertad de expresi\u00f3n, opini\u00f3n e informaci\u00f3n.<\/span><\/p>\n<p><span style=\"color: #3366ff;\">\u00a0 \u00a0 \u00a0 Para que nosotros mismos y las generaciones venideras podamos cosechar los frutos de esta Cultura de Paz, debemos actuar desde ahora. Es preciso:<\/span><\/p>\n<p><span style=\"color: #3366ff;\">\u00a0&#8211; Fomentar la educaci\u00f3n para la paz, los derechos humanos y la democracia, la tolerancia, y la comprensi\u00f3n internacional;<\/span><\/p>\n<p><span style=\"color: #3366ff;\">\u00a0&#8211; Proteger y respetar todos los derechos humanos, sin excepci\u00f3n alguna, y luchar contra toda forma de discriminaci\u00f3n;<\/span><\/p>\n<p><span style=\"color: #3366ff;\">\u00a0&#8211; Promover los principios democr\u00e1ticos en todos los \u00e1mbitos de la sociedad;<\/span><\/p>\n<p><span style=\"color: #3366ff;\">\u00a0&#8211; Vivir la tolerancia y la solidaridad;<\/span><\/p>\n<p><span style=\"color: #3366ff;\">\u00a0&#8211; Luchar contra la pobreza y lograr un desarrollo sostenible en provecho de todos, capaz de proporcionar a cada persona un marco de vida acorde con la noci\u00f3n de dignidad humana;<\/span><\/p>\n<p><span style=\"color: #3366ff;\">\u00a0&#8211; Proteger y respetar nuestro medio ambiente.<\/span><\/p>\n","protected":false},"excerpt":{"rendered":"<p>Cultura de Paz La Cultura de Paz es el conjunto de valores, actitudes y comportamientos que reflejan el respeto de<\/p>\n<div class=\"read-more\"><a class=\"btn button-secondary\" href=\"https:\/\/sid.uncu.edu.ar\/wp\/2014\/09\/21-de-septiembre-dia-internacional-de-la-paz-4\/\">Leer m\u00e1s<\/a><\/div>\n","protected":false},"author":11,"featured_media":0,"comment_status":"closed","ping_status":"closed","sticky":false,"template":"","format":"standard","meta":{"_acf_changed":false,"bgseo_title":"","bgseo_description":"","bgseo_robots_index":"","bgseo_robots_follow":"","footnotes":""},"categories":[9],"tags":[],"class_list":["post-7729","post","type-post","status-publish","format-standard","hentry","category-efemerides"],"acf":[],"jetpack_featured_media_url":"","jetpack_sharing_enabled":true,"jetpack_likes_enabled":true,"_links":{"self":[{"href":"https:\/\/sid.uncu.edu.ar\/wp\/wp-json\/wp\/v2\/posts\/7729","targetHints":{"allow":["GET"]}}],"collection":[{"href":"https:\/\/sid.uncu.edu.ar\/wp\/wp-json\/wp\/v2\/posts"}],"about":[{"href":"https:\/\/sid.uncu.edu.ar\/wp\/wp-json\/wp\/v2\/types\/post"}],"author":[{"embeddable":true,"href":"https:\/\/sid.uncu.edu.ar\/wp\/wp-json\/wp\/v2\/users\/11"}],"replies":[{"embeddable":true,"href":"https:\/\/sid.uncu.edu.ar\/wp\/wp-json\/wp\/v2\/comments?post=7729"}],"version-history":[{"count":1,"href":"https:\/\/sid.uncu.edu.ar\/wp\/wp-json\/wp\/v2\/posts\/7729\/revisions"}],"predecessor-version":[{"id":7732,"href":"https:\/\/sid.uncu.edu.ar\/wp\/wp-json\/wp\/v2\/posts\/7729\/revisions\/7732"}],"wp:attachment":[{"href":"https:\/\/sid.uncu.edu.ar\/wp\/wp-json\/wp\/v2\/media?parent=7729"}],"wp:term":[{"taxonomy":"category","embeddable":true,"href":"https:\/\/sid.uncu.edu.ar\/wp\/wp-json\/wp\/v2\/categories?post=7729"},{"taxonomy":"post_tag","embeddable":true,"href":"https:\/\/sid.uncu.edu.ar\/wp\/wp-json\/wp\/v2\/tags?post=7729"}],"curies":[{"name":"wp","href":"https:\/\/api.w.org\/{rel}","templated":true}]}}