{"id":7589,"date":"2014-05-08T07:36:33","date_gmt":"2014-05-08T16:36:33","guid":{"rendered":"http:\/\/sid.uncu.edu.ar\/sid\/?p=7589"},"modified":"2014-06-16T07:05:35","modified_gmt":"2014-06-16T16:05:35","slug":"inician-los-cursos-de-capacitacion-para-el-voluntariado-de-lectura-del-servac","status":"publish","type":"post","link":"https:\/\/sid.uncu.edu.ar\/wp\/2014\/05\/inician-los-cursos-de-capacitacion-para-el-voluntariado-de-lectura-del-servac\/","title":{"rendered":"Inician los cursos de capacitaci\u00f3n para el Voluntariado de lectura del SERVAC"},"content":{"rendered":"<p><img loading=\"lazy\" decoding=\"async\" class=\"size-medium wp-image-7591 alignleft\" alt=\"voluntaria\" src=\"http:\/\/sid.uncu.edu.ar\/sid\/wp-content\/uploads\/2014\/05\/voluntaria-335x400.jpg\" width=\"192\" height=\"230\" srcset=\"https:\/\/sid.uncu.edu.ar\/wp\/wp-content\/uploads\/2014\/05\/voluntaria-335x400.jpg 335w, https:\/\/sid.uncu.edu.ar\/wp\/wp-content\/uploads\/2014\/05\/voluntaria.jpg 475w\" sizes=\"auto, (max-width: 192px) 100vw, 192px\" \/>Comienza un nuevo ciclo de capacitaci\u00f3n de voluntarios en la grabaci\u00f3n de audiolibros para personas con problemas de visi\u00f3n en el marco del programa \u00abVoluntariado de lectura\u00bb de los Servicios Accesibles SERVAC de la Biblioteca Central del SID.<\/p>\n<p>El curso se realiza todos los mi\u00e9rcoles de mayo. <strong>M\u00e1s info aqu\u00ed.<\/strong><!--more--><\/p>\n<p>El curso consiste en solo una jornada de capacitaci\u00f3n y luego se coordinan horarios para realizar la grabaci\u00f3n, con asistencia de personal del SERVAC.<\/p>\n<p>El Servac es una Biblioteca para Personas con Discapacidad que funciona en Biblioteca Central de la Universidad Nacional de Cuyo con servicios abiertos a todo p\u00fablico de la Provincia<\/p>\n<h2>CURSO- TE\u00d3RICO PR\u00c1CTICO &#8211; VOLUNTARIADO DE LECTURA SERVAC<\/h2>\n<p><strong>OBJETIVO<\/strong><\/p>\n<p>Formar una BIBLIOTECA PARLANTE para NI\u00d1OS, ADOLESCENTES Y J\u00d3VENES CON DISCAPACIDAD VISUAL (u otras discapacidades) puedan contar con LIBROS EN BRAILLE o SONOROS que compartamos con BIBLIOTECAS Y COLEGIOS DE TODA LA PROVINCIA.<\/p>\n<p><strong>\u00bfQU\u00c9 TE ENSE\u00d1AMOS?<\/strong><\/p>\n<p>&#8211; Digitalizaci\u00f3n de textos (uso de esc\u00e1ner y compilaci\u00f3n de textos)<br \/>\n&#8211; Grabaci\u00f3n de documentos: en PC y grabador<\/p>\n<p><strong>Todos los mi\u00e9rcoles de Mayo de 2014<\/strong><br \/>\nTurno Ma\u00f1ana 9 A 12 Hs<br \/>\nTurno Tarde: 14 A 17 Hs<\/p>\n<p>Se opta solo por UN d\u00eda y horario de cursado. CUPOS LIMITADOS<\/p>\n<p><strong>LUGAR: Biblioteca Central UNCuyo<\/strong><\/p>\n<p><strong>Curso gratuito.\u00a0<\/strong> Se otorgar\u00e1 certificado de capacitaci\u00f3n.<\/p>\n<p><strong>Inscripciones:<\/strong><\/p>\n<p>sid_servac@uncu.edu.ar<br \/>\nTel. 0261-\u00a0 4135203\u00a0 \/ 0261-\u00a0 4135216 (lunes a viernes de 8 a 17 hs.)<br \/>\nO en la Biblioteca Central<\/p>\n<p>&nbsp;<\/p>\n","protected":false},"excerpt":{"rendered":"<p>Comienza un nuevo ciclo de capacitaci\u00f3n de voluntarios en la grabaci\u00f3n de audiolibros para personas con problemas de visi\u00f3n en<\/p>\n<div class=\"read-more\"><a class=\"btn button-secondary\" href=\"https:\/\/sid.uncu.edu.ar\/wp\/2014\/05\/inician-los-cursos-de-capacitacion-para-el-voluntariado-de-lectura-del-servac\/\">Leer m\u00e1s<\/a><\/div>\n","protected":false},"author":11,"featured_media":0,"comment_status":"closed","ping_status":"closed","sticky":false,"template":"","format":"standard","meta":{"_acf_changed":false,"bgseo_title":"","bgseo_description":"","bgseo_robots_index":"","bgseo_robots_follow":"","footnotes":""},"categories":[1],"tags":[],"class_list":["post-7589","post","type-post","status-publish","format-standard","hentry","category-sin-categoria"],"acf":[],"jetpack_featured_media_url":"","jetpack_sharing_enabled":true,"jetpack_likes_enabled":true,"_links":{"self":[{"href":"https:\/\/sid.uncu.edu.ar\/wp\/wp-json\/wp\/v2\/posts\/7589","targetHints":{"allow":["GET"]}}],"collection":[{"href":"https:\/\/sid.uncu.edu.ar\/wp\/wp-json\/wp\/v2\/posts"}],"about":[{"href":"https:\/\/sid.uncu.edu.ar\/wp\/wp-json\/wp\/v2\/types\/post"}],"author":[{"embeddable":true,"href":"https:\/\/sid.uncu.edu.ar\/wp\/wp-json\/wp\/v2\/users\/11"}],"replies":[{"embeddable":true,"href":"https:\/\/sid.uncu.edu.ar\/wp\/wp-json\/wp\/v2\/comments?post=7589"}],"version-history":[{"count":5,"href":"https:\/\/sid.uncu.edu.ar\/wp\/wp-json\/wp\/v2\/posts\/7589\/revisions"}],"predecessor-version":[{"id":7599,"href":"https:\/\/sid.uncu.edu.ar\/wp\/wp-json\/wp\/v2\/posts\/7589\/revisions\/7599"}],"wp:attachment":[{"href":"https:\/\/sid.uncu.edu.ar\/wp\/wp-json\/wp\/v2\/media?parent=7589"}],"wp:term":[{"taxonomy":"category","embeddable":true,"href":"https:\/\/sid.uncu.edu.ar\/wp\/wp-json\/wp\/v2\/categories?post=7589"},{"taxonomy":"post_tag","embeddable":true,"href":"https:\/\/sid.uncu.edu.ar\/wp\/wp-json\/wp\/v2\/tags?post=7589"}],"curies":[{"name":"wp","href":"https:\/\/api.w.org\/{rel}","templated":true}]}}