{"id":7407,"date":"2013-12-11T04:32:17","date_gmt":"2013-12-11T14:32:17","guid":{"rendered":"http:\/\/sid.uncu.edu.ar\/sid\/?p=7407"},"modified":"2013-12-16T08:26:00","modified_gmt":"2013-12-16T18:26:00","slug":"1-entrega-de-audiolibros-del-voluntariado-de-lectura-del-servac-2","status":"publish","type":"post","link":"https:\/\/sid.uncu.edu.ar\/wp\/2013\/12\/1-entrega-de-audiolibros-del-voluntariado-de-lectura-del-servac-2\/","title":{"rendered":"1\u00b0 Entrega de audiolibros del Voluntariado de Lectura del SERVAC"},"content":{"rendered":"<p><a href=\"http:\/\/sid.uncu.edu.ar\/sid\/2013\/12\/1-entrega-de-audiolibros-del-voluntariado-de-lectura-del-servac-2\/\"><img loading=\"lazy\" decoding=\"async\" class=\"alignleft  wp-image-7413\" title=\"Audiolibros\" src=\"http:\/\/sid.uncu.edu.ar\/sid\/wp-content\/uploads\/2013\/12\/logo-nota1.jpg\" alt=\"\" width=\"269\" height=\"135\" \/><\/a>El jueves 12 de diciembre a las 9.30hs se realizar\u00e1 el cierre de actividades anuales de articulaci\u00f3n y extensi\u00f3n del \u00e1rea de Servicios Accesibles del SID. Se entregar\u00e1 a distintas instituciones educativas de la provincia una <strong>compilaci\u00f3n de audiolibros realizados en los a\u00f1os 2012 y 2013 que son fruto del programa de Voluntariado de lectura coordinado por el Servac<\/strong>. Contaremos con visitas destacadas, n\u00fameros art\u00edsticos y exposici\u00f3n de experiencias.<\/p>\n<p><!--more--><\/p>\n<p>Invitamos cordialmente a participar del cierre de actividades anuales de articulaci\u00f3n y extensi\u00f3n del \u00e1rea de Servicios Accesibles del SID. Se entregar\u00e1 a distintas instituciones educativas de la provincia una compilaci\u00f3n de audiolibros realizados en los a\u00f1os 2012 y 2013 que son fruto del programa de Voluntariado de lectura coordinado por el Servac . Contaremos con n\u00fameros art\u00edsticos y exposici\u00f3n de experiencias.<\/p>\n<p>El d\u00eda jueves 12 de diciembre se realizar\u00e1 en la Biblioteca Central \u201cDr. Arturo Andr\u00e9s Roig\u201d, del Sistema Integrado de Documentaci\u00f3n de la UNCuyo, el cierre de actividades anuales de articulaci\u00f3n y extensi\u00f3n de Servac, Servicios Accesibles de biblioteca para personas con discapacidad.<\/p>\n<p>Se invita a usted a recibir la colecci\u00f3n recopilada en 3DVD de audiolibros y participar del acto de cierre de actividades.<\/p>\n<p>Gracias a la participaci\u00f3n del Servac en proyectos de Secretar\u00eda Acad\u00e9mica desde 2011 a la actualidad, avalados por el Programa de Inclusi\u00f3n e Igualdad de Oportunidades, se logr\u00f3 ejecutar acciones tendientes a socializar la tem\u00e1tica de la discapacidad, capacitar a bibliotecarios de la Universidad y de distintos Departamentos de la Provincia (San Rafael, Rivadavia, Jun\u00edn, Las Heras, Godoy Cruz), formar voluntariados de lectura y proveer de bibliograf\u00eda en formatos aptos para personas con discapacidad en \u00e1mbitos educativos y Bibliotecas escolares, p\u00fablicas, populares y universitarias.\u00a0 Se procura que bibliotecas de distinto tipos y en distintas zonas puedan redise\u00f1ar o crear servicios accesibles\u00a0 que incluyan la atenci\u00f3n de personas con discapacidad como otra poblaci\u00f3n vulnerable en el acceso a la informaci\u00f3n (analfabetos, ancianos, personas recluidas, etc) propiciando as\u00ed el acceso equitativo e igualitario a la cultura y la inclusi\u00f3n social plena.<\/p>\n<p>Los resultados logrados son alentadores y es menester dar continuidad a acciones que permitan trabajar en pro de reducir la brecha informacional y digital, asegurar el ejercicio de los derechos de las personas con discapacidad a acceder a la informaci\u00f3n y la educaci\u00f3n, equiparar oportunidades desde distintas bibliotecas y \u00e1mbitos culturales que ofrezcan servicios, colecciones accesibles en diversos formatos (sonoros, relieve, braille) y se incluyan programas de promoci\u00f3n de la lectura y actividades de extensi\u00f3n hacia esta poblaci\u00f3n vulnerable.<\/p>\n<p>Con esta primera entrega de audiolibros queremos compartirles obras de recreaci\u00f3n y lectura general a otras bibliotecas, propender a que las mismas logren la autogesti\u00f3n, preservaci\u00f3n y producci\u00f3n de documentos adaptados en especial en formatos digitales (textos electr\u00f3nicos y sonoros); se procure el intercambio y pr\u00e9stamo interbibliotecario y se abran ofertas de atenci\u00f3n personalizada y otros servicios hacia usuarios discapacitados desde distintos Departamentos de la Provincia.<\/p>\n<p>Las actividades de capacitaci\u00f3n las realiz\u00f3 el equipo de trabajo de Servac, dividiendo las instancias en tres: capacitaci\u00f3n a bibliotecarios, capacitaci\u00f3n de docentes coordinadores de acciones y capacitaci\u00f3n a estudiantes en metodolog\u00edas de lectura y grabaci\u00f3n sonora para la producci\u00f3n de audiolibros.<\/p>\n<p>En cuanto al material: se logr\u00f3 reunir en esta recopilaci\u00f3n -inserta en 3 DVD- un total de 186 audiolibros que contienen: literatura infantil, literatura juvenil y literatura para adultos. Se prev\u00e9 para 2014 acrecentar esta colecci\u00f3n y superar ampliamente el n\u00famero de obras, ya que las que se lograron este a\u00f1o est\u00e1n en proceso de edici\u00f3n para sumarse a las ya realizadas.<\/p>\n<p>En la oportunidad se realizar\u00e1n breves presentaciones de las experiencias desarrolladas con las instituciones educativas con las cuales se ha articulado, se har\u00e1 entrega de los audiolibros y \u00a0certificados a los participantes. Para finalizar se ha previsto un break y con cierre musical.<\/p>\n","protected":false},"excerpt":{"rendered":"<p>El jueves 12 de diciembre a las 9.30hs se realizar\u00e1 el cierre de actividades anuales de articulaci\u00f3n y extensi\u00f3n del<\/p>\n<div class=\"read-more\"><a class=\"btn button-secondary\" href=\"https:\/\/sid.uncu.edu.ar\/wp\/2013\/12\/1-entrega-de-audiolibros-del-voluntariado-de-lectura-del-servac-2\/\">Leer m\u00e1s<\/a><\/div>\n","protected":false},"author":11,"featured_media":0,"comment_status":"closed","ping_status":"closed","sticky":false,"template":"","format":"standard","meta":{"_acf_changed":false,"bgseo_title":"","bgseo_description":"","bgseo_robots_index":"","bgseo_robots_follow":"","footnotes":""},"categories":[3],"tags":[40],"class_list":["post-7407","post","type-post","status-publish","format-standard","hentry","category-noticias","tag-servicios-accesibles"],"acf":[],"jetpack_featured_media_url":"","jetpack_sharing_enabled":true,"jetpack_likes_enabled":true,"_links":{"self":[{"href":"https:\/\/sid.uncu.edu.ar\/wp\/wp-json\/wp\/v2\/posts\/7407","targetHints":{"allow":["GET"]}}],"collection":[{"href":"https:\/\/sid.uncu.edu.ar\/wp\/wp-json\/wp\/v2\/posts"}],"about":[{"href":"https:\/\/sid.uncu.edu.ar\/wp\/wp-json\/wp\/v2\/types\/post"}],"author":[{"embeddable":true,"href":"https:\/\/sid.uncu.edu.ar\/wp\/wp-json\/wp\/v2\/users\/11"}],"replies":[{"embeddable":true,"href":"https:\/\/sid.uncu.edu.ar\/wp\/wp-json\/wp\/v2\/comments?post=7407"}],"version-history":[{"count":9,"href":"https:\/\/sid.uncu.edu.ar\/wp\/wp-json\/wp\/v2\/posts\/7407\/revisions"}],"predecessor-version":[{"id":7410,"href":"https:\/\/sid.uncu.edu.ar\/wp\/wp-json\/wp\/v2\/posts\/7407\/revisions\/7410"}],"wp:attachment":[{"href":"https:\/\/sid.uncu.edu.ar\/wp\/wp-json\/wp\/v2\/media?parent=7407"}],"wp:term":[{"taxonomy":"category","embeddable":true,"href":"https:\/\/sid.uncu.edu.ar\/wp\/wp-json\/wp\/v2\/categories?post=7407"},{"taxonomy":"post_tag","embeddable":true,"href":"https:\/\/sid.uncu.edu.ar\/wp\/wp-json\/wp\/v2\/tags?post=7407"}],"curies":[{"name":"wp","href":"https:\/\/api.w.org\/{rel}","templated":true}]}}