{"id":7400,"date":"2013-12-06T03:47:52","date_gmt":"2013-12-06T13:47:52","guid":{"rendered":"http:\/\/sid.uncu.edu.ar\/sid\/?p=7400"},"modified":"2013-12-06T03:47:52","modified_gmt":"2013-12-06T13:47:52","slug":"10-de-diciembre-dia-de-los-derechos-humanos-2","status":"publish","type":"post","link":"https:\/\/sid.uncu.edu.ar\/wp\/2013\/12\/10-de-diciembre-dia-de-los-derechos-humanos-2\/","title":{"rendered":"10 de diciembre: d\u00eda de los Derechos Humanos"},"content":{"rendered":"<p style=\"text-align: center;\">\u00a0\u00a0\u00a0\u00a0\u00a0\u00a0\u00a0\u00a0\u00a0\u00a0\u00a0\u00a0\u00a0\u00a0<img loading=\"lazy\" decoding=\"async\" class=\"alignnone size-full wp-image-7401\" title=\"manopaloma\" src=\"http:\/\/sid.uncu.edu.ar\/sid\/wp-content\/uploads\/2013\/12\/manopaloma.jpg\" alt=\"\" width=\"178\" height=\"185\" \/><\/p>\n<p>&nbsp;<\/p>\n<p>La Asamblea General de las Naciones Unidas proclam\u00f3 el 10 de diciembre como D\u00eda de los Derechos Humanos en 1950, para se\u00f1alar a la atenci\u00f3n de \u00ablos pueblos del mundo\u00bb la Declaraci\u00f3n Universal de Derechos Humanos como ideal com\u00fan de todos los pueblos y todas las naciones.<\/p>\n<p>El D\u00eda de los Derechos Humanos de 2013 cobra una importancia especial en este a\u00f1o en el cual se cumple el <a href=\"http:\/\/at20.ohchr.org\/\">20\u00ba aniversario<\/a> del establecimiento del mandato del Alto Comisionado para los Derechos Humanos.<\/p>\n<p>La Asamblea General de las Naciones Unidas estableci\u00f3 el mandato del Alto Comisionado para la promoci\u00f3n y la protecci\u00f3n de todos los derechos humanos en diciembre de 1993, actuando a ra\u00edz de una recomendaci\u00f3n de los delegados presentes en la Conferencia Mundial de Derechos Humanos celebrara en Viena ese mismo a\u00f1o. La <em>Declaraci\u00f3n y Programa de Acci\u00f3n de Viena<\/em>, aprobada por la Conferencia Mundial, marc\u00f3 el comienzo de un esfuerzo renovado de protecci\u00f3n y promoci\u00f3n de los derechos humanos y se considera uno de los documentos de derechos humanos m\u00e1s significativos de los \u00faltimos 25 a\u00f1os.<\/p>\n","protected":false},"excerpt":{"rendered":"<p>\u00a0\u00a0\u00a0\u00a0\u00a0\u00a0\u00a0\u00a0\u00a0\u00a0\u00a0\u00a0\u00a0\u00a0 &nbsp; La Asamblea General de las Naciones Unidas proclam\u00f3 el 10 de diciembre como D\u00eda de los Derechos Humanos<\/p>\n<div class=\"read-more\"><a class=\"btn button-secondary\" href=\"https:\/\/sid.uncu.edu.ar\/wp\/2013\/12\/10-de-diciembre-dia-de-los-derechos-humanos-2\/\">Leer m\u00e1s<\/a><\/div>\n","protected":false},"author":11,"featured_media":0,"comment_status":"closed","ping_status":"closed","sticky":false,"template":"","format":"standard","meta":{"_acf_changed":false,"bgseo_title":"","bgseo_description":"","bgseo_robots_index":"","bgseo_robots_follow":"","footnotes":""},"categories":[9],"tags":[],"class_list":["post-7400","post","type-post","status-publish","format-standard","hentry","category-efemerides"],"acf":[],"jetpack_featured_media_url":"","jetpack_sharing_enabled":true,"jetpack_likes_enabled":true,"_links":{"self":[{"href":"https:\/\/sid.uncu.edu.ar\/wp\/wp-json\/wp\/v2\/posts\/7400","targetHints":{"allow":["GET"]}}],"collection":[{"href":"https:\/\/sid.uncu.edu.ar\/wp\/wp-json\/wp\/v2\/posts"}],"about":[{"href":"https:\/\/sid.uncu.edu.ar\/wp\/wp-json\/wp\/v2\/types\/post"}],"author":[{"embeddable":true,"href":"https:\/\/sid.uncu.edu.ar\/wp\/wp-json\/wp\/v2\/users\/11"}],"replies":[{"embeddable":true,"href":"https:\/\/sid.uncu.edu.ar\/wp\/wp-json\/wp\/v2\/comments?post=7400"}],"version-history":[{"count":1,"href":"https:\/\/sid.uncu.edu.ar\/wp\/wp-json\/wp\/v2\/posts\/7400\/revisions"}],"predecessor-version":[{"id":7402,"href":"https:\/\/sid.uncu.edu.ar\/wp\/wp-json\/wp\/v2\/posts\/7400\/revisions\/7402"}],"wp:attachment":[{"href":"https:\/\/sid.uncu.edu.ar\/wp\/wp-json\/wp\/v2\/media?parent=7400"}],"wp:term":[{"taxonomy":"category","embeddable":true,"href":"https:\/\/sid.uncu.edu.ar\/wp\/wp-json\/wp\/v2\/categories?post=7400"},{"taxonomy":"post_tag","embeddable":true,"href":"https:\/\/sid.uncu.edu.ar\/wp\/wp-json\/wp\/v2\/tags?post=7400"}],"curies":[{"name":"wp","href":"https:\/\/api.w.org\/{rel}","templated":true}]}}