{"id":7311,"date":"2013-11-19T03:44:37","date_gmt":"2013-11-19T13:44:37","guid":{"rendered":"http:\/\/sid.uncu.edu.ar\/sid\/?p=7311"},"modified":"2013-11-19T04:09:22","modified_gmt":"2013-11-19T14:09:22","slug":"se-abre-concurso-para-ocupar-2-cargos-en-el-sid","status":"publish","type":"post","link":"https:\/\/sid.uncu.edu.ar\/wp\/2013\/11\/se-abre-concurso-para-ocupar-2-cargos-en-el-sid\/","title":{"rendered":"Se abre concurso para ocupar 2 cargos en el SID"},"content":{"rendered":"<p>Se llama a concurso para ocupar:<\/p>\n<p>1 cargo en <strong>concurso cerrado<\/strong> de antecedentes y prueba de oposici\u00f3n para una<strong> categor\u00eda 5<\/strong>,\u00a0 para cubrir un cargo de forma efectiva en el Agrupamiento T\u00e9cnico profesional del Convenio Colectivo de Trabajo para el sector no docente de las Instituciones Universitarias Nacionales, para desempe\u00f1ar funciones como auxiliar bibliotecario en el departamento de Gesti\u00f3n de documentos en soporte t\u00e9cnico en el Sistema Integrado de Documentaci\u00f3n de la Secretar\u00eda Acad\u00e9mica del Rectorado.<\/p>\n<p><a>Consultar la resoluci\u00f3n en el digesto del Rectorado:<br \/>\nhttp:\/\/rectorado.uncu.edu.ar\/documentos\/digesto\/2013\/11\/R_RE_3901_2013.pdf<\/a><\/p>\n<p>1 cargo en <strong>concurso abierto<\/strong> de antecedentes y prueba de oposici\u00f3n para una <strong>categor\u00eda 7<\/strong>, para cubrir un cargo de forma efectiva en el Agrupamiento T\u00e9cnico profesional del Convenio Colectivo de Trabajo para el sector no docente de las Instituciones Universitarias Nacionales, para desempe\u00f1ar funciones como auxiliar bibliotecario en el departamento de Gesti\u00f3n de documentos en soporte t\u00e9cnico en el Sistema Integrado de Documentaci\u00f3n de la Secretar\u00eda Acad\u00e9mica del Rectorado.<\/p>\n<p><a>Consultar la resoluci\u00f3n <\/a>en el digesto del Rectorado:<br \/>\n<a href=\"http:\/\/rectorado.uncu.edu.ar\/documentos\/digesto\/2013\/11\/R_RE_3901_2013.pdf\">http:\/\/rectorado.uncu.edu.ar\/documentos\/digesto\/2013\/11\/R_RE_3900_2013.pdf<\/a><\/p>\n<p>Plazos y lugar de inscripci\u00f3n:<strong> 3,4,5,6 y 9 de diciembre de 2013<\/strong>, en Mesa de entrada del rectorado de la UNCuyo, de 8.30 a 12.30 y de 15.30 a 17.30<\/p>\n<p>&nbsp;<\/p>\n","protected":false},"excerpt":{"rendered":"<p>Se llama a concurso para ocupar: 1 cargo en concurso cerrado de antecedentes y prueba de oposici\u00f3n para una categor\u00eda<\/p>\n<div class=\"read-more\"><a class=\"btn button-secondary\" href=\"https:\/\/sid.uncu.edu.ar\/wp\/2013\/11\/se-abre-concurso-para-ocupar-2-cargos-en-el-sid\/\">Leer m\u00e1s<\/a><\/div>\n","protected":false},"author":11,"featured_media":0,"comment_status":"closed","ping_status":"closed","sticky":false,"template":"","format":"standard","meta":{"_acf_changed":false,"bgseo_title":"","bgseo_description":"","bgseo_robots_index":"","bgseo_robots_follow":"","footnotes":""},"categories":[3],"tags":[36],"class_list":["post-7311","post","type-post","status-publish","format-standard","hentry","category-noticias","tag-concursos"],"acf":[],"jetpack_featured_media_url":"","jetpack_sharing_enabled":true,"jetpack_likes_enabled":true,"_links":{"self":[{"href":"https:\/\/sid.uncu.edu.ar\/wp\/wp-json\/wp\/v2\/posts\/7311","targetHints":{"allow":["GET"]}}],"collection":[{"href":"https:\/\/sid.uncu.edu.ar\/wp\/wp-json\/wp\/v2\/posts"}],"about":[{"href":"https:\/\/sid.uncu.edu.ar\/wp\/wp-json\/wp\/v2\/types\/post"}],"author":[{"embeddable":true,"href":"https:\/\/sid.uncu.edu.ar\/wp\/wp-json\/wp\/v2\/users\/11"}],"replies":[{"embeddable":true,"href":"https:\/\/sid.uncu.edu.ar\/wp\/wp-json\/wp\/v2\/comments?post=7311"}],"version-history":[{"count":3,"href":"https:\/\/sid.uncu.edu.ar\/wp\/wp-json\/wp\/v2\/posts\/7311\/revisions"}],"predecessor-version":[{"id":7314,"href":"https:\/\/sid.uncu.edu.ar\/wp\/wp-json\/wp\/v2\/posts\/7311\/revisions\/7314"}],"wp:attachment":[{"href":"https:\/\/sid.uncu.edu.ar\/wp\/wp-json\/wp\/v2\/media?parent=7311"}],"wp:term":[{"taxonomy":"category","embeddable":true,"href":"https:\/\/sid.uncu.edu.ar\/wp\/wp-json\/wp\/v2\/categories?post=7311"},{"taxonomy":"post_tag","embeddable":true,"href":"https:\/\/sid.uncu.edu.ar\/wp\/wp-json\/wp\/v2\/tags?post=7311"}],"curies":[{"name":"wp","href":"https:\/\/api.w.org\/{rel}","templated":true}]}}