{"id":7175,"date":"2013-10-31T07:19:03","date_gmt":"2013-10-31T16:19:03","guid":{"rendered":"http:\/\/sid.uncu.edu.ar\/sid\/?p=7175"},"modified":"2013-11-18T03:30:08","modified_gmt":"2013-11-18T13:30:08","slug":"v-encuentro-virtual-de-bibliotecarios-escolares-osde-bnm","status":"publish","type":"post","link":"https:\/\/sid.uncu.edu.ar\/wp\/2013\/10\/v-encuentro-virtual-de-bibliotecarios-escolares-osde-bnm\/","title":{"rendered":"Est\u00e1 abierta la inscripci\u00f3n al V Encuentro Virtual de Bibliotecarios Escolares"},"content":{"rendered":"<p><a href=\"http:\/\/sid.uncu.edu.ar\/sid\/2013\/10\/v-encuentro-virtual-de-bibliotecarios-escolares-osde-bnm\/\"><img loading=\"lazy\" decoding=\"async\" class=\"wp-image-7181 alignnone\" title=\"osde_bnm\" src=\"http:\/\/sid.uncu.edu.ar\/sid\/wp-content\/uploads\/2013\/10\/osde_bnm1.jpg\" alt=\"\" width=\"517\" height=\"117\" srcset=\"https:\/\/sid.uncu.edu.ar\/wp\/wp-content\/uploads\/2013\/10\/osde_bnm1.jpg 688w, https:\/\/sid.uncu.edu.ar\/wp\/wp-content\/uploads\/2013\/10\/osde_bnm1-400x90.jpg 400w, https:\/\/sid.uncu.edu.ar\/wp\/wp-content\/uploads\/2013\/10\/osde_bnm1-550x124.jpg 550w\" sizes=\"auto, (max-width: 517px) 100vw, 517px\" \/><\/a><br \/>\nLa Biblioteca Nacional de Maestros y el Sistema Integrado de Documentaci\u00f3n de la UNCuyo invitan a participar del V Encuentro Virtual de Bibliotecarios Escolares. \u201cBibliotecas escolares e inclusi\u00f3n digital. TIC: sentidos y pr\u00e1cticas educativas desde las bibliotecas\u201d el pr\u00f3ximo 7 de noviembre de 13 a 18 horas por medio del sistema de <strong>videoconferencia en el auditorio de la Fundaci\u00f3n OSDE, Belgrano 827, Ciudad de Mendoza.<!--more--><\/strong><\/p>\n<p><strong>Bibliotecas escolares e inclusi\u00f3n digital. TIC: sentidos y pr\u00e1cticas educativas desde las bibliotecas.<\/strong><\/p>\n<p>La amplia inserci\u00f3n y difusi\u00f3n social de las TIC han modificado los modos de producci\u00f3n y circulaci\u00f3n del saber en distintos \u00e1mbitos. La pr\u00e1ctica educativa, y las bibliotecas escolares en particular, pueden encontrar en el uso de las tecnolog\u00edas de informaci\u00f3n y comunicaci\u00f3n un entorno propicio para expandir su horizonte en la gesti\u00f3n de la informaci\u00f3n, la promoci\u00f3n de la lectura, la investigaci\u00f3n y el trabajo colaborativo.<\/p>\n<p>Pr\u00e1cticas, exploraci\u00f3n y experiencias en la apropiaci\u00f3n y resignificaci\u00f3n de estos recursos y herramientas digitales, tensionan desde la biblioteca los l\u00edmites y usos posibles en la b\u00fasqueda de encuentros y sentidos compartidos en la escuela.<\/p>\n<p><strong>Inscripci\u00f3n<\/strong><\/p>\n<p>Ingrese al<a href=\"http:\/\/www.bnm.me.gov.ar\/inscripciones\/inscripcion.php?e=65\" target=\"_blank\"> formulario electr\u00f3nico<\/a> para inscribirse en la sede de la Fundaci\u00f3n OSDE de su localidad. La asistencia es libre y gratuita, con cupos limitados. Se otogar\u00e1n certificados de asistencia.<\/p>\n<p><strong>Programa <\/strong><\/p>\n<table id=\"horarios\" width=\"100%\" border=\"0\" cellspacing=\"0\">\n<tbody>\n<tr style=\"background-color: #efefef;\">\n<td width=\"83\" height=\"29\">\n<div align=\"center\"><strong>Horario <\/strong><\/div>\n<\/td>\n<td>\n<div align=\"center\"><strong>Actividad<\/strong><\/div>\n<\/td>\n<\/tr>\n<tr style=\"background-color: #fff;\">\n<td height=\"38\">\n<div align=\"center\">13<\/div>\n<\/td>\n<td>\n<div align=\"left\">\n<p>Acreditaci\u00f3n.<\/p>\n<\/div>\n<\/td>\n<\/tr>\n<tr style=\"background-color: #efefef;\">\n<td height=\"45\">\n<div align=\"center\">13 a 14<\/div>\n<\/td>\n<td>\n<div align=\"left\">\n<p><strong>Palabras de apertura, <\/strong>a cargo de Lic. Gabriel Brenner, Subsecretario de Equidad y Calidad Educativa del Ministerio de Educaci\u00f3n de la Naci\u00f3n.<\/p>\n<p><strong>Tensiones y formaci\u00f3n interdisciplinaria del bibliotecario escolar en el Siglo XXI, <\/strong>a cargo de la Lic. Graciela Perrone, Directora de la Biblioteca Nacional de Maestros.<\/p>\n<\/div>\n<\/td>\n<\/tr>\n<tr style=\"background-color: #fff;\">\n<td>\n<div align=\"center\">14 a 15<\/div>\n<\/td>\n<td>\n<div align=\"left\">\n<p><strong>Bibliotecario escolar en el Modelo 1 a 1. Especializaci\u00f3n superior en Educaci\u00f3n y TIC, <\/strong>a cargo de la Prof. Virginia Henry, Lic Romina De Lorenzo; Mgter. Marta Gonz\u00e1lez del Valle, Biblioteca Nacional de Maestros.<\/p>\n<\/div>\n<\/td>\n<\/tr>\n<tr style=\"background-color: #efefef;\">\n<td>\n<div align=\"center\">15 a 15.15<\/div>\n<\/td>\n<td><strong>Receso.<\/strong><\/td>\n<\/tr>\n<tr style=\"background-color: #fff;\">\n<td>\n<div align=\"center\">15.15 a 16<\/div>\n<\/td>\n<td>\n<div align=\"left\">\n<p><strong>Conferencia central: \u201cLecturas y Pr\u00e1cticas Culturales de los j\u00f3venes: nuevos desaf\u00edos para las bibliotecas\u00bb<\/strong>, Mg. Luis Alberto Quevedo.<\/p>\n<\/div>\n<\/td>\n<\/tr>\n<tr style=\"background-color: #efefef;\">\n<td>\n<div align=\"center\">16 a 16.30<\/div>\n<\/td>\n<td>\n<div align=\"left\">\n<p>Espacio de preguntas e intercambio .<\/p>\n<\/div>\n<\/td>\n<\/tr>\n<tr style=\"background-color: #fff;\">\n<td>\n<div align=\"center\">16.30 a 17.30<\/div>\n<\/td>\n<td>\n<div align=\"left\">\n<p><strong>Presentaci\u00f3n de experiencias jurisdiccionales desarrolladas en bibliotecas escolares en torno a la incorporaci\u00f3n de TIC en la pr\u00e1ctica educativa. <\/strong>Transmisi\u00f3n desde distintos puntos del pa\u00eds.<\/p>\n<\/div>\n<\/td>\n<\/tr>\n<tr style=\"background-color: #efefef;\">\n<td>\n<div align=\"center\">17.30 a 18<\/div>\n<\/td>\n<td>\n<div align=\"left\">\n<p><strong>Cierre de la jornada<\/strong>, a cargo de autoridades de la BNM.<\/p>\n<\/div>\n<\/td>\n<\/tr>\n<\/tbody>\n<\/table>\n<p><a href=\"http:\/\/www.bnm.me.gov.ar\/redes_federales\/bera\/encuentros\/nacionales\/2013\/v_virtual\/doc\/programa.pdf\" target=\"_blank\">Versi\u00f3n del Programa disponible para descargar o imprimir<\/a>.<\/p>\n<p>&nbsp;<\/p>\n","protected":false},"excerpt":{"rendered":"<p>La Biblioteca Nacional de Maestros y el Sistema Integrado de Documentaci\u00f3n de la UNCuyo invitan a participar del V Encuentro<\/p>\n<div class=\"read-more\"><a class=\"btn button-secondary\" href=\"https:\/\/sid.uncu.edu.ar\/wp\/2013\/10\/v-encuentro-virtual-de-bibliotecarios-escolares-osde-bnm\/\">Leer m\u00e1s<\/a><\/div>\n","protected":false},"author":11,"featured_media":0,"comment_status":"closed","ping_status":"closed","sticky":false,"template":"","format":"standard","meta":{"_acf_changed":false,"bgseo_title":"","bgseo_description":"","bgseo_robots_index":"","bgseo_robots_follow":"","footnotes":""},"categories":[1],"tags":[],"class_list":["post-7175","post","type-post","status-publish","format-standard","hentry","category-sin-categoria"],"acf":[],"jetpack_featured_media_url":"","jetpack_sharing_enabled":true,"jetpack_likes_enabled":true,"_links":{"self":[{"href":"https:\/\/sid.uncu.edu.ar\/wp\/wp-json\/wp\/v2\/posts\/7175","targetHints":{"allow":["GET"]}}],"collection":[{"href":"https:\/\/sid.uncu.edu.ar\/wp\/wp-json\/wp\/v2\/posts"}],"about":[{"href":"https:\/\/sid.uncu.edu.ar\/wp\/wp-json\/wp\/v2\/types\/post"}],"author":[{"embeddable":true,"href":"https:\/\/sid.uncu.edu.ar\/wp\/wp-json\/wp\/v2\/users\/11"}],"replies":[{"embeddable":true,"href":"https:\/\/sid.uncu.edu.ar\/wp\/wp-json\/wp\/v2\/comments?post=7175"}],"version-history":[{"count":15,"href":"https:\/\/sid.uncu.edu.ar\/wp\/wp-json\/wp\/v2\/posts\/7175\/revisions"}],"predecessor-version":[{"id":7305,"href":"https:\/\/sid.uncu.edu.ar\/wp\/wp-json\/wp\/v2\/posts\/7175\/revisions\/7305"}],"wp:attachment":[{"href":"https:\/\/sid.uncu.edu.ar\/wp\/wp-json\/wp\/v2\/media?parent=7175"}],"wp:term":[{"taxonomy":"category","embeddable":true,"href":"https:\/\/sid.uncu.edu.ar\/wp\/wp-json\/wp\/v2\/categories?post=7175"},{"taxonomy":"post_tag","embeddable":true,"href":"https:\/\/sid.uncu.edu.ar\/wp\/wp-json\/wp\/v2\/tags?post=7175"}],"curies":[{"name":"wp","href":"https:\/\/api.w.org\/{rel}","templated":true}]}}