{"id":6972,"date":"2013-09-26T10:54:03","date_gmt":"2013-09-26T19:54:03","guid":{"rendered":"http:\/\/sid.uncu.edu.ar\/sid\/?p=6972"},"modified":"2013-09-27T02:31:45","modified_gmt":"2013-09-27T11:31:45","slug":"28-de-septiembre-dia-internacional-del-derecho-a-saber","status":"publish","type":"post","link":"https:\/\/sid.uncu.edu.ar\/wp\/2013\/09\/28-de-septiembre-dia-internacional-del-derecho-a-saber\/","title":{"rendered":"28 de septiembre: d\u00eda internacional del derecho a saber"},"content":{"rendered":"<p><img loading=\"lazy\" decoding=\"async\" class=\"alignnone size-full wp-image-6973\" title=\"derechoasaber\" src=\"http:\/\/sid.uncu.edu.ar\/sid\/wp-content\/uploads\/2013\/09\/derechoasaber.jpg\" alt=\"\" width=\"301\" height=\"301\" srcset=\"https:\/\/sid.uncu.edu.ar\/wp\/wp-content\/uploads\/2013\/09\/derechoasaber.jpg 301w, https:\/\/sid.uncu.edu.ar\/wp\/wp-content\/uploads\/2013\/09\/derechoasaber-100x100.jpg 100w\" sizes=\"auto, (max-width: 301px) 100vw, 301px\" \/><\/p>\n<p>&nbsp;<\/p>\n<p>El 28 de septiembre se conmemora el <strong>D\u00eda Internacional del Derecho a Saber<\/strong> que reivindica el derecho universal y humano de las personas a estar debidamente informadas mediante el acceso y el derecho a la informaci\u00f3n. Esta celebraci\u00f3n fue instituida en el a\u00f1o de 2002, durante el encuentro internacional de organizaciones no gubernamentales encargadas de promover el acceso a la informaci\u00f3n en Sof\u00eda, Bulgaria. Al participar activamente los gobiernos en favor de la democracia y la transparencia, se tiene una premisa esencial para que la sociedad pueda acceder a una amplia gama de informaci\u00f3n y participar de una manera real y efectiva en los asuntos que le interesan.<\/p>\n<p>El <strong>Derecho a Saber<\/strong> \u00f3 <strong>Derecho de Acceso a la Informaci\u00f3n<\/strong> plantea dos obligaciones clave a los gobiernos. Primero, la obligaci\u00f3n de publicar la informaci\u00f3n clave sobre lo que est\u00e1n haciendo los diferentes organismos p\u00fablicos. Segundo, los gobiernos tienen la obligaci\u00f3n de recibir las solicitudes de informaci\u00f3n del p\u00fablico y el deber de responder, para que \u00e9ste acceda a la informaci\u00f3n que es de inter\u00e9s, lo que representa parte esencial del proceso democr\u00e1tico.<\/p>\n","protected":false},"excerpt":{"rendered":"<p>&nbsp; El 28 de septiembre se conmemora el D\u00eda Internacional del Derecho a Saber que reivindica el derecho universal y<\/p>\n<div class=\"read-more\"><a class=\"btn button-secondary\" href=\"https:\/\/sid.uncu.edu.ar\/wp\/2013\/09\/28-de-septiembre-dia-internacional-del-derecho-a-saber\/\">Leer m\u00e1s<\/a><\/div>\n","protected":false},"author":11,"featured_media":0,"comment_status":"closed","ping_status":"closed","sticky":false,"template":"","format":"standard","meta":{"_acf_changed":false,"bgseo_title":"","bgseo_description":"","bgseo_robots_index":"","bgseo_robots_follow":"","footnotes":""},"categories":[9],"tags":[],"class_list":["post-6972","post","type-post","status-publish","format-standard","hentry","category-efemerides"],"acf":[],"jetpack_featured_media_url":"","jetpack_sharing_enabled":true,"jetpack_likes_enabled":true,"_links":{"self":[{"href":"https:\/\/sid.uncu.edu.ar\/wp\/wp-json\/wp\/v2\/posts\/6972","targetHints":{"allow":["GET"]}}],"collection":[{"href":"https:\/\/sid.uncu.edu.ar\/wp\/wp-json\/wp\/v2\/posts"}],"about":[{"href":"https:\/\/sid.uncu.edu.ar\/wp\/wp-json\/wp\/v2\/types\/post"}],"author":[{"embeddable":true,"href":"https:\/\/sid.uncu.edu.ar\/wp\/wp-json\/wp\/v2\/users\/11"}],"replies":[{"embeddable":true,"href":"https:\/\/sid.uncu.edu.ar\/wp\/wp-json\/wp\/v2\/comments?post=6972"}],"version-history":[{"count":7,"href":"https:\/\/sid.uncu.edu.ar\/wp\/wp-json\/wp\/v2\/posts\/6972\/revisions"}],"predecessor-version":[{"id":6982,"href":"https:\/\/sid.uncu.edu.ar\/wp\/wp-json\/wp\/v2\/posts\/6972\/revisions\/6982"}],"wp:attachment":[{"href":"https:\/\/sid.uncu.edu.ar\/wp\/wp-json\/wp\/v2\/media?parent=6972"}],"wp:term":[{"taxonomy":"category","embeddable":true,"href":"https:\/\/sid.uncu.edu.ar\/wp\/wp-json\/wp\/v2\/categories?post=6972"},{"taxonomy":"post_tag","embeddable":true,"href":"https:\/\/sid.uncu.edu.ar\/wp\/wp-json\/wp\/v2\/tags?post=6972"}],"curies":[{"name":"wp","href":"https:\/\/api.w.org\/{rel}","templated":true}]}}