{"id":6693,"date":"2013-08-27T09:19:07","date_gmt":"2013-08-27T18:19:07","guid":{"rendered":"http:\/\/sid.uncu.edu.ar\/sid\/?p=6693"},"modified":"2013-09-10T07:43:56","modified_gmt":"2013-09-10T16:43:56","slug":"muestra-de-afiches-historicos-de-la-uncuyo-en-la-biblioteca-central","status":"publish","type":"post","link":"https:\/\/sid.uncu.edu.ar\/wp\/2013\/08\/muestra-de-afiches-historicos-de-la-uncuyo-en-la-biblioteca-central\/","title":{"rendered":"Muestra de afiches hist\u00f3ricos de la UNCuyo en la Biblioteca Central"},"content":{"rendered":"<p><a href=\"http:\/\/sid.uncu.edu.ar\/sid\/2013\/08\/muestra-de-afiches-historicos-de-la-uncuyo-en-la-biblioteca-central\"><img loading=\"lazy\" decoding=\"async\" class=\"alignleft  wp-image-6729\" title=\"la foto 4\" src=\"http:\/\/sid.uncu.edu.ar\/sid\/wp-content\/uploads\/2013\/08\/la-foto-4.jpg\" alt=\"\" width=\"332\" height=\"248\" srcset=\"https:\/\/sid.uncu.edu.ar\/wp\/wp-content\/uploads\/2013\/08\/la-foto-4.jpg 960w, https:\/\/sid.uncu.edu.ar\/wp\/wp-content\/uploads\/2013\/08\/la-foto-4-300x225.jpg 300w\" sizes=\"auto, (max-width: 332px) 100vw, 332px\" \/><\/a>Para celebrar los 74 a\u00f1os de nuestra universidad, el Centro de Documentaci\u00f3n Hist\u00f3rica de la Biblioteca Central de la UNCuyo exhibe afiches hist\u00f3ricos en el hall de la biblioteca.<\/p>\n<p><!--more--><\/p>\n<p>La muestra puede visitarse en los horarios regulares de atenci\u00f3n al p\u00fablico en la Biblioteca Central: lunes a viernes de 8 a 20 horas y s\u00e1bados de 8 a 13 hs.<\/p>\n<p>Las piezas gr\u00e1ficas expuestas fueron realizadas entre 1976 y 1991, con motivo de los aniversarios de la UNCuyo, celebrados en agosto de cada a\u00f1o.<\/p>\n<p>La tradici\u00f3n de realizar un afiche gr\u00e1fico conmemorativo anual lleva varios a\u00f1os y contin\u00faa hasta hoy en d\u00eda.<\/p>\n<p>Es tarea del Centro de Documentaci\u00f3n Hist\u00f3rica el recopilar y preservar estas piezas que representan la historia visual de la Universidad Nacional de Cuyo.<\/p>\n<p>Estos son algunos de los afiches que se muestran.<\/p>\n<p>&nbsp;<\/p>\n<div id='gallery-1' class='gallery galleryid-6693 gallery-columns-3 gallery-size-thumbnail'><figure class='gallery-item'>\n\t\t\t<div class='gallery-icon landscape'>\n\t\t\t\t<a href='https:\/\/sid.uncu.edu.ar\/wp\/2013\/08\/muestra-de-afiches-historicos-de-la-uncuyo-en-la-biblioteca-central\/la-foto-4\/'><img loading=\"lazy\" decoding=\"async\" width=\"100\" height=\"100\" src=\"https:\/\/sid.uncu.edu.ar\/wp\/wp-content\/uploads\/2013\/08\/la-foto-4-150x150.jpg\" class=\"attachment-thumbnail size-thumbnail\" alt=\"\" \/><\/a>\n\t\t\t<\/div><\/figure><figure class='gallery-item'>\n\t\t\t<div class='gallery-icon portrait'>\n\t\t\t\t<a href='https:\/\/sid.uncu.edu.ar\/wp\/2013\/08\/muestra-de-afiches-historicos-de-la-uncuyo-en-la-biblioteca-central\/la-foto-32\/'><img loading=\"lazy\" decoding=\"async\" width=\"100\" height=\"100\" src=\"https:\/\/sid.uncu.edu.ar\/wp\/wp-content\/uploads\/2013\/08\/la-foto-32-150x150.jpg\" class=\"attachment-thumbnail size-thumbnail\" alt=\"\" \/><\/a>\n\t\t\t<\/div><\/figure><figure class='gallery-item'>\n\t\t\t<div class='gallery-icon landscape'>\n\t\t\t\t<a href='https:\/\/sid.uncu.edu.ar\/wp\/2013\/08\/muestra-de-afiches-historicos-de-la-uncuyo-en-la-biblioteca-central\/la-foto-42\/'><img loading=\"lazy\" decoding=\"async\" width=\"100\" height=\"100\" src=\"https:\/\/sid.uncu.edu.ar\/wp\/wp-content\/uploads\/2013\/08\/la-foto-42-150x150.jpg\" class=\"attachment-thumbnail size-thumbnail\" alt=\"\" \/><\/a>\n\t\t\t<\/div><\/figure><figure class='gallery-item'>\n\t\t\t<div class='gallery-icon portrait'>\n\t\t\t\t<a href='https:\/\/sid.uncu.edu.ar\/wp\/2013\/08\/muestra-de-afiches-historicos-de-la-uncuyo-en-la-biblioteca-central\/la-foto-1\/'><img loading=\"lazy\" decoding=\"async\" width=\"100\" height=\"100\" src=\"https:\/\/sid.uncu.edu.ar\/wp\/wp-content\/uploads\/2013\/08\/la-foto-1-150x150.jpg\" class=\"attachment-thumbnail size-thumbnail\" alt=\"\" \/><\/a>\n\t\t\t<\/div><\/figure><figure class='gallery-item'>\n\t\t\t<div class='gallery-icon portrait'>\n\t\t\t\t<a href='https:\/\/sid.uncu.edu.ar\/wp\/2013\/08\/muestra-de-afiches-historicos-de-la-uncuyo-en-la-biblioteca-central\/la-foto-3\/'><img loading=\"lazy\" decoding=\"async\" width=\"100\" height=\"100\" src=\"https:\/\/sid.uncu.edu.ar\/wp\/wp-content\/uploads\/2013\/08\/la-foto-3-150x150.jpg\" class=\"attachment-thumbnail size-thumbnail\" alt=\"\" \/><\/a>\n\t\t\t<\/div><\/figure><figure class='gallery-item'>\n\t\t\t<div class='gallery-icon portrait'>\n\t\t\t\t<a href='https:\/\/sid.uncu.edu.ar\/wp\/2013\/08\/muestra-de-afiches-historicos-de-la-uncuyo-en-la-biblioteca-central\/la-foto-5\/'><img loading=\"lazy\" decoding=\"async\" width=\"100\" height=\"100\" src=\"https:\/\/sid.uncu.edu.ar\/wp\/wp-content\/uploads\/2013\/08\/la-foto-5-150x150.jpg\" class=\"attachment-thumbnail size-thumbnail\" alt=\"\" \/><\/a>\n\t\t\t<\/div><\/figure><figure class='gallery-item'>\n\t\t\t<div class='gallery-icon landscape'>\n\t\t\t\t<a href='https:\/\/sid.uncu.edu.ar\/wp\/2013\/08\/muestra-de-afiches-historicos-de-la-uncuyo-en-la-biblioteca-central\/la-foto-21\/'><img loading=\"lazy\" decoding=\"async\" width=\"100\" height=\"100\" src=\"https:\/\/sid.uncu.edu.ar\/wp\/wp-content\/uploads\/2013\/08\/la-foto-21-150x150.jpg\" class=\"attachment-thumbnail size-thumbnail\" alt=\"\" \/><\/a>\n\t\t\t<\/div><\/figure><figure class='gallery-item'>\n\t\t\t<div class='gallery-icon portrait'>\n\t\t\t\t<a href='https:\/\/sid.uncu.edu.ar\/wp\/2013\/08\/muestra-de-afiches-historicos-de-la-uncuyo-en-la-biblioteca-central\/la-foto-22\/'><img loading=\"lazy\" decoding=\"async\" width=\"100\" height=\"100\" src=\"https:\/\/sid.uncu.edu.ar\/wp\/wp-content\/uploads\/2013\/08\/la-foto-22-150x150.jpg\" class=\"attachment-thumbnail size-thumbnail\" alt=\"\" \/><\/a>\n\t\t\t<\/div><\/figure>\n\t\t<\/div>\n\n","protected":false},"excerpt":{"rendered":"<p>Para celebrar los 74 a\u00f1os de nuestra universidad, el Centro de Documentaci\u00f3n Hist\u00f3rica de la Biblioteca Central de la UNCuyo<\/p>\n<div class=\"read-more\"><a class=\"btn button-secondary\" href=\"https:\/\/sid.uncu.edu.ar\/wp\/2013\/08\/muestra-de-afiches-historicos-de-la-uncuyo-en-la-biblioteca-central\/\">Leer m\u00e1s<\/a><\/div>\n","protected":false},"author":11,"featured_media":0,"comment_status":"closed","ping_status":"closed","sticky":false,"template":"","format":"standard","meta":{"_acf_changed":false,"bgseo_title":"","bgseo_description":"","bgseo_robots_index":"","bgseo_robots_follow":"","footnotes":""},"categories":[3],"tags":[17,21,52],"class_list":["post-6693","post","type-post","status-publish","format-standard","hentry","category-noticias","tag-arte-en-el-sid","tag-biblioteca-central","tag-cdh"],"acf":[],"jetpack_featured_media_url":"","jetpack_sharing_enabled":true,"jetpack_likes_enabled":true,"_links":{"self":[{"href":"https:\/\/sid.uncu.edu.ar\/wp\/wp-json\/wp\/v2\/posts\/6693","targetHints":{"allow":["GET"]}}],"collection":[{"href":"https:\/\/sid.uncu.edu.ar\/wp\/wp-json\/wp\/v2\/posts"}],"about":[{"href":"https:\/\/sid.uncu.edu.ar\/wp\/wp-json\/wp\/v2\/types\/post"}],"author":[{"embeddable":true,"href":"https:\/\/sid.uncu.edu.ar\/wp\/wp-json\/wp\/v2\/users\/11"}],"replies":[{"embeddable":true,"href":"https:\/\/sid.uncu.edu.ar\/wp\/wp-json\/wp\/v2\/comments?post=6693"}],"version-history":[{"count":12,"href":"https:\/\/sid.uncu.edu.ar\/wp\/wp-json\/wp\/v2\/posts\/6693\/revisions"}],"predecessor-version":[{"id":6874,"href":"https:\/\/sid.uncu.edu.ar\/wp\/wp-json\/wp\/v2\/posts\/6693\/revisions\/6874"}],"wp:attachment":[{"href":"https:\/\/sid.uncu.edu.ar\/wp\/wp-json\/wp\/v2\/media?parent=6693"}],"wp:term":[{"taxonomy":"category","embeddable":true,"href":"https:\/\/sid.uncu.edu.ar\/wp\/wp-json\/wp\/v2\/categories?post=6693"},{"taxonomy":"post_tag","embeddable":true,"href":"https:\/\/sid.uncu.edu.ar\/wp\/wp-json\/wp\/v2\/tags?post=6693"}],"curies":[{"name":"wp","href":"https:\/\/api.w.org\/{rel}","templated":true}]}}