{"id":6487,"date":"2013-07-26T06:00:56","date_gmt":"2013-07-26T15:00:56","guid":{"rendered":"http:\/\/sid.uncu.edu.ar\/sid\/?p=6487"},"modified":"2013-07-26T06:00:56","modified_gmt":"2013-07-26T15:00:56","slug":"9-de-agosto-dia-internacional-de-los-pueblos-indigenas","status":"publish","type":"post","link":"https:\/\/sid.uncu.edu.ar\/wp\/2013\/07\/9-de-agosto-dia-internacional-de-los-pueblos-indigenas\/","title":{"rendered":"9 de agosto: d\u00eda internacional de los pueblos ind\u00edgenas"},"content":{"rendered":"<p>&nbsp;<\/p>\n<p style=\"text-align: center;\">\u00a0<a href=\"http:\/\/sid.uncu.edu.ar\/sid\/wp-content\/uploads\/2013\/07\/1_aqui-somos_estamos_seguimos.jpg\"><img loading=\"lazy\" decoding=\"async\" class=\"alignnone size-full wp-image-6488\" title=\"1_aqui-somos_estamos_seguimos\" src=\"http:\/\/sid.uncu.edu.ar\/sid\/wp-content\/uploads\/2013\/07\/1_aqui-somos_estamos_seguimos.jpg\" alt=\"\" width=\"397\" height=\"342\" srcset=\"https:\/\/sid.uncu.edu.ar\/wp\/wp-content\/uploads\/2013\/07\/1_aqui-somos_estamos_seguimos.jpg 397w, https:\/\/sid.uncu.edu.ar\/wp\/wp-content\/uploads\/2013\/07\/1_aqui-somos_estamos_seguimos-300x258.jpg 300w\" sizes=\"auto, (max-width: 397px) 100vw, 397px\" \/><\/a><\/p>\n<p>\u00a0\u00a0\u00a0\u00a0\u00a0\u00a0\u00a0\u00a0\u00a0\u00a0\u00a0\u00a0\u00a0 En la Resoluci\u00f3n 49\/214 del 23 de diciembre de 1994, la Asamblea General decidi\u00f3 establecer el \u00abD\u00eda Internacional de las Poblaciones Ind\u00edgenas\u00bb, a celebrarse el 9 de agosto cada a\u00f1o durante el Decenio Internacional de las Poblaciones Ind\u00edgenas del Mundo.<\/p>\n<p>Esa fecha recuerda el d\u00eda en que se celebr\u00f3 la primera reuni\u00f3n del Grupo de Trabajo sobre las Poblaciones Ind\u00edgenas de la Subcomisi\u00f3n de Promoci\u00f3n y Protecci\u00f3n de los Derechos Humanos. El objetivo del Decenio Internacional es fortalecer la cooperaci\u00f3n para la soluci\u00f3n de los problemas que enfrentan las poblaciones ind\u00edgenas en \u00e1reas tales como derechos humanos, medio ambiente, desarrollo, educaci\u00f3n y salud. El Ente Coordinador de la D\u00e9cada es la Oficina del Alto Comisionado de las Naciones Unidas para los Derechos Humanos.<\/p>\n<p>En abril de 2000, la Comisi\u00f3n de Derechos Humanos adopt\u00f3 la resoluci\u00f3n que establece el Foro Permanente para las Cuestiones Ind\u00edgenas, que fue apoyada por el Consejo Econ\u00f3mico y Social el 28 de julio de 2000 (Resoluci\u00f3n 2000\/22). <strong>El mandato del Foro Permanente es examinar las cuestiones relativas al desarrollo econ\u00f3mico y social, la cultura, el medio ambiente, la educaci\u00f3n, la salud y los derechos humanos.<\/strong><\/p>\n","protected":false},"excerpt":{"rendered":"<p>&nbsp; \u00a0 \u00a0\u00a0\u00a0\u00a0\u00a0\u00a0\u00a0\u00a0\u00a0\u00a0\u00a0\u00a0\u00a0 En la Resoluci\u00f3n 49\/214 del 23 de diciembre de 1994, la Asamblea General decidi\u00f3 establecer el \u00abD\u00eda<\/p>\n<div class=\"read-more\"><a class=\"btn button-secondary\" href=\"https:\/\/sid.uncu.edu.ar\/wp\/2013\/07\/9-de-agosto-dia-internacional-de-los-pueblos-indigenas\/\">Leer m\u00e1s<\/a><\/div>\n","protected":false},"author":11,"featured_media":0,"comment_status":"closed","ping_status":"closed","sticky":false,"template":"","format":"standard","meta":{"_acf_changed":false,"bgseo_title":"","bgseo_description":"","bgseo_robots_index":"","bgseo_robots_follow":"","footnotes":""},"categories":[9],"tags":[],"class_list":["post-6487","post","type-post","status-publish","format-standard","hentry","category-efemerides"],"acf":[],"jetpack_featured_media_url":"","jetpack_sharing_enabled":true,"jetpack_likes_enabled":true,"_links":{"self":[{"href":"https:\/\/sid.uncu.edu.ar\/wp\/wp-json\/wp\/v2\/posts\/6487","targetHints":{"allow":["GET"]}}],"collection":[{"href":"https:\/\/sid.uncu.edu.ar\/wp\/wp-json\/wp\/v2\/posts"}],"about":[{"href":"https:\/\/sid.uncu.edu.ar\/wp\/wp-json\/wp\/v2\/types\/post"}],"author":[{"embeddable":true,"href":"https:\/\/sid.uncu.edu.ar\/wp\/wp-json\/wp\/v2\/users\/11"}],"replies":[{"embeddable":true,"href":"https:\/\/sid.uncu.edu.ar\/wp\/wp-json\/wp\/v2\/comments?post=6487"}],"version-history":[{"count":1,"href":"https:\/\/sid.uncu.edu.ar\/wp\/wp-json\/wp\/v2\/posts\/6487\/revisions"}],"predecessor-version":[{"id":6489,"href":"https:\/\/sid.uncu.edu.ar\/wp\/wp-json\/wp\/v2\/posts\/6487\/revisions\/6489"}],"wp:attachment":[{"href":"https:\/\/sid.uncu.edu.ar\/wp\/wp-json\/wp\/v2\/media?parent=6487"}],"wp:term":[{"taxonomy":"category","embeddable":true,"href":"https:\/\/sid.uncu.edu.ar\/wp\/wp-json\/wp\/v2\/categories?post=6487"},{"taxonomy":"post_tag","embeddable":true,"href":"https:\/\/sid.uncu.edu.ar\/wp\/wp-json\/wp\/v2\/tags?post=6487"}],"curies":[{"name":"wp","href":"https:\/\/api.w.org\/{rel}","templated":true}]}}