{"id":6349,"date":"2013-06-24T02:57:30","date_gmt":"2013-06-24T11:57:30","guid":{"rendered":"http:\/\/sid.uncu.edu.ar\/sid\/?p=6349"},"modified":"2013-06-24T02:57:30","modified_gmt":"2013-06-24T11:57:30","slug":"titulo-doctor-honoris-causa-al-presidente-de-chile-carlos-ibanez-del-campo","status":"publish","type":"post","link":"https:\/\/sid.uncu.edu.ar\/wp\/2013\/06\/titulo-doctor-honoris-causa-al-presidente-de-chile-carlos-ibanez-del-campo\/","title":{"rendered":"T\u00edtulo Doctor Honoris Causa al Presidente de Chile Carlos Ib\u00e1\u00f1ez del Campo"},"content":{"rendered":"<p>El Rectorado de la Universidad Nacional de Cuyo confiere el t\u00edtulo de Doctor Honoris Causa en Ciencias Pol\u00edticas y Sociales al Sr. Presidente de la Rep\u00fablica de Chile Carlos Ib\u00e1\u00f1ez del Campo (Resoluci\u00f3n N\u00ba 633)<\/p>\n","protected":false},"excerpt":{"rendered":"<p>El Rectorado de la Universidad Nacional de Cuyo confiere el t\u00edtulo de Doctor Honoris Causa en Ciencias Pol\u00edticas y Sociales<\/p>\n<div class=\"read-more\"><a class=\"btn button-secondary\" href=\"https:\/\/sid.uncu.edu.ar\/wp\/2013\/06\/titulo-doctor-honoris-causa-al-presidente-de-chile-carlos-ibanez-del-campo\/\">Leer m\u00e1s<\/a><\/div>\n","protected":false},"author":2,"featured_media":0,"comment_status":"closed","ping_status":"closed","sticky":false,"template":"","format":"standard","meta":{"_acf_changed":false,"bgseo_title":"","bgseo_description":"","bgseo_robots_index":"","bgseo_robots_follow":"","footnotes":""},"categories":[42],"tags":[41],"class_list":["post-6349","post","type-post","status-publish","format-standard","hentry","category-efemerides-uncu","tag-efemerides-uncuyo"],"acf":[],"jetpack_featured_media_url":"","jetpack_sharing_enabled":true,"jetpack_likes_enabled":true,"_links":{"self":[{"href":"https:\/\/sid.uncu.edu.ar\/wp\/wp-json\/wp\/v2\/posts\/6349","targetHints":{"allow":["GET"]}}],"collection":[{"href":"https:\/\/sid.uncu.edu.ar\/wp\/wp-json\/wp\/v2\/posts"}],"about":[{"href":"https:\/\/sid.uncu.edu.ar\/wp\/wp-json\/wp\/v2\/types\/post"}],"author":[{"embeddable":true,"href":"https:\/\/sid.uncu.edu.ar\/wp\/wp-json\/wp\/v2\/users\/2"}],"replies":[{"embeddable":true,"href":"https:\/\/sid.uncu.edu.ar\/wp\/wp-json\/wp\/v2\/comments?post=6349"}],"version-history":[{"count":1,"href":"https:\/\/sid.uncu.edu.ar\/wp\/wp-json\/wp\/v2\/posts\/6349\/revisions"}],"predecessor-version":[{"id":6350,"href":"https:\/\/sid.uncu.edu.ar\/wp\/wp-json\/wp\/v2\/posts\/6349\/revisions\/6350"}],"wp:attachment":[{"href":"https:\/\/sid.uncu.edu.ar\/wp\/wp-json\/wp\/v2\/media?parent=6349"}],"wp:term":[{"taxonomy":"category","embeddable":true,"href":"https:\/\/sid.uncu.edu.ar\/wp\/wp-json\/wp\/v2\/categories?post=6349"},{"taxonomy":"post_tag","embeddable":true,"href":"https:\/\/sid.uncu.edu.ar\/wp\/wp-json\/wp\/v2\/tags?post=6349"}],"curies":[{"name":"wp","href":"https:\/\/api.w.org\/{rel}","templated":true}]}}