{"id":6344,"date":"2013-06-19T09:00:42","date_gmt":"2013-06-19T18:00:42","guid":{"rendered":"http:\/\/sid.uncu.edu.ar\/sid\/?p=6344"},"modified":"2013-08-01T06:21:14","modified_gmt":"2013-08-01T15:21:14","slug":"el-sid-participa-de-la-expo-educativa-2013","status":"publish","type":"post","link":"https:\/\/sid.uncu.edu.ar\/wp\/2013\/06\/el-sid-participa-de-la-expo-educativa-2013\/","title":{"rendered":"El SID particip\u00f3 de la gran expo mendocina de la educaci\u00f3n superior"},"content":{"rendered":"<p><a href=\"http:\/\/sid.uncu.edu.ar\/sid\/wp-content\/uploads\/2013\/06\/1017291_4379329980514_816183218_n1.jpg\"><img loading=\"lazy\" decoding=\"async\" class=\"size-medium wp-image-6392 alignleft\" title=\"1017291_4379329980514_816183218_n\" src=\"http:\/\/sid.uncu.edu.ar\/sid\/wp-content\/uploads\/2013\/06\/1017291_4379329980514_816183218_n1-300x225.jpg\" alt=\"\" width=\"300\" height=\"225\" srcset=\"https:\/\/sid.uncu.edu.ar\/wp\/wp-content\/uploads\/2013\/06\/1017291_4379329980514_816183218_n1-300x225.jpg 300w, https:\/\/sid.uncu.edu.ar\/wp\/wp-content\/uploads\/2013\/06\/1017291_4379329980514_816183218_n1.jpg 960w\" sizes=\"auto, (max-width: 300px) 100vw, 300px\" \/><\/a>El SID present\u00f3 su oferta de servicios, recursos y capacitaciones en la gran feria de la oferta de educaci\u00f3n superior de la provincia, como una forma de presentar a los futuros estudiantes algo m\u00e1s sobre la vida universitaria.<\/p>\n<p><!--more--><\/p>\n<p>La Exposici\u00f3n tiene como objetivo informar y\u00a0 orientar sobre la elecci\u00f3n de carrera a todos los estudiantes de los \u00faltimos a\u00f1os del nivel Secundario de Mendoza y a aquellos que aspiren a continuar estudios superiores, tambi\u00e9n a los padres y docentes interesados en conocer con mayor detalle las posibilidades de elecci\u00f3n vocacional que ofrecen la Universidad Nacional de Cuyo (UNCuyo), los Institutos de Educaci\u00f3n Superior que dependen de la Direcci\u00f3n General de Escuelas (DGE) y la Universidad Tecnol\u00f3gica Nacional Regional Mendoza (UTN). La exposici\u00f3n de las carreras que estudiantes de los dos \u00faltimos a\u00f1os del Secundario y CENS se realiz\u00f3 entre\u00a0el mi\u00e9rcoles 26 al viernes 28 de junio de 9 a 18 y el s\u00e1bado 29 del mismo mes de 9 a 14,\u00a0 en el Espacio Cultural Julio Le Parc.<\/p>\n<p>&nbsp;<\/p>\n<p><img loading=\"lazy\" decoding=\"async\" class=\"size-medium wp-image-6407 alignnone\" title=\"1016133_4379330260521_1298486428_n\" src=\"http:\/\/sid.uncu.edu.ar\/sid\/wp-content\/uploads\/2013\/06\/1016133_4379330260521_1298486428_n-300x225.jpg\" alt=\"\" width=\"300\" height=\"225\" srcset=\"https:\/\/sid.uncu.edu.ar\/wp\/wp-content\/uploads\/2013\/06\/1016133_4379330260521_1298486428_n-300x225.jpg 300w, https:\/\/sid.uncu.edu.ar\/wp\/wp-content\/uploads\/2013\/06\/1016133_4379330260521_1298486428_n.jpg 960w\" sizes=\"auto, (max-width: 300px) 100vw, 300px\" \/><a href=\"http:\/\/sid.uncu.edu.ar\/sid\/wp-content\/uploads\/2013\/06\/1044076_4379331180544_144745320_n1.jpg\"> <img loading=\"lazy\" decoding=\"async\" class=\"alignnone size-medium wp-image-6397\" title=\"1044076_4379331180544_144745320_n\" src=\"http:\/\/sid.uncu.edu.ar\/sid\/wp-content\/uploads\/2013\/06\/1044076_4379331180544_144745320_n1-300x225.jpg\" alt=\"\" width=\"300\" height=\"225\" srcset=\"https:\/\/sid.uncu.edu.ar\/wp\/wp-content\/uploads\/2013\/06\/1044076_4379331180544_144745320_n1-300x225.jpg 300w, https:\/\/sid.uncu.edu.ar\/wp\/wp-content\/uploads\/2013\/06\/1044076_4379331180544_144745320_n1.jpg 960w\" sizes=\"auto, (max-width: 300px) 100vw, 300px\" \/><br \/>\n<\/a><\/p>\n<p><a href=\"http:\/\/sid.uncu.edu.ar\/sid\/wp-content\/uploads\/2013\/06\/1011722_4379335540653_1558022162_n1.jpg\">\u00a0<img loading=\"lazy\" decoding=\"async\" class=\"alignnone size-medium wp-image-6393\" title=\"1011722_4379335540653_1558022162_n\" src=\"http:\/\/sid.uncu.edu.ar\/sid\/wp-content\/uploads\/2013\/06\/1011722_4379335540653_1558022162_n1-300x225.jpg\" alt=\"\" width=\"300\" height=\"225\" srcset=\"https:\/\/sid.uncu.edu.ar\/wp\/wp-content\/uploads\/2013\/06\/1011722_4379335540653_1558022162_n1-300x225.jpg 300w, https:\/\/sid.uncu.edu.ar\/wp\/wp-content\/uploads\/2013\/06\/1011722_4379335540653_1558022162_n1.jpg 960w\" sizes=\"auto, (max-width: 300px) 100vw, 300px\" \/><\/a>\u00a0<a href=\"http:\/\/sid.uncu.edu.ar\/sid\/wp-content\/uploads\/2013\/06\/1044944_4379331060541_31489533_n.jpg\"><img loading=\"lazy\" decoding=\"async\" class=\"size-medium wp-image-6390 alignleft\" title=\"1044944_4379331060541_31489533_n\" src=\"http:\/\/sid.uncu.edu.ar\/sid\/wp-content\/uploads\/2013\/06\/1044944_4379331060541_31489533_n-300x225.jpg\" alt=\"\" width=\"300\" height=\"225\" srcset=\"https:\/\/sid.uncu.edu.ar\/wp\/wp-content\/uploads\/2013\/06\/1044944_4379331060541_31489533_n-300x225.jpg 300w, https:\/\/sid.uncu.edu.ar\/wp\/wp-content\/uploads\/2013\/06\/1044944_4379331060541_31489533_n.jpg 960w\" sizes=\"auto, (max-width: 300px) 100vw, 300px\" \/><\/a><\/p>\n<p><strong><em>Actividades<\/em><\/strong><\/p>\n<p>En el evento se realizaron talleres, exposiciones y muestras de estudiantes avanzados de diferentes carreras que explicaron c\u00f3mo se vive el estudio y c\u00f3mo se empieza a experimentar la futura vida profesional. Este a\u00f1o\u00a0tambi\u00e9n estuvieron las cl\u00e1sicas representaciones teatrales <em>Vivencias Universitarias\u00a0<\/em>que buscan ayudar a anticipar situaciones cotidianas de una nueva etapa, para que los estudiantes se identifiquen en esas situaciones y reflexionen sobre ellas.<\/p>\n<p><img loading=\"lazy\" decoding=\"async\" title=\"afiche-expo-2014q.jpg_640_640\" src=\"http:\/\/sid.uncu.edu.ar\/sid\/wp-content\/uploads\/2013\/06\/afiche-expo-2014q.jpg_640_640.jpg\" alt=\"\" width=\"270\" height=\"224\" \/> <a href=\"http:\/\/sid.uncu.edu.ar\/sid\/wp-content\/uploads\/2013\/06\/999342_4379327700457_152212117_n1.jpg\"><img loading=\"lazy\" decoding=\"async\" title=\"999342_4379327700457_152212117_n\" src=\"http:\/\/sid.uncu.edu.ar\/sid\/wp-content\/uploads\/2013\/06\/999342_4379327700457_152212117_n1-300x225.jpg\" alt=\"\" width=\"300\" height=\"225\" \/><\/a><em><strong><\/strong><\/em><\/p>\n<p><em><strong>Oferta de las bibliotecas de la UNCuyo<\/strong><\/em><\/p>\n<p>El SID present\u00f3 sus servicios, recursos y capacitaciones a los alumnos, padres y docentes que visitaron la exposici\u00f3n. Personal responsable de las \u00e1reas de pr\u00e9stamo de materiales, de atenci\u00f3n a personas con discapacidad, de alfabetizaci\u00f3n informacional, del centro de documentaci\u00f3n audiovisual (CDA) y\u00a0del centro de documentaci\u00f3n hist\u00f3rica (CDH) hicieron la presentaci\u00f3n de los diferentes servicios disponibles. Se remarc\u00f3 la importancia de contar con un <strong>carnet \u00fanico de usuario<\/strong> para todas las bibliotecas de la red y se incentiv\u00f3 en los alumnos el <strong>uso de las bibliotecas como espacio de estudio y como fuente de materiales para la lectura.<\/strong><\/p>\n<p>Para m\u00e1s info <a href=\"http:\/\/www.facebook.com\/ExpoEducativaMendoza\">www.facebook.com\/ExpoEducativaMendoza<\/a><\/p>\n<p>(Fuente: Prensa UNCuyo y SID Comunicaci\u00f3n)<\/p>\n","protected":false},"excerpt":{"rendered":"<p>El SID present\u00f3 su oferta de servicios, recursos y capacitaciones en la gran feria de la oferta de educaci\u00f3n superior<\/p>\n<div class=\"read-more\"><a class=\"btn button-secondary\" href=\"https:\/\/sid.uncu.edu.ar\/wp\/2013\/06\/el-sid-participa-de-la-expo-educativa-2013\/\">Leer m\u00e1s<\/a><\/div>\n","protected":false},"author":11,"featured_media":0,"comment_status":"closed","ping_status":"closed","sticky":false,"template":"","format":"standard","meta":{"_acf_changed":false,"bgseo_title":"","bgseo_description":"","bgseo_robots_index":"","bgseo_robots_follow":"","footnotes":""},"categories":[3],"tags":[66],"class_list":["post-6344","post","type-post","status-publish","format-standard","hentry","category-noticias","tag-eventos"],"acf":[],"jetpack_featured_media_url":"","jetpack_sharing_enabled":true,"jetpack_likes_enabled":true,"_links":{"self":[{"href":"https:\/\/sid.uncu.edu.ar\/wp\/wp-json\/wp\/v2\/posts\/6344","targetHints":{"allow":["GET"]}}],"collection":[{"href":"https:\/\/sid.uncu.edu.ar\/wp\/wp-json\/wp\/v2\/posts"}],"about":[{"href":"https:\/\/sid.uncu.edu.ar\/wp\/wp-json\/wp\/v2\/types\/post"}],"author":[{"embeddable":true,"href":"https:\/\/sid.uncu.edu.ar\/wp\/wp-json\/wp\/v2\/users\/11"}],"replies":[{"embeddable":true,"href":"https:\/\/sid.uncu.edu.ar\/wp\/wp-json\/wp\/v2\/comments?post=6344"}],"version-history":[{"count":13,"href":"https:\/\/sid.uncu.edu.ar\/wp\/wp-json\/wp\/v2\/posts\/6344\/revisions"}],"predecessor-version":[{"id":6632,"href":"https:\/\/sid.uncu.edu.ar\/wp\/wp-json\/wp\/v2\/posts\/6344\/revisions\/6632"}],"wp:attachment":[{"href":"https:\/\/sid.uncu.edu.ar\/wp\/wp-json\/wp\/v2\/media?parent=6344"}],"wp:term":[{"taxonomy":"category","embeddable":true,"href":"https:\/\/sid.uncu.edu.ar\/wp\/wp-json\/wp\/v2\/categories?post=6344"},{"taxonomy":"post_tag","embeddable":true,"href":"https:\/\/sid.uncu.edu.ar\/wp\/wp-json\/wp\/v2\/tags?post=6344"}],"curies":[{"name":"wp","href":"https:\/\/api.w.org\/{rel}","templated":true}]}}