{"id":6261,"date":"2013-05-27T07:11:42","date_gmt":"2013-05-27T16:11:42","guid":{"rendered":"http:\/\/sid.uncu.edu.ar\/sid\/?p=6261"},"modified":"2013-05-27T07:11:42","modified_gmt":"2013-05-27T16:11:42","slug":"28-de-mayo-dia-internacional-de-accion-por-la-salud-de-la-mujer","status":"publish","type":"post","link":"https:\/\/sid.uncu.edu.ar\/wp\/2013\/05\/28-de-mayo-dia-internacional-de-accion-por-la-salud-de-la-mujer\/","title":{"rendered":"28 de mayo: d\u00eda internacional de acci\u00f3n por la salud de la mujer"},"content":{"rendered":"<p><a href=\"http:\/\/sid.uncu.edu.ar\/sid\/wp-content\/uploads\/2013\/05\/aemhomenajepicassoyz2.jpg\"><img loading=\"lazy\" decoding=\"async\" class=\"aligncenter size-full wp-image-6262\" title=\"aemhomenajepicassoyz2\" src=\"http:\/\/sid.uncu.edu.ar\/sid\/wp-content\/uploads\/2013\/05\/aemhomenajepicassoyz2.jpg\" alt=\"\" width=\"230\" height=\"320\" srcset=\"https:\/\/sid.uncu.edu.ar\/wp\/wp-content\/uploads\/2013\/05\/aemhomenajepicassoyz2.jpg 230w, https:\/\/sid.uncu.edu.ar\/wp\/wp-content\/uploads\/2013\/05\/aemhomenajepicassoyz2-215x300.jpg 215w\" sizes=\"auto, (max-width: 230px) 100vw, 230px\" \/><\/a><\/p>\n<p>El D\u00eda Internacional de Acci\u00f3n por la Salud de las Mujeres tuvo su origen el 28 de mayo de 1987 en el V Encuentro Internacional de Salud de la Mujer, de la Red Mundial de Mujeres por los Derechos Reproductivos.<\/p>\n<p>En esta reuni\u00f3n, realizada en Costa Rica, m\u00e1s de 600 mujeres, representantes de organizaciones de diferentes pa\u00edses del mundo, concluyeron que necesitaban contar con una fecha para reflexionar y discutir sobre las pol\u00edticas y programas, as\u00ed como para proponer acciones a favor de la salud de la poblaci\u00f3n femenina mundial.<\/p>\n<p>El derecho de las mujeres a gozar de salud integral a lo largo de todo su ciclo vital, es un derecho humano universal consagrado por el sistema internacional de derechos humanos. La salud integral, por su parte, no es un hecho meramente biol\u00f3gico, sino que responde m\u00e1s bien a factores biopsicosociales, y depende del lugar que las mujeres ocupan en la sociedad (determinantes sociales de la salud), de su capacidad de acceder a los recursos materiales y simb\u00f3licos para vivir una vida digna, con igualdad de oportunidades, exenta de violencias.<\/p>\n","protected":false},"excerpt":{"rendered":"<p>El D\u00eda Internacional de Acci\u00f3n por la Salud de las Mujeres tuvo su origen el 28 de mayo de 1987<\/p>\n<div class=\"read-more\"><a class=\"btn button-secondary\" href=\"https:\/\/sid.uncu.edu.ar\/wp\/2013\/05\/28-de-mayo-dia-internacional-de-accion-por-la-salud-de-la-mujer\/\">Leer m\u00e1s<\/a><\/div>\n","protected":false},"author":11,"featured_media":0,"comment_status":"closed","ping_status":"closed","sticky":false,"template":"","format":"standard","meta":{"_acf_changed":false,"bgseo_title":"","bgseo_description":"","bgseo_robots_index":"","bgseo_robots_follow":"","footnotes":""},"categories":[9],"tags":[],"class_list":["post-6261","post","type-post","status-publish","format-standard","hentry","category-efemerides"],"acf":[],"jetpack_featured_media_url":"","jetpack_sharing_enabled":true,"jetpack_likes_enabled":true,"_links":{"self":[{"href":"https:\/\/sid.uncu.edu.ar\/wp\/wp-json\/wp\/v2\/posts\/6261","targetHints":{"allow":["GET"]}}],"collection":[{"href":"https:\/\/sid.uncu.edu.ar\/wp\/wp-json\/wp\/v2\/posts"}],"about":[{"href":"https:\/\/sid.uncu.edu.ar\/wp\/wp-json\/wp\/v2\/types\/post"}],"author":[{"embeddable":true,"href":"https:\/\/sid.uncu.edu.ar\/wp\/wp-json\/wp\/v2\/users\/11"}],"replies":[{"embeddable":true,"href":"https:\/\/sid.uncu.edu.ar\/wp\/wp-json\/wp\/v2\/comments?post=6261"}],"version-history":[{"count":1,"href":"https:\/\/sid.uncu.edu.ar\/wp\/wp-json\/wp\/v2\/posts\/6261\/revisions"}],"predecessor-version":[{"id":6263,"href":"https:\/\/sid.uncu.edu.ar\/wp\/wp-json\/wp\/v2\/posts\/6261\/revisions\/6263"}],"wp:attachment":[{"href":"https:\/\/sid.uncu.edu.ar\/wp\/wp-json\/wp\/v2\/media?parent=6261"}],"wp:term":[{"taxonomy":"category","embeddable":true,"href":"https:\/\/sid.uncu.edu.ar\/wp\/wp-json\/wp\/v2\/categories?post=6261"},{"taxonomy":"post_tag","embeddable":true,"href":"https:\/\/sid.uncu.edu.ar\/wp\/wp-json\/wp\/v2\/tags?post=6261"}],"curies":[{"name":"wp","href":"https:\/\/api.w.org\/{rel}","templated":true}]}}