{"id":6138,"date":"2013-05-07T02:21:25","date_gmt":"2013-05-07T11:21:25","guid":{"rendered":"http:\/\/sid.uncu.edu.ar\/sid\/?p=6138"},"modified":"2013-05-07T02:21:25","modified_gmt":"2013-05-07T11:21:25","slug":"organizacion-de-las-escuelas-y-facultades-de-la-uncuyo-en-unidades-pedagogicas","status":"publish","type":"post","link":"https:\/\/sid.uncu.edu.ar\/wp\/2013\/05\/organizacion-de-las-escuelas-y-facultades-de-la-uncuyo-en-unidades-pedagogicas\/","title":{"rendered":"Organizaci\u00f3n de las Escuelas y Facultades de la UNCuyo en Unidades Pedag\u00f3gicas"},"content":{"rendered":"<p>El Rectorado de la Universidad Nacional de Cuyo establece la organizaci\u00f3n de las Facultades y Escuelas Superiores en Unidades Pedag\u00f3gicas, con el objeto de atender las necesidades de la docencia, la investigaci\u00f3n y la prestaci\u00f3n de servicios (Ordenanza N\u00ba 24)<\/p>\n","protected":false},"excerpt":{"rendered":"<p>El Rectorado de la Universidad Nacional de Cuyo establece la organizaci\u00f3n de las Facultades y Escuelas Superiores en Unidades Pedag\u00f3gicas,<\/p>\n<div class=\"read-more\"><a class=\"btn button-secondary\" href=\"https:\/\/sid.uncu.edu.ar\/wp\/2013\/05\/organizacion-de-las-escuelas-y-facultades-de-la-uncuyo-en-unidades-pedagogicas\/\">Leer m\u00e1s<\/a><\/div>\n","protected":false},"author":2,"featured_media":0,"comment_status":"closed","ping_status":"closed","sticky":false,"template":"","format":"standard","meta":{"_acf_changed":false,"bgseo_title":"","bgseo_description":"","bgseo_robots_index":"","bgseo_robots_follow":"","footnotes":""},"categories":[42],"tags":[41],"class_list":["post-6138","post","type-post","status-publish","format-standard","hentry","category-efemerides-uncu","tag-efemerides-uncuyo"],"acf":[],"jetpack_featured_media_url":"","jetpack_sharing_enabled":true,"jetpack_likes_enabled":true,"_links":{"self":[{"href":"https:\/\/sid.uncu.edu.ar\/wp\/wp-json\/wp\/v2\/posts\/6138","targetHints":{"allow":["GET"]}}],"collection":[{"href":"https:\/\/sid.uncu.edu.ar\/wp\/wp-json\/wp\/v2\/posts"}],"about":[{"href":"https:\/\/sid.uncu.edu.ar\/wp\/wp-json\/wp\/v2\/types\/post"}],"author":[{"embeddable":true,"href":"https:\/\/sid.uncu.edu.ar\/wp\/wp-json\/wp\/v2\/users\/2"}],"replies":[{"embeddable":true,"href":"https:\/\/sid.uncu.edu.ar\/wp\/wp-json\/wp\/v2\/comments?post=6138"}],"version-history":[{"count":2,"href":"https:\/\/sid.uncu.edu.ar\/wp\/wp-json\/wp\/v2\/posts\/6138\/revisions"}],"predecessor-version":[{"id":6140,"href":"https:\/\/sid.uncu.edu.ar\/wp\/wp-json\/wp\/v2\/posts\/6138\/revisions\/6140"}],"wp:attachment":[{"href":"https:\/\/sid.uncu.edu.ar\/wp\/wp-json\/wp\/v2\/media?parent=6138"}],"wp:term":[{"taxonomy":"category","embeddable":true,"href":"https:\/\/sid.uncu.edu.ar\/wp\/wp-json\/wp\/v2\/categories?post=6138"},{"taxonomy":"post_tag","embeddable":true,"href":"https:\/\/sid.uncu.edu.ar\/wp\/wp-json\/wp\/v2\/tags?post=6138"}],"curies":[{"name":"wp","href":"https:\/\/api.w.org\/{rel}","templated":true}]}}