{"id":5936,"date":"2013-03-22T03:12:34","date_gmt":"2013-03-22T12:12:34","guid":{"rendered":"http:\/\/sid.uncu.edu.ar\/sid\/?p=5936"},"modified":"2013-03-22T03:27:49","modified_gmt":"2013-03-22T12:27:49","slug":"22-de-marzo-dia-internacional-del-agua","status":"publish","type":"post","link":"https:\/\/sid.uncu.edu.ar\/wp\/2013\/03\/22-de-marzo-dia-internacional-del-agua\/","title":{"rendered":"22 de marzo: d\u00eda internacional del AGUA"},"content":{"rendered":"<p>&nbsp;<\/p>\n<p style=\"text-align: center;\"><a href=\"http:\/\/sid.uncu.edu.ar\/sid\/wp-content\/uploads\/2013\/03\/images.jpeg\"><img loading=\"lazy\" decoding=\"async\" class=\"aligncenter size-full wp-image-5937\" title=\"images\" src=\"http:\/\/sid.uncu.edu.ar\/sid\/wp-content\/uploads\/2013\/03\/images.jpeg\" alt=\"\" width=\"273\" height=\"184\" \/><\/a><\/p>\n<p style=\"text-align: justify;\">\u00a0\u00a0\u00a0\u00a0\u00a0\u00a0\u00a0\u00a0 La Asamblea General de las Naciones Unidas adopt\u00f3 el 22 de diciembre de 1993 la resoluci\u00f3n por la que el 22 de marzo de cada a\u00f1o fue declarado D\u00eda Mundial del Agua, a celebrarse a partir de 1993, en conformidad con las recomendaciones de la Conferencia de la Naciones Unidas sobre Medio Ambiente y Desarrollo contenidas en el Cap\u00edtulo 18 (Recursos de Agua Dulce) de la Agenda 21.<\/p>\n<p style=\"text-align: justify;\">\u00a0\u00a0\u00a0\u00a0\u00a0\u00a0\u00a0\u00a0\u00a0\u00a0\u00a0\u00a0\u00a0 Uno de los desaf\u00edos m\u00e1s graves ante los que se encuentra el mundo de hoy es la crisis del agua que se avecina: en efecto, en el siglo pasado la demanda mundial de este precioso elemento se multiplic\u00f3 por m\u00e1s de seis mientras que la poblaci\u00f3n del planeta se triplic\u00f3. De no mejorar la gesti\u00f3n de los recursos h\u00eddricos y los ecosistemas conexos, en 2025 dos tercios de la humanidad padecer\u00e1n problemas de penuria de agua grave o moderada.<\/p>\n<p style=\"text-align: justify;\">\u00a0\u00a0\u00a0\u00a0\u00a0\u00a0\u00a0\u00a0\u00a0\u00a0 Probablemente el agua sea el \u00fanico recurso natural que ata\u00f1e a todos los aspectos de la civilizaci\u00f3n, desde el desarrollo agr\u00edcola e industrial hasta los valores culturales y religiosos arraigados en la sociedad. La vida en el planeta comenz\u00f3 con el agua y ese nexo entre la vida y el agua sigue intacto. De hecho, a lo largo de la historia de la humanidad la necesidad y la demanda de agua han sido un motor del desarrollo social, econ\u00f3mico y cultural. No es exagerado afirmar que si hay una crisis del agua tambi\u00e9n habr\u00e1 una crisis del desarrollo.<\/p>\n","protected":false},"excerpt":{"rendered":"<p>&nbsp; \u00a0\u00a0\u00a0\u00a0\u00a0\u00a0\u00a0\u00a0 La Asamblea General de las Naciones Unidas adopt\u00f3 el 22 de diciembre de 1993 la resoluci\u00f3n por la<\/p>\n<div class=\"read-more\"><a class=\"btn button-secondary\" href=\"https:\/\/sid.uncu.edu.ar\/wp\/2013\/03\/22-de-marzo-dia-internacional-del-agua\/\">Leer m\u00e1s<\/a><\/div>\n","protected":false},"author":11,"featured_media":0,"comment_status":"closed","ping_status":"closed","sticky":false,"template":"","format":"standard","meta":{"_acf_changed":false,"bgseo_title":"","bgseo_description":"","bgseo_robots_index":"","bgseo_robots_follow":"","footnotes":""},"categories":[9],"tags":[],"class_list":["post-5936","post","type-post","status-publish","format-standard","hentry","category-efemerides"],"acf":[],"jetpack_featured_media_url":"","jetpack_sharing_enabled":true,"jetpack_likes_enabled":true,"_links":{"self":[{"href":"https:\/\/sid.uncu.edu.ar\/wp\/wp-json\/wp\/v2\/posts\/5936","targetHints":{"allow":["GET"]}}],"collection":[{"href":"https:\/\/sid.uncu.edu.ar\/wp\/wp-json\/wp\/v2\/posts"}],"about":[{"href":"https:\/\/sid.uncu.edu.ar\/wp\/wp-json\/wp\/v2\/types\/post"}],"author":[{"embeddable":true,"href":"https:\/\/sid.uncu.edu.ar\/wp\/wp-json\/wp\/v2\/users\/11"}],"replies":[{"embeddable":true,"href":"https:\/\/sid.uncu.edu.ar\/wp\/wp-json\/wp\/v2\/comments?post=5936"}],"version-history":[{"count":4,"href":"https:\/\/sid.uncu.edu.ar\/wp\/wp-json\/wp\/v2\/posts\/5936\/revisions"}],"predecessor-version":[{"id":5939,"href":"https:\/\/sid.uncu.edu.ar\/wp\/wp-json\/wp\/v2\/posts\/5936\/revisions\/5939"}],"wp:attachment":[{"href":"https:\/\/sid.uncu.edu.ar\/wp\/wp-json\/wp\/v2\/media?parent=5936"}],"wp:term":[{"taxonomy":"category","embeddable":true,"href":"https:\/\/sid.uncu.edu.ar\/wp\/wp-json\/wp\/v2\/categories?post=5936"},{"taxonomy":"post_tag","embeddable":true,"href":"https:\/\/sid.uncu.edu.ar\/wp\/wp-json\/wp\/v2\/tags?post=5936"}],"curies":[{"name":"wp","href":"https:\/\/api.w.org\/{rel}","templated":true}]}}