{"id":5103,"date":"2012-12-10T05:05:56","date_gmt":"2012-12-10T15:05:56","guid":{"rendered":"http:\/\/sid.uncu.edu.ar\/sid\/?p=5103"},"modified":"2012-12-10T05:05:56","modified_gmt":"2012-12-10T15:05:56","slug":"10-de-diciembre-dia-internacional-de-los-derechos-humanos-2","status":"publish","type":"post","link":"https:\/\/sid.uncu.edu.ar\/wp\/2012\/12\/10-de-diciembre-dia-internacional-de-los-derechos-humanos-2\/","title":{"rendered":"10 de diciembre: d\u00eda internacional de los Derechos Humanos"},"content":{"rendered":"<p>&nbsp;<\/p>\n<p><a href=\"http:\/\/sid.uncu.edu.ar\/sid\/wp-content\/uploads\/2012\/12\/derechos_humanos.jpg\"><img loading=\"lazy\" decoding=\"async\" class=\"aligncenter size-full wp-image-5104\" title=\"derechos_humanos\" src=\"http:\/\/sid.uncu.edu.ar\/sid\/wp-content\/uploads\/2012\/12\/derechos_humanos.jpg\" alt=\"\" width=\"385\" height=\"280\" srcset=\"https:\/\/sid.uncu.edu.ar\/wp\/wp-content\/uploads\/2012\/12\/derechos_humanos.jpg 385w, https:\/\/sid.uncu.edu.ar\/wp\/wp-content\/uploads\/2012\/12\/derechos_humanos-300x218.jpg 300w\" sizes=\"auto, (max-width: 385px) 100vw, 385px\" \/><\/a><\/p>\n<p>La cuesti\u00f3n que acapara la atenci\u00f3n este a\u00f1o es el derecho de todas las personas sin distinci\u00f3n de su sexo, su edad, su grupo \u00e9tnico, su posici\u00f3n social o de si padecen alguna discapacidad, a hacer o\u00edr su voz en la vida p\u00fablica y a ser incluidos en el proceso de adopci\u00f3n de decisiones pol\u00edticas.<\/p>\n<p>Estos derechos fundamentales \u2013<strong>los de la libertad de opini\u00f3n y expresi\u00f3n, los de la libertad de reuni\u00f3n y asociaci\u00f3n pac\u00edficas y el de participar en el gobierno<\/strong> (art\u00edculos 19, 20 y 21 de la Declaraci\u00f3n Universal de Derechos Humanos)- han estado en el centro de los cambios hist\u00f3ricos en el mundo \u00e1rabe desde hace dos a\u00f1os, per\u00edodo en que millones de personas se han lanzado a la calle para demandar cambios. En otras partes del mundo el \u00ab99%\u00bb ha hecho sentir su voz mediante el movimiento mundial de los indignados para protestar por a desigualdad econ\u00f3mica, pol\u00edtica y social.<\/p>\n","protected":false},"excerpt":{"rendered":"<p>&nbsp; La cuesti\u00f3n que acapara la atenci\u00f3n este a\u00f1o es el derecho de todas las personas sin distinci\u00f3n de su<\/p>\n<div class=\"read-more\"><a class=\"btn button-secondary\" href=\"https:\/\/sid.uncu.edu.ar\/wp\/2012\/12\/10-de-diciembre-dia-internacional-de-los-derechos-humanos-2\/\">Leer m\u00e1s<\/a><\/div>\n","protected":false},"author":11,"featured_media":0,"comment_status":"closed","ping_status":"closed","sticky":false,"template":"","format":"standard","meta":{"_acf_changed":false,"bgseo_title":"","bgseo_description":"","bgseo_robots_index":"","bgseo_robots_follow":"","footnotes":""},"categories":[9],"tags":[],"class_list":["post-5103","post","type-post","status-publish","format-standard","hentry","category-efemerides"],"acf":[],"jetpack_featured_media_url":"","jetpack_sharing_enabled":true,"jetpack_likes_enabled":true,"_links":{"self":[{"href":"https:\/\/sid.uncu.edu.ar\/wp\/wp-json\/wp\/v2\/posts\/5103","targetHints":{"allow":["GET"]}}],"collection":[{"href":"https:\/\/sid.uncu.edu.ar\/wp\/wp-json\/wp\/v2\/posts"}],"about":[{"href":"https:\/\/sid.uncu.edu.ar\/wp\/wp-json\/wp\/v2\/types\/post"}],"author":[{"embeddable":true,"href":"https:\/\/sid.uncu.edu.ar\/wp\/wp-json\/wp\/v2\/users\/11"}],"replies":[{"embeddable":true,"href":"https:\/\/sid.uncu.edu.ar\/wp\/wp-json\/wp\/v2\/comments?post=5103"}],"version-history":[{"count":1,"href":"https:\/\/sid.uncu.edu.ar\/wp\/wp-json\/wp\/v2\/posts\/5103\/revisions"}],"predecessor-version":[{"id":5105,"href":"https:\/\/sid.uncu.edu.ar\/wp\/wp-json\/wp\/v2\/posts\/5103\/revisions\/5105"}],"wp:attachment":[{"href":"https:\/\/sid.uncu.edu.ar\/wp\/wp-json\/wp\/v2\/media?parent=5103"}],"wp:term":[{"taxonomy":"category","embeddable":true,"href":"https:\/\/sid.uncu.edu.ar\/wp\/wp-json\/wp\/v2\/categories?post=5103"},{"taxonomy":"post_tag","embeddable":true,"href":"https:\/\/sid.uncu.edu.ar\/wp\/wp-json\/wp\/v2\/tags?post=5103"}],"curies":[{"name":"wp","href":"https:\/\/api.w.org\/{rel}","templated":true}]}}