{"id":4736,"date":"2012-09-20T11:18:46","date_gmt":"2012-09-20T20:18:46","guid":{"rendered":"http:\/\/sid.uncu.edu.ar\/sid\/?p=4736"},"modified":"2012-10-09T08:13:26","modified_gmt":"2012-10-09T17:13:26","slug":"la-biblioteca-central-de-la-uncuyo-llevara-el-nombre-del-dr-arturo-andres-roig","status":"publish","type":"post","link":"https:\/\/sid.uncu.edu.ar\/wp\/2012\/09\/la-biblioteca-central-de-la-uncuyo-llevara-el-nombre-del-dr-arturo-andres-roig\/","title":{"rendered":"La Biblioteca Central de la UNCuyo llevar\u00e1 el nombre del Dr. Arturo Andr\u00e9s Roig"},"content":{"rendered":"<p><a href=\"http:\/\/sid.uncu.edu.ar\/sid\/wp-content\/uploads\/2012\/09\/biblioteca-central.jpg\"><img loading=\"lazy\" decoding=\"async\" class=\"alignleft  wp-image-4738\" title=\"biblioteca-central\" src=\"http:\/\/sid.uncu.edu.ar\/sid\/wp-content\/uploads\/2012\/09\/biblioteca-central.jpg\" alt=\"\" width=\"374\" height=\"238\" srcset=\"https:\/\/sid.uncu.edu.ar\/wp\/wp-content\/uploads\/2012\/09\/biblioteca-central.jpg 600w, https:\/\/sid.uncu.edu.ar\/wp\/wp-content\/uploads\/2012\/09\/biblioteca-central-300x191.jpg 300w\" sizes=\"auto, (max-width: 374px) 100vw, 374px\" \/><\/a> A trav\u00e9s de la Resoluci\u00f3n 461\/2012 del Consejo Superior de nuestra Universidad, se resolvi\u00f3 imponer el nombre de \u00abArturo Andr\u00e9s Roig\u00bb a la Biblioteca Central de la UNCuyo. As\u00ed se rinde el debido homenaje al gran historiador y fil\u00f3sofo latinoamericano.<br \/>\nEl acto definitivo se planea para fines de este a\u00f1o.<\/p>\n<p><!--more--><\/p>\n<p>El Consejo Superior de nuestra Universidad tom\u00f3 la propuesta de la exdirectora del SID la Sra. Isabel\u00a0 Pi\u00f1eiro y resolvi\u00f3<strong> nombrar la Biblioteca Central de la UNCuyo con el nombre del \u00abDr. Arturo Andr\u00e9s Roig\u00bb,<\/strong> eximio egresado de la UNCuyo, renombrado investigador, fil\u00f3sofo e historiador\u00a0 y uno de los m\u00e1s importantes intelectuales latinoamericanos que haya dado nuestra regi\u00f3n.<\/p>\n<p>La Biblioteca Central fue siempre motivo de preocupaci\u00f3n del Dr. Roig: cuando ejerc\u00eda las funciones de Secretario de Asuntos Acad\u00e9micos en la UNCuyo elabor\u00f3 un \u00ab<strong>informe de la comisi\u00f3n de reordenamiento bibliotecario<\/strong>\u00ab, donde quedaban plasmadas las bases del rol que esta dependencia deb\u00eda cumplir en la Casa de Estudios. M\u00e1s adelante <strong>don\u00f3 importantes secciones de su biblioteca personal<\/strong>, como la secci\u00f3n de Ecuador y Venezuela, destacada entre otros materiales latinoamericanos, fotograf\u00edas, cartas y valiosos testimonios que hoy se encuentran bajo el resguardo del Centro de Documentaci\u00f3n Hist\u00f3rica de SID.<\/p>\n<p>El acto de \u00abbautizo\u00bb de la Biblioteca Central est\u00e1 planeado para fines de este a\u00f1o.<\/p>\n<p><a href=\"http:\/\/sid.uncu.edu.ar\/sid\/wp-content\/uploads\/2012\/05\/roig1.jpg\"><img loading=\"lazy\" decoding=\"async\" class=\"alignleft size-medium wp-image-3938\" title=\"roig\" src=\"http:\/\/sid.uncu.edu.ar\/sid\/wp-content\/uploads\/2012\/05\/roig1-300x150.jpg\" alt=\"\" width=\"300\" height=\"150\" srcset=\"https:\/\/sid.uncu.edu.ar\/wp\/wp-content\/uploads\/2012\/05\/roig1-300x150.jpg 300w, https:\/\/sid.uncu.edu.ar\/wp\/wp-content\/uploads\/2012\/05\/roig1.jpg 700w\" sizes=\"auto, (max-width: 300px) 100vw, 300px\" \/><\/a><\/p>\n","protected":false},"excerpt":{"rendered":"<p>A trav\u00e9s de la Resoluci\u00f3n 461\/2012 del Consejo Superior de nuestra Universidad, se resolvi\u00f3 imponer el nombre de \u00abArturo Andr\u00e9s<\/p>\n<div class=\"read-more\"><a class=\"btn button-secondary\" href=\"https:\/\/sid.uncu.edu.ar\/wp\/2012\/09\/la-biblioteca-central-de-la-uncuyo-llevara-el-nombre-del-dr-arturo-andres-roig\/\">Leer m\u00e1s<\/a><\/div>\n","protected":false},"author":11,"featured_media":0,"comment_status":"closed","ping_status":"closed","sticky":false,"template":"","format":"standard","meta":{"_acf_changed":false,"bgseo_title":"","bgseo_description":"","bgseo_robots_index":"","bgseo_robots_follow":"","footnotes":""},"categories":[3],"tags":[],"class_list":["post-4736","post","type-post","status-publish","format-standard","hentry","category-noticias"],"acf":[],"jetpack_featured_media_url":"","jetpack_sharing_enabled":true,"jetpack_likes_enabled":true,"_links":{"self":[{"href":"https:\/\/sid.uncu.edu.ar\/wp\/wp-json\/wp\/v2\/posts\/4736","targetHints":{"allow":["GET"]}}],"collection":[{"href":"https:\/\/sid.uncu.edu.ar\/wp\/wp-json\/wp\/v2\/posts"}],"about":[{"href":"https:\/\/sid.uncu.edu.ar\/wp\/wp-json\/wp\/v2\/types\/post"}],"author":[{"embeddable":true,"href":"https:\/\/sid.uncu.edu.ar\/wp\/wp-json\/wp\/v2\/users\/11"}],"replies":[{"embeddable":true,"href":"https:\/\/sid.uncu.edu.ar\/wp\/wp-json\/wp\/v2\/comments?post=4736"}],"version-history":[{"count":6,"href":"https:\/\/sid.uncu.edu.ar\/wp\/wp-json\/wp\/v2\/posts\/4736\/revisions"}],"predecessor-version":[{"id":4749,"href":"https:\/\/sid.uncu.edu.ar\/wp\/wp-json\/wp\/v2\/posts\/4736\/revisions\/4749"}],"wp:attachment":[{"href":"https:\/\/sid.uncu.edu.ar\/wp\/wp-json\/wp\/v2\/media?parent=4736"}],"wp:term":[{"taxonomy":"category","embeddable":true,"href":"https:\/\/sid.uncu.edu.ar\/wp\/wp-json\/wp\/v2\/categories?post=4736"},{"taxonomy":"post_tag","embeddable":true,"href":"https:\/\/sid.uncu.edu.ar\/wp\/wp-json\/wp\/v2\/tags?post=4736"}],"curies":[{"name":"wp","href":"https:\/\/api.w.org\/{rel}","templated":true}]}}