{"id":4576,"date":"2012-09-07T12:10:16","date_gmt":"2012-09-07T15:10:16","guid":{"rendered":"http:\/\/sid.uncu.edu.ar\/sid\/?p=4576"},"modified":"2012-09-07T12:10:16","modified_gmt":"2012-09-07T15:10:16","slug":"8-de-septiembre-dia-internacional-de-la-alfabetizacion-2","status":"publish","type":"post","link":"https:\/\/sid.uncu.edu.ar\/wp\/2012\/09\/8-de-septiembre-dia-internacional-de-la-alfabetizacion-2\/","title":{"rendered":"8 de septiembre: d\u00eda internacional de la alfabetizaci\u00f3n"},"content":{"rendered":"<p style=\"text-align: center;\">\u00a0\u00a0\u00a0\u00a0\u00a0\u00a0\u00a0\u00a0\u00a0\u00a0\u00a0\u00a0\u00a0\u00a0\u00a0\u00a0 <a href=\"http:\/\/sid.uncu.edu.ar\/sid\/wp-content\/uploads\/2012\/09\/alfabetizacion1.jpg\"><img loading=\"lazy\" decoding=\"async\" class=\"aligncenter size-full wp-image-4578\" title=\"alfabetizacion\" src=\"http:\/\/sid.uncu.edu.ar\/sid\/wp-content\/uploads\/2012\/09\/alfabetizacion1.jpg\" alt=\"\" width=\"355\" height=\"237\" srcset=\"https:\/\/sid.uncu.edu.ar\/wp\/wp-content\/uploads\/2012\/09\/alfabetizacion1.jpg 355w, https:\/\/sid.uncu.edu.ar\/wp\/wp-content\/uploads\/2012\/09\/alfabetizacion1-300x200.jpg 300w\" sizes=\"auto, (max-width: 355px) 100vw, 355px\" \/><\/a><\/p>\n<p>\u00a0\u00a0\u00a0\u00a0\u00a0\u00a0\u00a0\u00a0\u00a0\u00a0\u00a0\u00a0\u00a0\u00a0\u00a0\u00a0\u00a0\u00a0 Desde hace m\u00e1s de 40 a\u00f1os, la UNESCO celebra el D\u00eda Internacional de la Alfabetizaci\u00f3n, en el que recuerda a la comunidad mundial que la alfabetizaci\u00f3n es un derecho humano y constituye la base de todo aprendizaje.<\/p>\n<p>Adem\u00e1s, la alfabetizaci\u00f3n es el eje mismo de la Educaci\u00f3n para Todos y resulta esencial para erradicar la pobreza, reducir la mortalidad infantil, frenar el crecimiento demogr\u00e1fico, lograr la igualdad de g\u00e9nero y garantizar el desarrollo sostenible, la paz y la democracia.<\/p>\n<p>El tema del <strong><\/strong>de 2012 es \u201c<strong>La alfabetizaci\u00f3n y la paz<\/strong>\u201d. Este tema fue adoptado por el Decenio de las Naciones Unidas de la Alfabetizaci\u00f3n (DNUA) a fin de demostrar los m\u00faltiples usos y valores que la alfabetizaci\u00f3n aporta a las personas.<\/p>\n","protected":false},"excerpt":{"rendered":"<p>\u00a0\u00a0\u00a0\u00a0\u00a0\u00a0\u00a0\u00a0\u00a0\u00a0\u00a0\u00a0\u00a0\u00a0\u00a0\u00a0 \u00a0\u00a0\u00a0\u00a0\u00a0\u00a0\u00a0\u00a0\u00a0\u00a0\u00a0\u00a0\u00a0\u00a0\u00a0\u00a0\u00a0\u00a0 Desde hace m\u00e1s de 40 a\u00f1os, la UNESCO celebra el D\u00eda Internacional de la Alfabetizaci\u00f3n, en el que<\/p>\n<div class=\"read-more\"><a class=\"btn button-secondary\" href=\"https:\/\/sid.uncu.edu.ar\/wp\/2012\/09\/8-de-septiembre-dia-internacional-de-la-alfabetizacion-2\/\">Leer m\u00e1s<\/a><\/div>\n","protected":false},"author":11,"featured_media":0,"comment_status":"closed","ping_status":"closed","sticky":false,"template":"","format":"standard","meta":{"_acf_changed":false,"bgseo_title":"","bgseo_description":"","bgseo_robots_index":"","bgseo_robots_follow":"","footnotes":""},"categories":[9],"tags":[],"class_list":["post-4576","post","type-post","status-publish","format-standard","hentry","category-efemerides"],"acf":[],"jetpack_featured_media_url":"","jetpack_sharing_enabled":true,"jetpack_likes_enabled":true,"_links":{"self":[{"href":"https:\/\/sid.uncu.edu.ar\/wp\/wp-json\/wp\/v2\/posts\/4576","targetHints":{"allow":["GET"]}}],"collection":[{"href":"https:\/\/sid.uncu.edu.ar\/wp\/wp-json\/wp\/v2\/posts"}],"about":[{"href":"https:\/\/sid.uncu.edu.ar\/wp\/wp-json\/wp\/v2\/types\/post"}],"author":[{"embeddable":true,"href":"https:\/\/sid.uncu.edu.ar\/wp\/wp-json\/wp\/v2\/users\/11"}],"replies":[{"embeddable":true,"href":"https:\/\/sid.uncu.edu.ar\/wp\/wp-json\/wp\/v2\/comments?post=4576"}],"version-history":[{"count":1,"href":"https:\/\/sid.uncu.edu.ar\/wp\/wp-json\/wp\/v2\/posts\/4576\/revisions"}],"predecessor-version":[{"id":4579,"href":"https:\/\/sid.uncu.edu.ar\/wp\/wp-json\/wp\/v2\/posts\/4576\/revisions\/4579"}],"wp:attachment":[{"href":"https:\/\/sid.uncu.edu.ar\/wp\/wp-json\/wp\/v2\/media?parent=4576"}],"wp:term":[{"taxonomy":"category","embeddable":true,"href":"https:\/\/sid.uncu.edu.ar\/wp\/wp-json\/wp\/v2\/categories?post=4576"},{"taxonomy":"post_tag","embeddable":true,"href":"https:\/\/sid.uncu.edu.ar\/wp\/wp-json\/wp\/v2\/tags?post=4576"}],"curies":[{"name":"wp","href":"https:\/\/api.w.org\/{rel}","templated":true}]}}