{"id":4441,"date":"2012-08-14T16:30:34","date_gmt":"2012-08-14T19:30:34","guid":{"rendered":"http:\/\/sid.uncu.edu.ar\/sid\/?p=4441"},"modified":"2012-08-14T16:30:34","modified_gmt":"2012-08-14T19:30:34","slug":"seminario-web-de-capacitacion-de-usuarios-en-la-biblioteca-electronica-del-mincyt","status":"publish","type":"post","link":"https:\/\/sid.uncu.edu.ar\/wp\/2012\/08\/seminario-web-de-capacitacion-de-usuarios-en-la-biblioteca-electronica-del-mincyt\/","title":{"rendered":"Seminario Web de capacitaci\u00f3n de usuarios en la Biblioteca electr\u00f3nica del MINCyT"},"content":{"rendered":"<p><img loading=\"lazy\" decoding=\"async\" class=\"alignleft\" title=\"Logo Biblioteca\" src=\"http:\/\/www.mincyt.gov.ar\/multimedia\/imagen\/acciones\/biblioteca_electronica_01.jpg\" alt=\"\" width=\"300\" height=\"180\" \/>Los d\u00edas 22 y 23 de agosto se realizar\u00e1 un Seminario Web de capacitaci\u00f3n de usuarios de la Biblioteca Electr\u00f3nica de Ciencia y Tecnolog\u00eda, con el objetivo de dar a conocer los servicios y recursos que brindamos a nuestros usuarios y dotarlos de habilidades informacionales que les permitan obtener un eficiente manejo del metabuscador, una herramienta de b\u00fasqueda incorporada en la Biblioteca Electr\u00f3nica de Ciencia y Tecnolog\u00eda.<\/p>\n<p>Est\u00e1 destinado a investigadores, profesores y auxiliares docentes con dedicaci\u00f3n a la investigaci\u00f3n, permanentes, temporarios y visitantes, becarios y personal de apoyo a la investigaci\u00f3n, estudiantes de grado y de posgrado, bibliotecarios y funcionarios autorizados de las Universidades Nacionales del sector p\u00fablico y de diversos organismos de Ciencia y Tecnolog\u00eda.<\/p>\n<p>Para participar de esta capacitaci\u00f3n virtual es necesario pertenecer a un Organismo o Universidad habilitada y realizar la inscripci\u00f3n. Luego de inscribirse, recibir\u00e1 por correo electr\u00f3nico las indicaciones correspondientes para conectarse a la sesi\u00f3n elegida.<\/p>\n<p><strong>Inscripciones en:<\/strong><br \/>\nhttp:\/\/www.biblioteca.mincyt.gov.ar\/novedades\/noti_seminario_2012_2.php<\/p>\n<p><strong>Cierre de inscripciones: <span style=\"text-decoration: underline;\">Lunes 20 de agosto<\/span><\/strong><\/p>\n<p><strong>Sesi\u00f3n 1:<\/strong>\u00a0 mi\u00e9rcoles 22 de agosto de 10.00 a 13.30 horas<br \/>\n<strong>Sesi\u00f3n 2:<\/strong>\u00a0 jueves 23 de agosto de 13.30 a 17.00 horas<br \/>\n(al momento de la inscripci\u00f3n, el usuario deber\u00e1 optar por una de las dos opciones)<\/p>\n<p><strong>Consultar requisitos t\u00e9cnicos<\/strong><br \/>\nhttp:\/\/new.paho.org\/arg\/index.php?option=com_content&#038;task=view&#038;id=580&#038;<br \/>\nItemid=224<\/p>\n<p><strong>Sobre la Biblioteca Electr\u00f3nica<\/strong><br \/>\n<img loading=\"lazy\" decoding=\"async\" class=\"alignnone\" title=\"Biblioteca MINCyT\" src=\"http:\/\/unrn.edu.ar\/blogs\/biblio-alto-valle\/files\/2012\/03\/Logo-Biblioteca.jpg\" alt=\"\" width=\"436\" height=\"57\" \/><br \/>\nLa Biblioteca Electr\u00f3nica de Ciencia y Tecnolog\u00eda del Ministerio de Ciencia, Tecnolog\u00eda e Innovaci\u00f3n Productiva tiene como misi\u00f3n satisfacer las necesidades de informaci\u00f3n de la comunidad cient\u00edfica argentina. Para cumplir con su misi\u00f3n brinda a todos los miembros de dicha comunidad, acceso trav\u00e9s de Internet a 24 colecciones que incluyen bases de datos referenciales, 9.000 libros y 11.000 t\u00edtulos de publicaciones peri\u00f3dicas en texto completo, representando en 2012 una inversi\u00f3n de alrededor de $90 millones en suscripciones.<\/p>\n<p>A fin de mejorar sus servicios y facilitar el acceso a la informaci\u00f3n por parte de sus usuarios la Biblioteca Electr\u00f3nica incorpor\u00f3 el metabuscador, una herramienta que permite efectuar b\u00fasquedas bibliogr\u00e1ficas de manera simult\u00e1nea en todas las bases de datos suscriptas y en algunas de acceso abierto especialmente seleccionadas.<\/p>\n<p>El metabuscador, disponible en la p\u00e1gina principal de la Biblioteca Electr\u00f3nica, es un recurso que agrega valor a los servicios de la misma, facilitando la recuperaci\u00f3n de la informaci\u00f3n suscripta y de acceso abierto y permitiendo a los investigadores contar con un principal punto de partida para realizar sus b\u00fasquedas de informaci\u00f3n<br \/>\nbibliogr\u00e1fica.<\/p>\n","protected":false},"excerpt":{"rendered":"<p>Los d\u00edas 22 y 23 de agosto se realizar\u00e1 un Seminario Web de capacitaci\u00f3n de usuarios de la Biblioteca Electr\u00f3nica<\/p>\n<div class=\"read-more\"><a class=\"btn button-secondary\" href=\"https:\/\/sid.uncu.edu.ar\/wp\/2012\/08\/seminario-web-de-capacitacion-de-usuarios-en-la-biblioteca-electronica-del-mincyt\/\">Leer m\u00e1s<\/a><\/div>\n","protected":false},"author":11,"featured_media":0,"comment_status":"closed","ping_status":"closed","sticky":false,"template":"","format":"standard","meta":{"_acf_changed":false,"bgseo_title":"","bgseo_description":"","bgseo_robots_index":"","bgseo_robots_follow":"","footnotes":""},"categories":[3],"tags":[48,25],"class_list":["post-4441","post","type-post","status-publish","format-standard","hentry","category-noticias","tag-biblioteca-mincyt","tag-capacitaciones"],"acf":[],"jetpack_featured_media_url":"","jetpack_sharing_enabled":true,"jetpack_likes_enabled":true,"_links":{"self":[{"href":"https:\/\/sid.uncu.edu.ar\/wp\/wp-json\/wp\/v2\/posts\/4441","targetHints":{"allow":["GET"]}}],"collection":[{"href":"https:\/\/sid.uncu.edu.ar\/wp\/wp-json\/wp\/v2\/posts"}],"about":[{"href":"https:\/\/sid.uncu.edu.ar\/wp\/wp-json\/wp\/v2\/types\/post"}],"author":[{"embeddable":true,"href":"https:\/\/sid.uncu.edu.ar\/wp\/wp-json\/wp\/v2\/users\/11"}],"replies":[{"embeddable":true,"href":"https:\/\/sid.uncu.edu.ar\/wp\/wp-json\/wp\/v2\/comments?post=4441"}],"version-history":[{"count":1,"href":"https:\/\/sid.uncu.edu.ar\/wp\/wp-json\/wp\/v2\/posts\/4441\/revisions"}],"predecessor-version":[{"id":4442,"href":"https:\/\/sid.uncu.edu.ar\/wp\/wp-json\/wp\/v2\/posts\/4441\/revisions\/4442"}],"wp:attachment":[{"href":"https:\/\/sid.uncu.edu.ar\/wp\/wp-json\/wp\/v2\/media?parent=4441"}],"wp:term":[{"taxonomy":"category","embeddable":true,"href":"https:\/\/sid.uncu.edu.ar\/wp\/wp-json\/wp\/v2\/categories?post=4441"},{"taxonomy":"post_tag","embeddable":true,"href":"https:\/\/sid.uncu.edu.ar\/wp\/wp-json\/wp\/v2\/tags?post=4441"}],"curies":[{"name":"wp","href":"https:\/\/api.w.org\/{rel}","templated":true}]}}