{"id":4292,"date":"2012-06-29T12:54:51","date_gmt":"2012-06-29T15:54:51","guid":{"rendered":"http:\/\/sid.uncu.edu.ar\/sid\/?p=4292"},"modified":"2012-06-29T12:54:51","modified_gmt":"2012-06-29T15:54:51","slug":"lanzamiento-de-los-proyectos-2012-del-programa-de-inclusion-social-e-igualdad-de-oportunidades-gustavo-andres-kent","status":"publish","type":"post","link":"https:\/\/sid.uncu.edu.ar\/wp\/2012\/06\/lanzamiento-de-los-proyectos-2012-del-programa-de-inclusion-social-e-igualdad-de-oportunidades-gustavo-andres-kent\/","title":{"rendered":"Lanzamiento de los Proyectos 2012 del Programa de Inclusi\u00f3n Social e Igualdad de Oportunidades \u00abGustavo Andr\u00e9s Kent\u00bb"},"content":{"rendered":"<div id='gallery-1' class='gallery galleryid-4292 gallery-columns-2 gallery-size-thumbnail'><figure class='gallery-item'>\n\t\t\t<div class='gallery-icon landscape'>\n\t\t\t\t<a href='https:\/\/sid.uncu.edu.ar\/wp\/wp-content\/uploads\/2012\/06\/servac-proyectos-inclusion-2012.jpg'><img loading=\"lazy\" decoding=\"async\" width=\"100\" height=\"100\" src=\"https:\/\/sid.uncu.edu.ar\/wp\/wp-content\/uploads\/2012\/06\/servac-proyectos-inclusion-2012-150x150.jpg\" class=\"attachment-thumbnail size-thumbnail\" alt=\"\" \/><\/a>\n\t\t\t<\/div><\/figure>\n\t\t<\/div>\n\n<p>El viernes 29 de junio se realiz\u00f3 el lanzamiento de los Proyectos abalados por el Programa de Inclusion Social e Igualdad de Oportunidades \u00abGustavo Andr\u00e9s Kent\u00bb de la UNCUYO.<\/p>\n<p>&nbsp;<\/p>\n<p>Dentro de este Programa (Convocatoria a Secretar\u00edas), se present\u00f3 el Proyecto de SERVAC, Servicios Accesibles del SID, titulado: <strong>\u00ab<em>Inclusi\u00f3n educativa e Igualdad de oportunidades para personas con discapacidad:<\/em><em> proceso t\u00e9cnico de la Biblioteca Parlante, <\/em><em>capacitaci\u00f3n de usuarios ciegos en el uso de recursos tecnol\u00f3gicos para el acceso a la informaci\u00f3n, conformaci\u00f3n de Repositorio Digital de contenidos acad\u00e9micos para Ciegos a trav\u00e9s de la Web del SID y acciones de articulaci\u00f3n educativa para equiparaci\u00f3n de oportunidades\u00bb, el cual se encuadra dentro de los Proyectos presentados por\u00a0 Secretar\u00eda Acad\u00e9mica.<br \/>\n<\/em><\/strong><\/p>\n<p>&nbsp;<\/p>\n<p><strong>Objetivos Generales del Proyecto:<br \/>\n<\/strong><\/p>\n<p>a. Favorecer el acceso libre y equitativo al conocimiento cient\u00edfico y a los recursos de informaci\u00f3n de usuarios con discapacidad por medio del acrecentamiento de la oferta de servicios en forma local y remota accesibles desde el SID.<\/p>\n<p>b.\u00a0 Contribuir a la ense\u00f1anza del uso de tiflotecnolog\u00edas\u00a0a usuarios con discapacidad visual, del sistema universitario\u00a0 y de la comunidad en general, que posibilite el\u00a0 acceso libre y equitativo al conocimiento cient\u00edfico y a los recursos de informaci\u00f3n en general.<\/p>\n<p>&nbsp;<\/p>\n<p><strong>Objetivos Espec\u00edficos<\/strong><\/p>\n<p>a.1. Dar continuidad a la adaptaci\u00f3n de material bibliogr\u00e1fico, la organizaci\u00f3n de la colecci\u00f3n que posee en Servac, su inventario, procesamiento t\u00e9cnico y cargar en base de datos para su posterior y \u00f3ptima recuperaci\u00f3n.<\/p>\n<p>a.2. Proseguir la evaluaci\u00f3n y puesta en marcha del Repositorio digital para personas con discapacidad y adaptaci\u00f3n de la plataforma de Biblioteca Digital de la Universidad para la carga directa de documentos accesibles que contiene el servidor local.<\/p>\n<p>a.3. Fortalecer la adaptaci\u00f3n de bibliograf\u00eda, facilitar la atenci\u00f3n de personas con discapacidad y propiciar instancias de articulaci\u00f3n educativa con otros sectores.<\/p>\n<p>b.1. Proveer de oferta de formaci\u00f3n tecnol\u00f3gica especializada a usuarios con discapacidad visual, contemplando a las personas que incluyeron las instancias de capacitaci\u00f3n dadas anteriormente y los estudiantes o usuarios universitarios que lo necesiten actualmente, en especial alumnos de los primeros a\u00f1os y aspirantes a ingreso de las carreras de la UNCuyo, profesionales o docentes que adquirieron recientemente una discapacidad visual.<\/p>\n<p>&nbsp;<\/p>\n<p>El<strong> Servac<\/strong>, desarrolla su \u00e1rea de Discapacidad dentro de la red de bibliotecas del SID. En el transcurso de los a\u00f1os ha formado una Biblioteca Parlante con aproximadamente 20.000 documentos completos y 8000 a texto parcial, contiene adem\u00e1s un Programa de capacitaci\u00f3n formado por tres ejes: Capacitaci\u00f3n en uso de tecnolog\u00edas para usuarios ciegos y con baja visi\u00f3n; Capacitaci\u00f3n de bibliotecarios para la atenci\u00f3n de usuarios con discapacidad; Capacitaci\u00f3n de\u00a0 voluntarios de lectura para adaptaci\u00f3n de bibliograf\u00eda.<\/p>\n<p>En 2011 se desarroll\u00f3 una <em>extensi\u00f3n de la Biblioteca Digital (BD) de la UNCuyo y form\u00f3 el primer Repositorio Digital de contenidos acad\u00e9micos para Ciegos en el \u00e1mbito universitario nacional para consulta remota de documentos.<\/em><\/p>\n<p>Se procura abrir a todo p\u00fablico los servicios debido a que no hay en la Regi\u00f3n Cuyana otras bibliotecas para ciegos que ofrezcan servicios y recursos como lo hace esta Universidad. Para socializar la tem\u00e1tica, acrecentar el acervo documental accesible, dar capacitaciones a distintos sectores y desarrollar la tem\u00e1tica de la discapacidad se articula con Municipios, escuelas especiales, asociaciones de personas con discapacidad, ONGs y bibliotecas de todo tipo.<\/p>\n<p>&nbsp;<\/p>\n<p>Las prestaciones tienen una incidencia directa en los beneficiarios, ya que favorecen el desempe\u00f1o acad\u00e9mico y el ingreso de estudiantes con discapacidad, hoy esta Universidad cuenta con un n\u00famero muy elevado de estudiantes con discapacidad diseminados en distintas carreras.<\/p>\n<p>Desde Secretar\u00eda Acad\u00e9mica, se participa de la convocatoria de proyectos en el Programa de Igualdad de Oportunidades desde 2010 y ha significado un cambio cualitativo y cuantitativo para el Servicio, ya que se logr\u00f3: ampliar la convocatoria de estudiantes locales y p\u00fablico en general en la Capacitaci\u00f3n de Usuarios con en el uso de TICs, se financi\u00f3 el pago de becas para formar la biblioteca parlante, inventariar y procesar parcialmente el acervo documental adaptado, se quintuplic\u00f3 la cantidad de bibliograf\u00eda accesible de distintas c\u00e1tedras y se dio puntapi\u00e9 al desarrollo del repositorio digital para ciegos. Otro logro \u2013producto directo de la formaci\u00f3n inform\u00e1tica- es la incorporaci\u00f3n de becados con discapacidad que aportan su experiencia y trabajo en el proyecto.<\/p>\n","protected":false},"excerpt":{"rendered":"<p>El viernes 29 de junio se realiz\u00f3 el lanzamiento de los Proyectos abalados por el Programa de Inclusion Social e<\/p>\n<div class=\"read-more\"><a class=\"btn button-secondary\" href=\"https:\/\/sid.uncu.edu.ar\/wp\/2012\/06\/lanzamiento-de-los-proyectos-2012-del-programa-de-inclusion-social-e-igualdad-de-oportunidades-gustavo-andres-kent\/\">Leer m\u00e1s<\/a><\/div>\n","protected":false},"author":8,"featured_media":0,"comment_status":"open","ping_status":"open","sticky":false,"template":"","format":"standard","meta":{"_acf_changed":false,"bgseo_title":"","bgseo_description":"","bgseo_robots_index":"","bgseo_robots_follow":"","footnotes":""},"categories":[3],"tags":[],"class_list":["post-4292","post","type-post","status-publish","format-standard","hentry","category-noticias"],"acf":[],"jetpack_featured_media_url":"","jetpack_sharing_enabled":true,"jetpack_likes_enabled":true,"_links":{"self":[{"href":"https:\/\/sid.uncu.edu.ar\/wp\/wp-json\/wp\/v2\/posts\/4292","targetHints":{"allow":["GET"]}}],"collection":[{"href":"https:\/\/sid.uncu.edu.ar\/wp\/wp-json\/wp\/v2\/posts"}],"about":[{"href":"https:\/\/sid.uncu.edu.ar\/wp\/wp-json\/wp\/v2\/types\/post"}],"author":[{"embeddable":true,"href":"https:\/\/sid.uncu.edu.ar\/wp\/wp-json\/wp\/v2\/users\/8"}],"replies":[{"embeddable":true,"href":"https:\/\/sid.uncu.edu.ar\/wp\/wp-json\/wp\/v2\/comments?post=4292"}],"version-history":[{"count":13,"href":"https:\/\/sid.uncu.edu.ar\/wp\/wp-json\/wp\/v2\/posts\/4292\/revisions"}],"predecessor-version":[{"id":4306,"href":"https:\/\/sid.uncu.edu.ar\/wp\/wp-json\/wp\/v2\/posts\/4292\/revisions\/4306"}],"wp:attachment":[{"href":"https:\/\/sid.uncu.edu.ar\/wp\/wp-json\/wp\/v2\/media?parent=4292"}],"wp:term":[{"taxonomy":"category","embeddable":true,"href":"https:\/\/sid.uncu.edu.ar\/wp\/wp-json\/wp\/v2\/categories?post=4292"},{"taxonomy":"post_tag","embeddable":true,"href":"https:\/\/sid.uncu.edu.ar\/wp\/wp-json\/wp\/v2\/tags?post=4292"}],"curies":[{"name":"wp","href":"https:\/\/api.w.org\/{rel}","templated":true}]}}