{"id":4027,"date":"2012-05-17T12:40:32","date_gmt":"2012-05-17T15:40:32","guid":{"rendered":"http:\/\/sid.uncu.edu.ar\/sid\/?p=4027"},"modified":"2012-05-17T12:40:32","modified_gmt":"2012-05-17T15:40:32","slug":"17-de-mayo-dia-internacional-de-las-telecomunicaciones-y-de-la-sociedad-de-la-informacion","status":"publish","type":"post","link":"https:\/\/sid.uncu.edu.ar\/wp\/2012\/05\/17-de-mayo-dia-internacional-de-las-telecomunicaciones-y-de-la-sociedad-de-la-informacion\/","title":{"rendered":"17 de mayo: d\u00eda internacional de las Telecomunicaciones y de la Sociedad de la Informaci\u00f3n"},"content":{"rendered":"<p style=\"text-align: center;\">\u00a0\u00a0\u00a0\u00a0\u00a0\u00a0\u00a0\u00a0\u00a0\u00a0\u00a0<a href=\"http:\/\/sid.uncu.edu.ar\/sid\/wp-content\/uploads\/2012\/05\/telecomunicaciones.jpeg\"><img loading=\"lazy\" decoding=\"async\" class=\"aligncenter size-full wp-image-4028\" title=\"telecomunicaciones\" src=\"http:\/\/sid.uncu.edu.ar\/sid\/wp-content\/uploads\/2012\/05\/telecomunicaciones.jpeg\" alt=\"\" width=\"279\" height=\"181\" \/><\/a><\/p>\n<p>\u00a0\u00a0\u00a0\u00a0\u00a0\u00a0 Desde 1969 la Uni\u00f3n Internacional de Telecomunicaciones el 17 de mayo de cada a\u00f1o conmemora el aniversario de la firma del primer Convenio Telegr\u00e1fico Internacional y el establecimiento de la Uni\u00f3n Internacional de Telecomunicaciones como D\u00eda Mundial de las Telecomunicaciones. La Uni\u00f3n Internacional de Telecomunicaciones (UIT) es el organismo especializado de las Naciones Unidas encargado de regular las telecomunicaciones, a nivel internacional, entre las distintas administraciones y empresas operadoras.<\/p>\n<p>En noviembre de 2005, la Cumbre Mundial sobre la Sociedad de la Informaci\u00f3n pidi\u00f3 a la Asamblea General de las Naciones Unidas que declarara el 17 de mayo como el D\u00eda Mundial de la Sociedad de la Informaci\u00f3n.<\/p>\n<p>En noviembre de 2006, la Conferencia de Plenipotenciarios de la Uni\u00f3n Internacional de Telecomunicaciones reunida en Antalya (Turqu\u00eda) decidi\u00f3 celebrar ambos eventos, D\u00eda Mundial de las Telecomunicaciones y de la Sociedad de la Informaci\u00f3n, el 17 de mayo. La celebraci\u00f3n de la fecha contribuir\u00e1 a que se conozcan mejor las posibilidades que pueden brindar Internet y otras tecnolog\u00edas de la informaci\u00f3n y las comunicaciones a las sociedades y econom\u00edas y las diferentes formas de reducir la brecha digital existente en el acceso a las tecnolog\u00edas de la informaci\u00f3n y las comunicaciones en el mundo, espec\u00edficamente las Telecomunicaciones e Internet, y preparar planes de acci\u00f3n y pol\u00edticas para reducir dicha desigualdad.<\/p>\n","protected":false},"excerpt":{"rendered":"<p>\u00a0\u00a0\u00a0\u00a0\u00a0\u00a0\u00a0\u00a0\u00a0\u00a0\u00a0 \u00a0\u00a0\u00a0\u00a0\u00a0\u00a0 Desde 1969 la Uni\u00f3n Internacional de Telecomunicaciones el 17 de mayo de cada a\u00f1o conmemora el aniversario de<\/p>\n<div class=\"read-more\"><a class=\"btn button-secondary\" href=\"https:\/\/sid.uncu.edu.ar\/wp\/2012\/05\/17-de-mayo-dia-internacional-de-las-telecomunicaciones-y-de-la-sociedad-de-la-informacion\/\">Leer m\u00e1s<\/a><\/div>\n","protected":false},"author":11,"featured_media":0,"comment_status":"open","ping_status":"open","sticky":false,"template":"","format":"standard","meta":{"_acf_changed":false,"bgseo_title":"","bgseo_description":"","bgseo_robots_index":"","bgseo_robots_follow":"","footnotes":""},"categories":[9],"tags":[],"class_list":["post-4027","post","type-post","status-publish","format-standard","hentry","category-efemerides"],"acf":[],"jetpack_featured_media_url":"","jetpack_sharing_enabled":true,"jetpack_likes_enabled":true,"_links":{"self":[{"href":"https:\/\/sid.uncu.edu.ar\/wp\/wp-json\/wp\/v2\/posts\/4027","targetHints":{"allow":["GET"]}}],"collection":[{"href":"https:\/\/sid.uncu.edu.ar\/wp\/wp-json\/wp\/v2\/posts"}],"about":[{"href":"https:\/\/sid.uncu.edu.ar\/wp\/wp-json\/wp\/v2\/types\/post"}],"author":[{"embeddable":true,"href":"https:\/\/sid.uncu.edu.ar\/wp\/wp-json\/wp\/v2\/users\/11"}],"replies":[{"embeddable":true,"href":"https:\/\/sid.uncu.edu.ar\/wp\/wp-json\/wp\/v2\/comments?post=4027"}],"version-history":[{"count":1,"href":"https:\/\/sid.uncu.edu.ar\/wp\/wp-json\/wp\/v2\/posts\/4027\/revisions"}],"predecessor-version":[{"id":4029,"href":"https:\/\/sid.uncu.edu.ar\/wp\/wp-json\/wp\/v2\/posts\/4027\/revisions\/4029"}],"wp:attachment":[{"href":"https:\/\/sid.uncu.edu.ar\/wp\/wp-json\/wp\/v2\/media?parent=4027"}],"wp:term":[{"taxonomy":"category","embeddable":true,"href":"https:\/\/sid.uncu.edu.ar\/wp\/wp-json\/wp\/v2\/categories?post=4027"},{"taxonomy":"post_tag","embeddable":true,"href":"https:\/\/sid.uncu.edu.ar\/wp\/wp-json\/wp\/v2\/tags?post=4027"}],"curies":[{"name":"wp","href":"https:\/\/api.w.org\/{rel}","templated":true}]}}