{"id":3994,"date":"2012-05-11T16:56:55","date_gmt":"2012-05-11T19:56:55","guid":{"rendered":"http:\/\/sid.uncu.edu.ar\/sid\/?p=3994"},"modified":"2012-05-30T17:51:47","modified_gmt":"2012-05-30T20:51:47","slug":"inaugurada-la-muestra-el-ejercicio-de-expresarnos-en-biblioteca-central","status":"publish","type":"post","link":"https:\/\/sid.uncu.edu.ar\/wp\/2012\/05\/inaugurada-la-muestra-el-ejercicio-de-expresarnos-en-biblioteca-central\/","title":{"rendered":"Qued\u00f3 inaugurada la muestra \u201cEl ejercicio de expresarnos\u201d en la Biblioteca Central"},"content":{"rendered":"<p><a href=\"http:\/\/sid.uncu.edu.ar\/sid\/wp-content\/uploads\/2012\/05\/DSC1690.jpg\"><img loading=\"lazy\" decoding=\"async\" class=\"alignleft  wp-image-3995\" title=\"_DSC1690\" src=\"http:\/\/sid.uncu.edu.ar\/sid\/wp-content\/uploads\/2012\/05\/DSC1690-1024x681.jpg\" alt=\"\" width=\"281\" height=\"187\" srcset=\"https:\/\/sid.uncu.edu.ar\/wp\/wp-content\/uploads\/2012\/05\/DSC1690-1024x681.jpg 1024w, https:\/\/sid.uncu.edu.ar\/wp\/wp-content\/uploads\/2012\/05\/DSC1690-300x199.jpg 300w, https:\/\/sid.uncu.edu.ar\/wp\/wp-content\/uploads\/2012\/05\/DSC1690.jpg 1200w\" sizes=\"auto, (max-width: 281px) 100vw, 281px\" \/><\/a>Se realiz\u00f3 el jueves 10 de mayo la inauguraci\u00f3n de la muestra \u201cEl ejercicio de expresarnos\u201d en la biblioteca central.<br \/>\nLa muestra integra obras de diversas tem\u00e1ticas y soportes con el principio integrador de la participaci\u00f3n de artistas con y sin discapacidades en un mismo espacio de exposici\u00f3n. Esculturas t\u00e1ctiles, l\u00e1minas de pintores sin manos, impresiones digitales, instalaciones sonoras y pinturas forman parte de esta muestra para ver, tocar, oir y sentir. Los organizadores proponen con esta muestra dar lugar a distintas formas de percibir el arte.<!--more--><\/p>\n<p>En la inauguraci\u00f3n se dieron cita usuarios de los servicios para discapacitados del SID, personal de la universidad, autoridades y p\u00fablico en general, que disfrutaron de los cuentos de Draghi Lucero magistralmente interpretados por el actor Ernesto Suarez en un emotivo acto unipersonal. Una int\u00e9rprete de lengua de se\u00f1as acompa\u00f1\u00f3 al artista en toda su actuaci\u00f3n. Luego lleg\u00f3 el turno de la m\u00fasica: Sandra Amaya deleit\u00f3 con unas c\u00e1lidas coplas y tonadas mientras que Horacio Mart\u00ednez y su banda continuaron con una serie de canciones de aire folkl\u00f3rico. El cierre musical estuvo a cargo del Coro de Lengua de se\u00f1as de la Esc. Raquel Pav\u00f3n, que emocion\u00f3 a los presentes con una coreograf\u00eda sobre canciones populares.<\/p>\n<p><a href=\"http:\/\/sid.uncu.edu.ar\/sid\/wp-content\/uploads\/2012\/05\/DSC1710.jpg\"><img loading=\"lazy\" decoding=\"async\" class=\"size-medium wp-image-3996 alignleft\" title=\"_DSC1710\" src=\"http:\/\/sid.uncu.edu.ar\/sid\/wp-content\/uploads\/2012\/05\/DSC1710-300x201.jpg\" alt=\"\" width=\"300\" height=\"201\" srcset=\"https:\/\/sid.uncu.edu.ar\/wp\/wp-content\/uploads\/2012\/05\/DSC1710-300x201.jpg 300w, https:\/\/sid.uncu.edu.ar\/wp\/wp-content\/uploads\/2012\/05\/DSC1710-1024x686.jpg 1024w, https:\/\/sid.uncu.edu.ar\/wp\/wp-content\/uploads\/2012\/05\/DSC1710.jpg 1200w\" sizes=\"auto, (max-width: 300px) 100vw, 300px\" \/><\/a><a href=\"http:\/\/sid.uncu.edu.ar\/sid\/wp-content\/uploads\/2012\/05\/coro-esc-pavon.jpg\"> <img loading=\"lazy\" decoding=\"async\" class=\"alignnone size-medium wp-image-4008\" title=\"coro esc pavon\" src=\"http:\/\/sid.uncu.edu.ar\/sid\/wp-content\/uploads\/2012\/05\/coro-esc-pavon-300x200.jpg\" alt=\"\" width=\"300\" height=\"200\" srcset=\"https:\/\/sid.uncu.edu.ar\/wp\/wp-content\/uploads\/2012\/05\/coro-esc-pavon-300x200.jpg 300w, https:\/\/sid.uncu.edu.ar\/wp\/wp-content\/uploads\/2012\/05\/coro-esc-pavon.jpg 960w\" sizes=\"auto, (max-width: 300px) 100vw, 300px\" \/><\/a><\/p>\n<p>La locuci\u00f3n del evento estuvo a cargo de Gustavo Arce, profesional de la radio, invidente, que manej\u00f3 la velada con soltura y car\u00e1cter. Se dirigieron al p\u00fablico la Secretaria Acad\u00e9mica Claudia Paparini, el director del SID Horacio Degiorgi y la responsable del SERVAC Sandra Lucero. En sus palabras, destacaron el valor de este tipo de eventos tendientes a la integraci\u00f3n y su aporte al derecho al acceso a la informaci\u00f3n, al arte y al conocimiento, como una misi\u00f3n social fundamental de la universidad p\u00fablica.<\/p>\n<p><a href=\"http:\/\/sid.uncu.edu.ar\/sid\/wp-content\/uploads\/2012\/05\/DSC1757.jpg\"><img loading=\"lazy\" decoding=\"async\" class=\"alignleft size-medium wp-image-3997\" title=\"_DSC1757\" src=\"http:\/\/sid.uncu.edu.ar\/sid\/wp-content\/uploads\/2012\/05\/DSC1757-300x199.jpg\" alt=\"\" width=\"300\" height=\"199\" srcset=\"https:\/\/sid.uncu.edu.ar\/wp\/wp-content\/uploads\/2012\/05\/DSC1757-300x199.jpg 300w, https:\/\/sid.uncu.edu.ar\/wp\/wp-content\/uploads\/2012\/05\/DSC1757-1024x680.jpg 1024w, https:\/\/sid.uncu.edu.ar\/wp\/wp-content\/uploads\/2012\/05\/DSC1757.jpg 1200w\" sizes=\"auto, (max-width: 300px) 100vw, 300px\" \/><\/a><a href=\"http:\/\/sid.uncu.edu.ar\/sid\/wp-content\/uploads\/2012\/05\/DSC1769.jpg\"><img loading=\"lazy\" decoding=\"async\" class=\"size-medium wp-image-3998 alignnone\" title=\"_DSC1769\" src=\"http:\/\/sid.uncu.edu.ar\/sid\/wp-content\/uploads\/2012\/05\/DSC1769-300x199.jpg\" alt=\"\" width=\"300\" height=\"199\" srcset=\"https:\/\/sid.uncu.edu.ar\/wp\/wp-content\/uploads\/2012\/05\/DSC1769-300x199.jpg 300w, https:\/\/sid.uncu.edu.ar\/wp\/wp-content\/uploads\/2012\/05\/DSC1769-1024x681.jpg 1024w, https:\/\/sid.uncu.edu.ar\/wp\/wp-content\/uploads\/2012\/05\/DSC1769.jpg 1200w\" sizes=\"auto, (max-width: 300px) 100vw, 300px\" \/><\/a><\/p>\n<p>La muestra dispone de materiales informativos y el cat\u00e1logo de la muestra accesibles en video, audio y en impresi\u00f3n Braille para aquellos usuarios con discapacidad que est\u00e9n interesados en venir a conocerla. Adem\u00e1s de las esculturas t\u00e1ctiles y sonoras, cada pieza cuenta con una descripci\u00f3n en braille para los visitantes ciegos.<\/p>\n<p>De este modo, qued\u00f3 inaugurada la muestra de arte que permanecer\u00e1 abierta hasta el 10 de junio en el edificio de la Biblioteca Central y puede ser visitada libre y gratuita en los horarios normales de biblioteca (lunes a viernes de 8 a 20 y s\u00e1bados de 9 a 13)<\/p>\n","protected":false},"excerpt":{"rendered":"<p>Se realiz\u00f3 el jueves 10 de mayo la inauguraci\u00f3n de la muestra \u201cEl ejercicio de expresarnos\u201d en la biblioteca central.<\/p>\n<div class=\"read-more\"><a class=\"btn button-secondary\" href=\"https:\/\/sid.uncu.edu.ar\/wp\/2012\/05\/inaugurada-la-muestra-el-ejercicio-de-expresarnos-en-biblioteca-central\/\">Leer m\u00e1s<\/a><\/div>\n","protected":false},"author":11,"featured_media":0,"comment_status":"closed","ping_status":"closed","sticky":false,"template":"","format":"standard","meta":{"_acf_changed":false,"bgseo_title":"","bgseo_description":"","bgseo_robots_index":"","bgseo_robots_follow":"","footnotes":""},"categories":[3],"tags":[17,22],"class_list":["post-3994","post","type-post","status-publish","format-standard","hentry","category-noticias","tag-arte-en-el-sid","tag-servac"],"acf":[],"jetpack_featured_media_url":"","jetpack_sharing_enabled":true,"jetpack_likes_enabled":true,"_links":{"self":[{"href":"https:\/\/sid.uncu.edu.ar\/wp\/wp-json\/wp\/v2\/posts\/3994","targetHints":{"allow":["GET"]}}],"collection":[{"href":"https:\/\/sid.uncu.edu.ar\/wp\/wp-json\/wp\/v2\/posts"}],"about":[{"href":"https:\/\/sid.uncu.edu.ar\/wp\/wp-json\/wp\/v2\/types\/post"}],"author":[{"embeddable":true,"href":"https:\/\/sid.uncu.edu.ar\/wp\/wp-json\/wp\/v2\/users\/11"}],"replies":[{"embeddable":true,"href":"https:\/\/sid.uncu.edu.ar\/wp\/wp-json\/wp\/v2\/comments?post=3994"}],"version-history":[{"count":9,"href":"https:\/\/sid.uncu.edu.ar\/wp\/wp-json\/wp\/v2\/posts\/3994\/revisions"}],"predecessor-version":[{"id":4071,"href":"https:\/\/sid.uncu.edu.ar\/wp\/wp-json\/wp\/v2\/posts\/3994\/revisions\/4071"}],"wp:attachment":[{"href":"https:\/\/sid.uncu.edu.ar\/wp\/wp-json\/wp\/v2\/media?parent=3994"}],"wp:term":[{"taxonomy":"category","embeddable":true,"href":"https:\/\/sid.uncu.edu.ar\/wp\/wp-json\/wp\/v2\/categories?post=3994"},{"taxonomy":"post_tag","embeddable":true,"href":"https:\/\/sid.uncu.edu.ar\/wp\/wp-json\/wp\/v2\/tags?post=3994"}],"curies":[{"name":"wp","href":"https:\/\/api.w.org\/{rel}","templated":true}]}}