{"id":3124,"date":"2011-10-03T13:33:44","date_gmt":"2011-10-03T16:33:44","guid":{"rendered":"http:\/\/sid.uncu.edu.ar\/sid\/?p=3124"},"modified":"2011-10-07T12:17:11","modified_gmt":"2011-10-07T15:17:11","slug":"invitacion-a-la-ii-jornada-de-temas-actuales-de-bibliotecologia-en-mar-del-plata","status":"publish","type":"post","link":"https:\/\/sid.uncu.edu.ar\/wp\/2011\/10\/invitacion-a-la-ii-jornada-de-temas-actuales-de-bibliotecologia-en-mar-del-plata\/","title":{"rendered":"Invitaci\u00f3n a la II Jornada de \u00abTemas Actuales de Bibliotecolog\u00eda\u00bb en Mar del Plata"},"content":{"rendered":"<p><a href=\"http:\/\/sid.uncu.edu.ar\/sid\/wp-content\/uploads\/2011\/10\/loboMDQ.jpg\"><img loading=\"lazy\" decoding=\"async\" class=\"alignleft size-medium wp-image-3125\" title=\"loboMDQ\" src=\"http:\/\/sid.uncu.edu.ar\/sid\/wp-content\/uploads\/2011\/10\/loboMDQ-300x297.jpg\" alt=\"\" width=\"300\" height=\"297\" srcset=\"https:\/\/sid.uncu.edu.ar\/wp\/wp-content\/uploads\/2011\/10\/loboMDQ-300x297.jpg 300w, https:\/\/sid.uncu.edu.ar\/wp\/wp-content\/uploads\/2011\/10\/loboMDQ-150x150.jpg 150w, https:\/\/sid.uncu.edu.ar\/wp\/wp-content\/uploads\/2011\/10\/loboMDQ.jpg 927w\" sizes=\"auto, (max-width: 300px) 100vw, 300px\" \/><\/a><span style=\"color: #333333;\">Recibimos y compartimos la invitaci\u00f3n a la II Jornada de \u00abTemas Actuales de Bibliotecolog\u00eda\u00bb que se realizar\u00e1 en Mar del Plata el pr\u00f3ximo 11 de noviembre.<\/span><\/p>\n<p><span style=\"color: #333333;\"><br \/>\n<\/span><\/p>\n<p><em>\u00abDesde la Biblioteca de Centro M\u00e9dico Mar del Plata,\u00a0y con el auspicio de la Universidad Nacional de Mar del Plata, extendemos la invitaci\u00f3n a tod@s los colegas, a la\u00a0<strong>II Jornada de \u00abTemas Actuales de Bibliotecolog\u00eda\u00bb<\/strong>.\u00a0Es un honor poder llevar a cabo esta actividad por segundo a\u00f1o consecutivo, con el objetivo\u00a0de constituir un espacio acad\u00e9mico firme para\u00a0la sociabilizaci\u00f3n, el\u00a0debate y la actualizaci\u00f3n en temas de Bibliotecolog\u00eda en la ciudad de Mar del Plata. Esta actividad est\u00e1 dirigida\u00a0a\u00a0los colegas profesionales de la informaci\u00f3n, estudiantes, graduados y docentes de las carreras de Bibliotecolog\u00eda (y afines)\u00a0de todo el pa\u00eds.\u00bb<\/em><\/p>\n<ul>\n<li><strong>Fecha: Viernes                           11 de Noviembre de 2011<\/strong><\/li>\n<li><strong>Lugar: \u00a0Sala del Teatro de Centro M\u00e9dico Mar                           del Plata. San Luis, N\u00ba 1978, 1er. piso                           -entrada por SAMI-.<br \/>\n<\/strong><\/li>\n<li><strong>Acreditaciones: 08.30 hs<\/strong><\/li>\n<li><strong>Inicio: 09.00 hs<\/strong><\/li>\n<li><strong>Cierre: 15.00 hs<\/strong><\/li>\n<\/ul>\n<p>Se encuentra                           Abierta la Inscripci\u00f3n (gratuita y con entrega                           de certificados)<br \/>\nNombre completo, DNI, Profesi\u00f3n\/Estudios a:<br \/>\nBiblioteca Centro M\u00e9dico Mar del Plata<br \/>\nSan Luis 1978 &#8211; Mar del Plata, Bs. As. Argentina.<br \/>\nTel. 0223-4998026<br \/>\n<a title=\"mailto:biblioteca%40centromedicomdp.org.ar                         CTRL + clic para seguir el v\u00ednculo\" rel=\"nofollow\" href=\"mailto:biblioteca%40centromedicomdp.org.ar\" target=\"_blank\">biblioteca@centromedicomdp.org.ar<\/a><br \/>\n<a title=\"http:\/\/www.centromedicomdp.org.ar\/biblioteca.aspx                               CTRL + clic para seguir el v\u00ednculo\" rel=\"nofollow\" href=\"http:\/\/www.centromedicomdp.org.ar\/biblioteca.aspx\" target=\"_blank\">http:\/\/www.centromedicomdp.org.ar\/biblioteca.aspx<\/a>#<\/p>\n<p><strong>Se\u00a0encuentra abierto\u00a0el llamado a Inscripci\u00f3n y\u00a0Presentaci\u00f3n de contribuciones hasta el d\u00eda\u00a014 de Octubre. <\/strong>Inscripci\u00f3n Gratuita con Entrega de Certificado.<\/p>\n<p><strong>Los principales temas a tratar ser\u00e1n:<\/strong><\/p>\n<ul>\n<li>Web 2.0 y servicios bibliotecarios<\/li>\n<li>Accesibilidad, discapacidad y bibliotecas<\/li>\n<li>Actualidad en bibliotecas escolares<\/li>\n<li><em>*Se aceptar\u00e1n propuestas de temas, siempre que estos sean actuales y justifiquen su inclusi\u00f3n.<\/em><\/li>\n<\/ul>\n<p>Web: http:\/\/www.centromedicomdp.org.ar\/biblioteca\/<\/p>\n<p>Evento en facebook: https:\/\/www.facebook.com\/event.php?eid=113978262042289&amp;ref=nf<\/p>\n<p><span style=\"text-decoration: underline;\"><strong>Adelantos&#8230;<\/strong><\/span><\/p>\n<p><em><strong>Desde Servicios Accesibles de                               Biblioteca para Personas con Discapacidad                               del Sistema Integrado de Documentaci\u00f3n de                               la Universidad Nacional de Cuyo (Mendoza)<br \/>\n<\/strong><\/em><\/p>\n<p>Sandra Beatriz Lucero\u00a0 (Tec.                       Universitario en Docum.) <em>Responsable de Servac:<\/em><br \/>\n<em>\u00abBibliotecas                           accesibles: accesibilidad universal y su                           aplicaci\u00f3n en bibliotecas. Servicios y                           recursos de informaci\u00f3n para personas con                           discapacidad\u00bb.<\/em><\/p>\n<ul>\n<li> Accesibilidad,                       accesibilidad universal, conceptos y aplicaciones                       en el \u00e1rea de bibliotecolog\u00eda<\/li>\n<li> Acceso a la informaci\u00f3n: Bases \u00e9ticas y legales                       para la aplicaci\u00f3n bibliotecol\u00f3gica de servicios                       aptos para personas con discapacidad<\/li>\n<li> Caracter\u00edsticas generales de usuarios con                       discapacidad visual<\/li>\n<li> Servicios y recursos de informaci\u00f3n: servicios de                       biblioteca para usuarios con discapacidad, en                       especial, discapacidad visual<\/li>\n<li> Aplicaci\u00f3n de \u00abAjustes razonables\u00bb en bibliotecas<\/li>\n<li> Adaptaci\u00f3n de bibliograf\u00eda para usuarios con                       discapacidad visual y\/u otras discapacidades.<\/li>\n<\/ul>\n<p><em><strong>Desde la Biblioteca P\u00fablica de la                               Universidad Nacional de La Plata<br \/>\n<\/strong><\/em><br \/>\nFlavia Lorena L\u00f3pez<strong> <\/strong>(Bib. Doc. UNLP) <em> Directora de Circulaci\u00f3n.<\/em><br \/>\nLuciano Nicol\u00e1s                         Etchepare (Bib. Doc. UNLP) <em>Departamento de                       Circulaci\u00f3n.<\/em><br \/>\nLorena Miranda<strong> (<\/strong>Lic.                       en Bib. y Doc. UNLP) <em>Directora General del Area                       T\u00e9cnico-Operativa y de\u00a0Servicios.<\/em><\/p>\n<p><em>\u201cDe                           la Biblioteca Tradicional a la Biblioteca 2.0.                           : el uso de las herramientas sociales que                           permiten el cambio\u201d<\/em><\/p>\n<ul>\n<li> \u00bfQu\u00e9                       son las redes sociales?<\/li>\n<li> Su uso en las Bibliotecas. \u00bfPara qu\u00e9?<\/li>\n<li> Facebook. Experiencia de la Biblioteca P\u00fablica<\/li>\n<li> Twitter. Experiencia de la Biblioteca P\u00fablica<\/li>\n<li> Blogs<\/li>\n<li> Otras herramientas (Library thing, Worldcat,                       Bitly, Slideshare, Msn, Youtube)<\/li>\n<\/ul>\n<p><span style=\"text-decoration: underline;\"><strong>Comisi\u00f3n Organizadora &#8211; Biblioteca Centro M\u00e9dico Mar del Plata<\/strong><\/span><\/p>\n<p>San Luis 1978, 3er. Piso. B7600DTP &#8211; Mar del Plata, Buenos Aires &#8211; ARGENTINA.<br \/>\nTel.: +54-223-499-8026.<br \/>\nhttp:\/\/www.centromedicomdp.org.ar\/biblioteca\/<\/p>\n","protected":false},"excerpt":{"rendered":"<p>Recibimos y compartimos la invitaci\u00f3n a la II Jornada de \u00abTemas Actuales de Bibliotecolog\u00eda\u00bb que se realizar\u00e1 en Mar del<\/p>\n<div class=\"read-more\"><a class=\"btn button-secondary\" href=\"https:\/\/sid.uncu.edu.ar\/wp\/2011\/10\/invitacion-a-la-ii-jornada-de-temas-actuales-de-bibliotecologia-en-mar-del-plata\/\">Leer m\u00e1s<\/a><\/div>\n","protected":false},"author":11,"featured_media":0,"comment_status":"open","ping_status":"open","sticky":false,"template":"","format":"standard","meta":{"_acf_changed":false,"bgseo_title":"","bgseo_description":"","bgseo_robots_index":"","bgseo_robots_follow":"","footnotes":""},"categories":[3],"tags":[39],"class_list":["post-3124","post","type-post","status-publish","format-standard","hentry","category-noticias","tag-jornadas"],"acf":[],"jetpack_featured_media_url":"","jetpack_sharing_enabled":true,"jetpack_likes_enabled":true,"_links":{"self":[{"href":"https:\/\/sid.uncu.edu.ar\/wp\/wp-json\/wp\/v2\/posts\/3124","targetHints":{"allow":["GET"]}}],"collection":[{"href":"https:\/\/sid.uncu.edu.ar\/wp\/wp-json\/wp\/v2\/posts"}],"about":[{"href":"https:\/\/sid.uncu.edu.ar\/wp\/wp-json\/wp\/v2\/types\/post"}],"author":[{"embeddable":true,"href":"https:\/\/sid.uncu.edu.ar\/wp\/wp-json\/wp\/v2\/users\/11"}],"replies":[{"embeddable":true,"href":"https:\/\/sid.uncu.edu.ar\/wp\/wp-json\/wp\/v2\/comments?post=3124"}],"version-history":[{"count":8,"href":"https:\/\/sid.uncu.edu.ar\/wp\/wp-json\/wp\/v2\/posts\/3124\/revisions"}],"predecessor-version":[{"id":3127,"href":"https:\/\/sid.uncu.edu.ar\/wp\/wp-json\/wp\/v2\/posts\/3124\/revisions\/3127"}],"wp:attachment":[{"href":"https:\/\/sid.uncu.edu.ar\/wp\/wp-json\/wp\/v2\/media?parent=3124"}],"wp:term":[{"taxonomy":"category","embeddable":true,"href":"https:\/\/sid.uncu.edu.ar\/wp\/wp-json\/wp\/v2\/categories?post=3124"},{"taxonomy":"post_tag","embeddable":true,"href":"https:\/\/sid.uncu.edu.ar\/wp\/wp-json\/wp\/v2\/tags?post=3124"}],"curies":[{"name":"wp","href":"https:\/\/api.w.org\/{rel}","templated":true}]}}