{"id":3038,"date":"2011-09-16T11:09:32","date_gmt":"2011-09-16T14:09:32","guid":{"rendered":"http:\/\/sid.uncu.edu.ar\/sid\/?p=3038"},"modified":"2011-09-16T11:25:42","modified_gmt":"2011-09-16T14:25:42","slug":"nueva-serie-del-canal-encuentro-en-el-cda","status":"publish","type":"post","link":"https:\/\/sid.uncu.edu.ar\/wp\/2011\/09\/nueva-serie-del-canal-encuentro-en-el-cda\/","title":{"rendered":"Nueva serie del Canal Encuentro en el CDA"},"content":{"rendered":"<h3>En  el Medio : Una serie que profundiza los medios de comunicaci\u00f3n en tiempos de Internet<\/h3>\n<p>En el <strong>CDA <\/strong>se encuentran cada uno de los cap\u00edtulos  de la serie :\u00a0 <strong>\u00bb En el Medio\u00bb <\/strong>del Canal Encuentro. Te presentamos el resumen de la serie y\u00a0 el listado de todos los cap\u00edtulos con\u00a0 el <strong>enlace<\/strong> directo a la p\u00e1gina  del canal para <strong>verlo on line.\u00a0 Si quieres descargarlo<\/strong> debes  registrarte  con una direcci\u00f3n de correo electr\u00f3nico y una contrase\u00f1a.<\/p>\n<p><a href=\"http:\/\/1.bp.blogspot.com\/-Le6UfIHpUJk\/TjBYQdshUgI\/AAAAAAAAA-s\/WF58GFRfACg\/s1600\/en%2Bel%2Bmedio.jpg\" onblur=\"try  {parent.deselectBloggerImageGracefully();} catch(e) {}\"><img decoding=\"async\" id=\"BLOGGER_PHOTO_ID_5634100173713003010\" src=\"http:\/\/1.bp.blogspot.com\/-Le6UfIHpUJk\/TjBYQdshUgI\/AAAAAAAAA-s\/WF58GFRfACg\/s200\/en%2Bel%2Bmedio.jpg\" border=\"0\" alt=\"\" \/><\/a><\/p>\n<p><strong>Sinopsis general del programa.<\/strong><br \/>\nLos  diferentes medios de comunicaci\u00f3n reflejan lo que somos para   nosotros  mismos y para el resto del mundo. Ahora bien \u00bfQu\u00e9 tan real es   lo que  nos muestran? \u00bfQu\u00e9 tan puro es el mensaje que intentan   transmitirnos?  Este ciclo desarrolla el rol del periodismo en la   sociedad actual y  ahonda en diferentes g\u00e9neros period\u00edsticos como as\u00ed  tambi\u00e9n en el  ejercicio de esta profesi\u00f3n en nuestro pa\u00eds.<\/p>\n<p>Temporada  I<\/p>\n<ul>\n<li><a href=\"http:\/\/descargas.encuentro.gov.ar\/emision.php?emision_id=605\">El  diario<\/a><\/li>\n<li><a href=\"http:\/\/descargas.encuentro.gov.ar\/emision.php?emision_id=606\">Periodismo  pol\u00edtico<\/a><\/li>\n<li><a href=\"http:\/\/descargas.encuentro.gov.ar\/emision.php?emision_id=607\">La  radio<\/a><\/li>\n<li><a href=\"http:\/\/descargas.encuentro.gov.ar\/emision.php?emision_id=608\">El  noticiero de televisi\u00f3n<\/a><a href=\"http:\/\/3.bp.blogspot.com\/-KVGF3AL5abk\/TjBYxwnRgxI\/AAAAAAAAA-8\/H7g7hI4tqOQ\/s1600\/en%2Bel%2Bmedio%2BII.jpg\" onblur=\"try  {parent.deselectBloggerImageGracefully();} catch(e) {}\"><img decoding=\"async\" id=\"BLOGGER_PHOTO_ID_5634100745726952210\" src=\"http:\/\/3.bp.blogspot.com\/-KVGF3AL5abk\/TjBYxwnRgxI\/AAAAAAAAA-8\/H7g7hI4tqOQ\/s200\/en%2Bel%2Bmedio%2BII.jpg\" border=\"0\" alt=\"\" \/><\/a><\/li>\n<li><a href=\"http:\/\/descargas.encuentro.gov.ar\/emision.php?emision_id=609\">Periodismo  y Web<\/a><\/li>\n<li><a href=\"http:\/\/descargas.encuentro.gov.ar\/emision.php?emision_id=610\">Periodismo  deportivo<\/a><\/li>\n<li><a href=\"http:\/\/descargas.encuentro.gov.ar\/emision.php?emision_id=611\">Periodismo  de humor<\/a><\/li>\n<li><a href=\"http:\/\/descargas.encuentro.gov.ar\/emision.php?emision_id=612\">Las  radios comunitarias<\/a><\/li>\n<li><a href=\"http:\/\/descargas.encuentro.gov.ar\/emision.php?emision_id=613\">Fotoperiodismo<\/a><\/li>\n<li><a href=\"http:\/\/descargas.encuentro.gov.ar\/emision.php?emision_id=614\">Corresponsales  extranjeros<\/a><\/li>\n<li><a href=\"http:\/\/descargas.encuentro.gov.ar\/emision.php?emision_id=615\">El  periodismo policial<\/a><\/li>\n<li><a href=\"http:\/\/descargas.encuentro.gov.ar\/emision.php?emision_id=616\">Periodismo  y publicidad<\/a><\/li>\n<li><a href=\"http:\/\/descargas.encuentro.gov.ar\/emision.php?emision_id=617\">Los  medios y su mirada sobre la infancia y la adolescencia<\/a><\/li>\n<li><a href=\"http:\/\/descargas.encuentro.gov.ar\/emision.php?emision_id=618\">Periodismo  de g\u00e9nero<\/a><\/li>\n<li><a href=\"http:\/\/descargas.encuentro.gov.ar\/emision.php?emision_id=619\">Medios  de comunicaci\u00f3n<\/a><\/li>\n<\/ul>\n<p>Temporada II<\/p>\n<ul>\n<li><a href=\"http:\/\/descargas.encuentro.gov.ar\/emision.php?emision_id=860\">Las  agencias de noticias<\/a><\/li>\n<li><a href=\"http:\/\/descargas.encuentro.gov.ar\/emision.php?emision_id=861\">La  televisi\u00f3n<\/a><\/li>\n<li><a href=\"http:\/\/descargas.encuentro.gov.ar\/emision.php?emision_id=862\">Periodismo  econ\u00f3mico<\/a><\/li>\n<li><a href=\"http:\/\/descargas.encuentro.gov.ar\/emision.php?emision_id=863\">Periodismo  cultural<\/a><a href=\"http:\/\/3.bp.blogspot.com\/-1URoQkiEhX0\/TjBYxlOS60I\/AAAAAAAAA-0\/sJxVkxb1KjA\/s1600\/encuentro.jpg\" onblur=\"try {parent.deselectBloggerImageGracefully();}  catch(e) {}\"><img decoding=\"async\" id=\"BLOGGER_PHOTO_ID_5634100742669396802\" src=\"http:\/\/3.bp.blogspot.com\/-1URoQkiEhX0\/TjBYxlOS60I\/AAAAAAAAA-0\/sJxVkxb1KjA\/s200\/encuentro.jpg\" border=\"0\" alt=\"\" \/><\/a><\/li>\n<li><a href=\"http:\/\/descargas.encuentro.gov.ar\/emision.php?emision_id=864\">Periodismo  del chimento<\/a><\/li>\n<li><a href=\"http:\/\/descargas.encuentro.gov.ar\/emision.php?emision_id=865\">Periodismo  cient\u00edfico<\/a><\/li>\n<li><a href=\"http:\/\/descargas.encuentro.gov.ar\/emision.php?emision_id=866\">Periodismo  de la Diversidad<\/a><\/li>\n<li><a href=\"http:\/\/descargas.encuentro.gov.ar\/emision.php?emision_id=867\">Nuevo  periodismo<\/a><\/li>\n<li><a href=\"http:\/\/descargas.encuentro.gov.ar\/emision.php?emision_id=868\">Periodismo  regional<\/a><\/li>\n<li><a href=\"http:\/\/descargas.encuentro.gov.ar\/emision.php?emision_id=869\">Periodismo  de investigaci\u00f3n<\/a><\/li>\n<li><a href=\"http:\/\/descargas.encuentro.gov.ar\/emision.php?emision_id=870\">El  documental<\/a><\/li>\n<li><a href=\"http:\/\/descargas.encuentro.gov.ar\/emision.php?emision_id=871\">El  cine de ficci\u00f3n<\/a><\/li>\n<li><a href=\"http:\/\/descargas.encuentro.gov.ar\/emision.php?emision_id=872\">Modelos  de comunicaci\u00f3n<\/a><\/li>\n<li><a href=\"http:\/\/descargas.encuentro.gov.ar\/emision.php?emision_id=873\">Radios  escolares<\/a><\/li>\n<li><a href=\"http:\/\/descargas.encuentro.gov.ar\/emision.php?emision_id=874\">Ley  de Servicios Audiovisuales<\/a><\/li>\n<\/ul>\n<p>Para mayor informaci\u00f3n y consultas acerca de las series del Canal Encuentro existentes en el CDA\u00a0 : cda@uncu.edu.ar<\/p>\n","protected":false},"excerpt":{"rendered":"<p>En el Medio : Una serie que profundiza los medios de comunicaci\u00f3n en tiempos de Internet En el CDA se<\/p>\n<div class=\"read-more\"><a class=\"btn button-secondary\" href=\"https:\/\/sid.uncu.edu.ar\/wp\/2011\/09\/nueva-serie-del-canal-encuentro-en-el-cda\/\">Leer m\u00e1s<\/a><\/div>\n","protected":false},"author":3,"featured_media":0,"comment_status":"open","ping_status":"open","sticky":false,"template":"","format":"standard","meta":{"_acf_changed":false,"bgseo_title":"","bgseo_description":"","bgseo_robots_index":"","bgseo_robots_follow":"","footnotes":""},"categories":[3],"tags":[11],"class_list":["post-3038","post","type-post","status-publish","format-standard","hentry","category-noticias","tag-cda"],"acf":[],"jetpack_featured_media_url":"","jetpack_sharing_enabled":true,"jetpack_likes_enabled":true,"_links":{"self":[{"href":"https:\/\/sid.uncu.edu.ar\/wp\/wp-json\/wp\/v2\/posts\/3038","targetHints":{"allow":["GET"]}}],"collection":[{"href":"https:\/\/sid.uncu.edu.ar\/wp\/wp-json\/wp\/v2\/posts"}],"about":[{"href":"https:\/\/sid.uncu.edu.ar\/wp\/wp-json\/wp\/v2\/types\/post"}],"author":[{"embeddable":true,"href":"https:\/\/sid.uncu.edu.ar\/wp\/wp-json\/wp\/v2\/users\/3"}],"replies":[{"embeddable":true,"href":"https:\/\/sid.uncu.edu.ar\/wp\/wp-json\/wp\/v2\/comments?post=3038"}],"version-history":[{"count":13,"href":"https:\/\/sid.uncu.edu.ar\/wp\/wp-json\/wp\/v2\/posts\/3038\/revisions"}],"predecessor-version":[{"id":3045,"href":"https:\/\/sid.uncu.edu.ar\/wp\/wp-json\/wp\/v2\/posts\/3038\/revisions\/3045"}],"wp:attachment":[{"href":"https:\/\/sid.uncu.edu.ar\/wp\/wp-json\/wp\/v2\/media?parent=3038"}],"wp:term":[{"taxonomy":"category","embeddable":true,"href":"https:\/\/sid.uncu.edu.ar\/wp\/wp-json\/wp\/v2\/categories?post=3038"},{"taxonomy":"post_tag","embeddable":true,"href":"https:\/\/sid.uncu.edu.ar\/wp\/wp-json\/wp\/v2\/tags?post=3038"}],"curies":[{"name":"wp","href":"https:\/\/api.w.org\/{rel}","templated":true}]}}