{"id":2983,"date":"2011-09-02T10:56:05","date_gmt":"2011-09-02T13:56:05","guid":{"rendered":"http:\/\/sid.uncu.edu.ar\/sid\/?p=2983"},"modified":"2011-09-02T10:56:05","modified_gmt":"2011-09-02T13:56:05","slug":"8-de-septiembre-dia-internacional-de-la-alfabetizacion","status":"publish","type":"post","link":"https:\/\/sid.uncu.edu.ar\/wp\/2011\/09\/8-de-septiembre-dia-internacional-de-la-alfabetizacion\/","title":{"rendered":"8 de septiembre: d\u00eda internacional de la Alfabetizaci\u00f3n"},"content":{"rendered":"<p><a href=\"http:\/\/images.google.com.ar\/imgres?imgurl=http:\/\/portal.unesco.org\/es\/files\/39033\/11885722103courier07_abc_couv_more.jpg\/courier07_abc_couv_more.jpg&amp;imgrefurl=http:\/\/portal.unesco.org\/es\/ev.php-URL_ID%253D39033%26URL_DO%253DDO_TOPIC%26URL_SECTION%253D201.html&amp;h=150&amp;w=250&amp;sz=18&amp;hl=es&amp;start=78&amp;usg=__uiKg6M8yU9PQcL0coh6L6xcwtjw=&amp;tbnid=7JNGy6hgr1-sZM:&amp;tbnh=67&amp;tbnw=111&amp;prev=\/images%3Fq%3D8%2Bseptiembre%2Bd%25C3%25ADa%2Binternacional%2Bde%2Bla%2Balfabetizaci%25C3%25B3n%26start%3D60%26gbv%3D2%26ndsp%3D20%26hl%3Des%26sa%3DN\"><\/a><a href=\"http:\/\/sid.uncu.edu.ar\/sid\/wp-content\/uploads\/2011\/09\/images.jpeg\"><img loading=\"lazy\" decoding=\"async\" class=\"aligncenter size-full wp-image-2984\" title=\"images\" src=\"http:\/\/sid.uncu.edu.ar\/sid\/wp-content\/uploads\/2011\/09\/images.jpeg\" alt=\"\" width=\"189\" height=\"266\" \/><\/a><\/p>\n<p><img decoding=\"async\" src=\"file:\/\/\/C:\/DOCUME%7E1\/ebaeza\/CONFIG%7E1\/Temp\/moz-screenshot.png\" alt=\"\" \/><\/p>\n<p>\u201cLa alfabetizaci\u00f3n va mas all\u00e1 del saber leer y escribir, tambi\u00e9n incluye el saber comunicarse en sociedad. La alfabetizaci\u00f3n comprende pr\u00e1cticas y relaciones sociales, comprende el saber, el lenguaje y la cultura. La alfabetizaci\u00f3n, entendida como el uso de la comunicaci\u00f3n escrita, encuentra su lugar en nuestras vidas junto a otras formas de comunicaci\u00f3n. Ciertamente, la alfabetizaci\u00f3n en s\u00ed misma toma muchas formas: impresa, en la pantalla del ordenador, en la televisi\u00f3n, en los afiches y letreros. Aquellos que usan la alfabetizaci\u00f3n la consideran algo dado, pero aquellos que no saben utilizarla quedan excluidos de la mayor parte de la comunicaci\u00f3n en el mundo de hoy.\u201d<\/p>\n<p>La alfabetizaci\u00f3n y la educaci\u00f3n son cimientos sobre los que se puede construir un mundo mejor.  Las personas que saben leer y escribir est\u00e1n m\u00e1s capacitadas para elegir y llevar una vida m\u00e1s plena. Son personas m\u00e1s libres, trabajadores m\u00e1s productivos e individuos menos expuestos a la miseria y con mayor facilidad para adaptarse a nuevas circunstancias.<\/p>\n","protected":false},"excerpt":{"rendered":"<p>\u201cLa alfabetizaci\u00f3n va mas all\u00e1 del saber leer y escribir, tambi\u00e9n incluye el saber comunicarse en sociedad. La alfabetizaci\u00f3n comprende<\/p>\n<div class=\"read-more\"><a class=\"btn button-secondary\" href=\"https:\/\/sid.uncu.edu.ar\/wp\/2011\/09\/8-de-septiembre-dia-internacional-de-la-alfabetizacion\/\">Leer m\u00e1s<\/a><\/div>\n","protected":false},"author":11,"featured_media":0,"comment_status":"open","ping_status":"open","sticky":false,"template":"","format":"standard","meta":{"_acf_changed":false,"bgseo_title":"","bgseo_description":"","bgseo_robots_index":"","bgseo_robots_follow":"","footnotes":""},"categories":[9],"tags":[],"class_list":["post-2983","post","type-post","status-publish","format-standard","hentry","category-efemerides"],"acf":[],"jetpack_featured_media_url":"","jetpack_sharing_enabled":true,"jetpack_likes_enabled":true,"_links":{"self":[{"href":"https:\/\/sid.uncu.edu.ar\/wp\/wp-json\/wp\/v2\/posts\/2983","targetHints":{"allow":["GET"]}}],"collection":[{"href":"https:\/\/sid.uncu.edu.ar\/wp\/wp-json\/wp\/v2\/posts"}],"about":[{"href":"https:\/\/sid.uncu.edu.ar\/wp\/wp-json\/wp\/v2\/types\/post"}],"author":[{"embeddable":true,"href":"https:\/\/sid.uncu.edu.ar\/wp\/wp-json\/wp\/v2\/users\/11"}],"replies":[{"embeddable":true,"href":"https:\/\/sid.uncu.edu.ar\/wp\/wp-json\/wp\/v2\/comments?post=2983"}],"version-history":[{"count":1,"href":"https:\/\/sid.uncu.edu.ar\/wp\/wp-json\/wp\/v2\/posts\/2983\/revisions"}],"predecessor-version":[{"id":2985,"href":"https:\/\/sid.uncu.edu.ar\/wp\/wp-json\/wp\/v2\/posts\/2983\/revisions\/2985"}],"wp:attachment":[{"href":"https:\/\/sid.uncu.edu.ar\/wp\/wp-json\/wp\/v2\/media?parent=2983"}],"wp:term":[{"taxonomy":"category","embeddable":true,"href":"https:\/\/sid.uncu.edu.ar\/wp\/wp-json\/wp\/v2\/categories?post=2983"},{"taxonomy":"post_tag","embeddable":true,"href":"https:\/\/sid.uncu.edu.ar\/wp\/wp-json\/wp\/v2\/tags?post=2983"}],"curies":[{"name":"wp","href":"https:\/\/api.w.org\/{rel}","templated":true}]}}