{"id":2833,"date":"2011-08-02T11:41:23","date_gmt":"2011-08-02T14:41:23","guid":{"rendered":"http:\/\/sid.uncu.edu.ar\/sid\/?p=2833"},"modified":"2011-08-02T11:41:23","modified_gmt":"2011-08-02T14:41:23","slug":"2%c2%ba-reunion-de-trabajo-de-la-subcomision-de-bibliotecas-y-servicios-accesibles-para-usuarios-con-discapacidad","status":"publish","type":"post","link":"https:\/\/sid.uncu.edu.ar\/wp\/2011\/08\/2%c2%ba-reunion-de-trabajo-de-la-subcomision-de-bibliotecas-y-servicios-accesibles-para-usuarios-con-discapacidad\/","title":{"rendered":"2\u00ba Reuni\u00f3n de Trabajo de la Subcomisi\u00f3n de Bibliotecas y Servicios Accesibles para Usuarios con Discapacidad"},"content":{"rendered":"<p><strong><\/strong>Esta jornada de trabajo que nuclear\u00e1 a representantes de bibliotecas de Universidades Nacionales es organizada por la Secretaria de Pol\u00edticas Universitarias (Programa de Apoyo a las Politicas de Bienestar) y la Comisi\u00f3n Interuniversitaria: Discapacidad y Derechos Humanos.<\/p>\n<p><strong>La sede ser\u00e1 las instalaciones del Ministerio de Educaci\u00f3n, Cultura, Ciencia y Tecnolog\u00eda, \u00abPalacio Pizzurno\u00bb, los d\u00edas 11 y 12 de agosto<\/strong>, convoc\u00e1ndose a dos representantes de cada universidad a propuesta de las Comisiones, Programas, o espacios institucionales que integran la Interuniversitaria.<\/p>\n<p>El temario de la Reuni\u00f3n contempla:<\/p>\n<ul>\n<li>Presentaci\u00f3n de los asistentes<\/li>\n<li> informe de las acciones desarrolladas entre marzo de 2010 a la actualidad<\/li>\n<li> Servicios dispuestos en distintas Universidades para brindar prestaciones a personas con discapacidad<\/li>\n<li> Avances del Protocolo para la adaptaci\u00f3n de material bibliogr\u00e1fico (que se est\u00e1 trabajando a nivel nacional en la Subcomisi\u00f3n)<\/li>\n<li> II Encuentro de Bibliotecas y Servicios Accesibles organizado por la Universidad Nacional de Salta en el mes de noviembre del corriente.<\/li>\n<\/ul>\n<p>Se desarrollar\u00e1 adem\u00e1s, un espacio de formaci\u00f3n para los bibliotecarios asistentes.<\/p>\n<p>Cabe aclarar que la Subcomisi\u00f3n de Bibliotecas y Servicios Accesibles que forma parte de la CIDyDDDHH es coordinada por representantes del Sistema Integrado de Documentaci\u00f3n de la UNCUYO.<\/p>\n","protected":false},"excerpt":{"rendered":"<p>Esta jornada de trabajo que nuclear\u00e1 a representantes de bibliotecas de Universidades Nacionales es organizada por la Secretaria de Pol\u00edticas<\/p>\n<div class=\"read-more\"><a class=\"btn button-secondary\" href=\"https:\/\/sid.uncu.edu.ar\/wp\/2011\/08\/2%c2%ba-reunion-de-trabajo-de-la-subcomision-de-bibliotecas-y-servicios-accesibles-para-usuarios-con-discapacidad\/\">Leer m\u00e1s<\/a><\/div>\n","protected":false},"author":8,"featured_media":0,"comment_status":"open","ping_status":"open","sticky":false,"template":"","format":"standard","meta":{"_acf_changed":false,"bgseo_title":"","bgseo_description":"","bgseo_robots_index":"","bgseo_robots_follow":"","footnotes":""},"categories":[1],"tags":[],"class_list":["post-2833","post","type-post","status-publish","format-standard","hentry","category-sin-categoria"],"acf":[],"jetpack_featured_media_url":"","jetpack_sharing_enabled":true,"jetpack_likes_enabled":true,"_links":{"self":[{"href":"https:\/\/sid.uncu.edu.ar\/wp\/wp-json\/wp\/v2\/posts\/2833","targetHints":{"allow":["GET"]}}],"collection":[{"href":"https:\/\/sid.uncu.edu.ar\/wp\/wp-json\/wp\/v2\/posts"}],"about":[{"href":"https:\/\/sid.uncu.edu.ar\/wp\/wp-json\/wp\/v2\/types\/post"}],"author":[{"embeddable":true,"href":"https:\/\/sid.uncu.edu.ar\/wp\/wp-json\/wp\/v2\/users\/8"}],"replies":[{"embeddable":true,"href":"https:\/\/sid.uncu.edu.ar\/wp\/wp-json\/wp\/v2\/comments?post=2833"}],"version-history":[{"count":3,"href":"https:\/\/sid.uncu.edu.ar\/wp\/wp-json\/wp\/v2\/posts\/2833\/revisions"}],"predecessor-version":[{"id":2836,"href":"https:\/\/sid.uncu.edu.ar\/wp\/wp-json\/wp\/v2\/posts\/2833\/revisions\/2836"}],"wp:attachment":[{"href":"https:\/\/sid.uncu.edu.ar\/wp\/wp-json\/wp\/v2\/media?parent=2833"}],"wp:term":[{"taxonomy":"category","embeddable":true,"href":"https:\/\/sid.uncu.edu.ar\/wp\/wp-json\/wp\/v2\/categories?post=2833"},{"taxonomy":"post_tag","embeddable":true,"href":"https:\/\/sid.uncu.edu.ar\/wp\/wp-json\/wp\/v2\/tags?post=2833"}],"curies":[{"name":"wp","href":"https:\/\/api.w.org\/{rel}","templated":true}]}}