{"id":19982,"date":"2025-04-15T10:46:05","date_gmt":"2025-04-15T13:46:05","guid":{"rendered":"https:\/\/sid.uncu.edu.ar\/?p=19982"},"modified":"2025-04-15T10:46:05","modified_gmt":"2025-04-15T13:46:05","slug":"lecturas-recomendadas-mario-vargas-llosa","status":"publish","type":"post","link":"https:\/\/sid.uncu.edu.ar\/wp\/2025\/04\/lecturas-recomendadas-mario-vargas-llosa\/","title":{"rendered":"Lecturas Recomendadas | Mario Vargas Llosa"},"content":{"rendered":"<div class=\"boldgrid-section color2-background-color color-2-text-contrast bg-background-color\" style=\"border-width: 0px;\">\n<div class=\"container-fluid\">\n<div class=\"row\" style=\"padding-top: 0px; padding-bottom: 0px;\">\n<div class=\"col-lg-12 col-md-12 col-xs-12 col-sm-12\">\n<p class=\"\"><img loading=\"lazy\" decoding=\"async\" class=\"aligncenter wp-image-19983 size-large\" src=\"https:\/\/sid.uncu.edu.ar\/wp-content\/uploads\/2025\/04\/vargas-llosa-01-550x550.jpg\" alt=\"Lecturas recomendadas Mario Vargas Llosa\" width=\"550\" height=\"550\" srcset=\"https:\/\/sid.uncu.edu.ar\/wp\/wp-content\/uploads\/2025\/04\/vargas-llosa-01-550x550.jpg 550w, https:\/\/sid.uncu.edu.ar\/wp\/wp-content\/uploads\/2025\/04\/vargas-llosa-01-400x400.jpg 400w, https:\/\/sid.uncu.edu.ar\/wp\/wp-content\/uploads\/2025\/04\/vargas-llosa-01-100x100.jpg 100w, https:\/\/sid.uncu.edu.ar\/wp\/wp-content\/uploads\/2025\/04\/vargas-llosa-01-768x768.jpg 768w, https:\/\/sid.uncu.edu.ar\/wp\/wp-content\/uploads\/2025\/04\/vargas-llosa-01-96x96.jpg 96w, https:\/\/sid.uncu.edu.ar\/wp\/wp-content\/uploads\/2025\/04\/vargas-llosa-01-150x150.jpg 150w, https:\/\/sid.uncu.edu.ar\/wp\/wp-content\/uploads\/2025\/04\/vargas-llosa-01.jpg 1092w\" sizes=\"auto, (max-width: 550px) 100vw, 550px\" \/><\/p>\n<\/div>\n<\/div>\n<\/div>\n<\/div>\n<div class=\"boldgrid-section\">\n<div class=\"container\">\n<div class=\"row\">\n<div class=\"col-lg-12 col-md-12 col-xs-12 col-sm-12\">\n<p class=\"\">&nbsp;<\/p>\n<div>Mario Vargas Llosa, escritor, pol\u00edtico y periodista peruano muri\u00f3 el domingo 13 de abril a los 89 a\u00f1os.<\/div>\n<div>Obtuvo en el 2010 el Premio Nobel de Literatura. Fue uno de los representantes del llamado \u00abBoom Latinoamericano\u00bb que revolucion\u00f3 la narrativa del siglo XX en lengua espa\u00f1ola.<\/div>\n<div>Fue miembro del consejo de redacci\u00f3n de la revista cubana \u00abCasa de las Am\u00e9ricas\u00bb, actuando varias veces como jurado de los premios Casa de las Am\u00e9ricas.<\/div>\n<div>Particip\u00f3 en pol\u00edtica, como candidato a la presidencia del Per\u00fa en las elecciones de 1990 por la coalici\u00f3n pol\u00edtica de centroderecha Frente Democr\u00e1tico.<\/div>\n<div>Ha sido un permanente cr\u00edtico de dictaduras y de aquellos gobiernos que considera autoritarios, cuestion\u00e1ndolos desde art\u00edculos period\u00edsticos y declaraciones p\u00fablicas.<\/div>\n<div>Una persona muy pol\u00e9mica en sus declaraciones, una de las \u00faltimas realizadas fue \u00abLos latinoamericanos saldr\u00e1n de la crisis cuando descubran que han votado mal. Lo importante de unas elecciones no es que haya libertad en esas elecciones, sino votar bien\u00bb.<\/div>\n<div>Pese a esto, cuenta con una gran producci\u00f3n literaria: 20 novelas, un libro de cuentos, 10 obras de teatro, 14 libros de ensayo, dos de cr\u00f3nicas y uno de memorias.<\/div>\n<div>Destacamos las siguientes obras que contamos en la Biblioteca Central:<\/div>\n<div class=\"row bg-editor-hr-wrap\">\n<div class=\"col-lg-12 col-md-12 col-xs-12 col-sm-12\">\n<div>\n<hr>\n<\/div>\n<\/div>\n<\/div>\n<\/div>\n<\/div>\n<\/div>\n<\/div>\n<div class=\"boldgrid-section\">\n<div class=\"container-fluid\">\n<div class=\"row\" style=\"padding-bottom: 0px; padding-top: 26px;\">\n<div class=\"col-lg-2 col-md-2 col-sm-12 col-xs-12\">\n<p class=\"\"><img loading=\"lazy\" decoding=\"async\" class=\"alignnone wp-image-19986 size-full\" src=\"https:\/\/sid.uncu.edu.ar\/wp-content\/uploads\/2025\/04\/8366f0d538f47dbb5de39a136da346b1.webp\" alt=\"\" width=\"228\" height=\"360\" srcset=\"https:\/\/sid.uncu.edu.ar\/wp\/wp-content\/uploads\/2025\/04\/8366f0d538f47dbb5de39a136da346b1.webp 228w, https:\/\/sid.uncu.edu.ar\/wp\/wp-content\/uploads\/2025\/04\/8366f0d538f47dbb5de39a136da346b1-150x237.webp 150w\" sizes=\"auto, (max-width: 228px) 100vw, 228px\" \/><\/p>\n<\/div>\n<div class=\"col-lg-10 col-md-10 col-xs-12 col-sm-12\">\n<h2 class=\"\" style=\"text-align: left;\"><b>Pantale\u00f3n y las visitadoras&nbsp;<\/b><\/h2>\n<h4 class=\"\">&nbsp;<\/h4>\n<h4 class=\"\" style=\"text-align: left;\"><span style=\"font-weight: 400; color: #333333; font-size: 16px;\">La historia se desarrolla en la Amazon\u00eda Peruana, donde los efectivos del Ej\u00e9rcito del Per\u00fa son atendidos por un servicio de prostitutas, a quienes llaman \u00abvisitadoras\u00bb. Seg\u00fan el propio autor, la obra se basa en hechos reales. El libro fue llevado al cine en el a\u00f1o 1975, dirigida por el mismo autor y luego nuevamente en el a\u00f1o 1999.<\/span><\/h4>\n<\/div>\n<\/div>\n<div class=\"row\">\n<div class=\"col-lg-12 col-md-12 col-xs-10 col-sm-10\">\n<p class=\"\"><b><a href=\"https:\/\/bibliotecas.uncuyo.edu.ar\/explorador3\/Record\/ROIG-000315\">ubicaci\u00f3n<\/a>&nbsp;<\/b><\/p>\n<\/div>\n<\/div>\n<\/div>\n<\/div>\n<div class=\"boldgrid-section\">\n<div class=\"container-fluid\">\n<div class=\"row\" style=\"padding-bottom: 0px; padding-top: 26px;\">\n<div class=\"col-lg-2 col-md-2 col-sm-12 col-xs-12\">\n<p class=\"\"><img loading=\"lazy\" decoding=\"async\" class=\"alignnone wp-image-19987 size-full\" src=\"https:\/\/sid.uncu.edu.ar\/wp-content\/uploads\/2025\/04\/85442928d1dbb3a58dd59201e1f2e39d.webp\" alt=\"\" width=\"228\" height=\"360\" srcset=\"https:\/\/sid.uncu.edu.ar\/wp\/wp-content\/uploads\/2025\/04\/85442928d1dbb3a58dd59201e1f2e39d.webp 228w, https:\/\/sid.uncu.edu.ar\/wp\/wp-content\/uploads\/2025\/04\/85442928d1dbb3a58dd59201e1f2e39d-150x237.webp 150w\" sizes=\"auto, (max-width: 228px) 100vw, 228px\" \/><\/p>\n<\/div>\n<div class=\"col-lg-10 col-md-10 col-xs-12 col-sm-12\">\n<h2 class=\"\" style=\"text-align: left;\"><b>Elogio de la madrastra<\/b><\/h2>\n<h4 class=\"\">&nbsp;<\/h4>\n<h4 class=\"\" style=\"text-align: left;\"><span style=\"font-weight: 400; color: #333333; font-size: 16px;\">Novela er\u00f3tica que se basa en un matrimonio burgu\u00e9s, sin grandes pretensiones terrenales, que practica el sexo de forma repetida a lo largo de la novela. No es amor plat\u00f3nico el que existe entre ambos, son relaciones fr\u00edvolas, l\u00fadicas y alegres.<\/span><\/h4>\n<\/div>\n<\/div>\n<div class=\"row\">\n<div class=\"col-lg-12 col-md-12 col-xs-10 col-sm-10\">\n<p class=\"\"><b><a href=\"https:\/\/bibliotecas.uncuyo.edu.ar\/explorador3\/Record\/OUN188522\">ubicaci\u00f3n<\/a>&nbsp;<\/b><\/p>\n<\/div>\n<\/div>\n<\/div>\n<\/div>\n<div class=\"boldgrid-section\">\n<div class=\"container-fluid\">\n<div class=\"row\" style=\"padding-bottom: 0px; padding-top: 26px;\">\n<div class=\"col-lg-2 col-md-2 col-sm-12 col-xs-12\">\n<p class=\"\"><img loading=\"lazy\" decoding=\"async\" class=\"alignnone wp-image-19988 size-full\" src=\"https:\/\/sid.uncu.edu.ar\/wp-content\/uploads\/2025\/04\/888dc47e47593df481f3e4824c1de827.webp\" alt=\"\" width=\"228\" height=\"360\" srcset=\"https:\/\/sid.uncu.edu.ar\/wp\/wp-content\/uploads\/2025\/04\/888dc47e47593df481f3e4824c1de827.webp 228w, https:\/\/sid.uncu.edu.ar\/wp\/wp-content\/uploads\/2025\/04\/888dc47e47593df481f3e4824c1de827-150x237.webp 150w\" sizes=\"auto, (max-width: 228px) 100vw, 228px\" \/><\/p>\n<\/div>\n<div class=\"col-lg-10 col-md-10 col-xs-12 col-sm-12\">\n<h2 class=\"\" style=\"text-align: left;\"><b>Conversaci\u00f3n en la catedral<\/b><\/h2>\n<h4 class=\"\">&nbsp;<\/h4>\n<h4 class=\"\" style=\"text-align: left;\"><span style=\"font-weight: 400; color: #333333; font-size: 16px;\">La historia gira en torno a Santiago Zavala, conocido como \u00abZavalita\u00bb, un joven periodista que acaba desilusionado, trabajando como redactor en un peri\u00f3dico sensacionalista y viviendo una vida gris. Un d\u00eda, se encuentra casualmente con un antiguo chofer de su padre, y juntos se sientan a conversar en un bar llamado precisamente \u00abLa Catedral\u00bb. La conversaci\u00f3n y los recuerdos de ambos sirven como eje central de la novela. El libro se caracteriza por los cambios constantes de narrador, de tiempos verbales y de escenas, lo que obliga al lector a reconstruir por si mismo los hechos. Fue su segunda novela de ficci\u00f3n.<\/span><\/h4>\n<\/div>\n<\/div>\n<div class=\"row\">\n<div class=\"col-lg-12 col-md-12 col-xs-10 col-sm-10\">\n<p class=\"\"><b><a href=\"https:\/\/bibliotecas.uncuyo.edu.ar\/explorador3\/Record\/OUN188374\">ubicaci\u00f3n<\/a>&nbsp;<\/b><\/p>\n<\/div>\n<\/div>\n<\/div>\n<\/div>\n<div class=\"boldgrid-section\">\n<div class=\"container-fluid\">\n<div class=\"row\" style=\"padding-bottom: 0px; padding-top: 26px;\">\n<div class=\"col-lg-2 col-md-2 col-sm-12 col-xs-12\">\n<p class=\"\"><img loading=\"lazy\" decoding=\"async\" class=\"alignnone wp-image-19985 size-full\" src=\"https:\/\/sid.uncu.edu.ar\/wp-content\/uploads\/2025\/04\/la-ciudad-y-los-perros.webp\" alt=\"\" width=\"381\" height=\"588\" srcset=\"https:\/\/sid.uncu.edu.ar\/wp\/wp-content\/uploads\/2025\/04\/la-ciudad-y-los-perros.webp 381w, https:\/\/sid.uncu.edu.ar\/wp\/wp-content\/uploads\/2025\/04\/la-ciudad-y-los-perros-259x400.webp 259w, https:\/\/sid.uncu.edu.ar\/wp\/wp-content\/uploads\/2025\/04\/la-ciudad-y-los-perros-150x231.webp 150w\" sizes=\"auto, (max-width: 381px) 100vw, 381px\" \/><\/p>\n<\/div>\n<div class=\"col-lg-10 col-md-10 col-xs-12 col-sm-12\">\n<h2 class=\"\" style=\"text-align: left;\"><b>La Ciudad y los perros<\/b><\/h2>\n<h4 class=\"\">&nbsp;<\/h4>\n<h4 class=\"\" style=\"text-align: left;\"><span style=\"font-weight: 400; color: #333333; font-size: 16px;\">La historia, inspirada en sus vivencias personales, transcurre en el Colegio Militar Leoncio Prado, ubicado en Lima. Un internado de formaci\u00f3n castrense donde j\u00f3venes adolescentes se preparan para una posible carrera militar. El colegio, sin embargo, representa c\u00f3mo era a ojos de Vargas Llosa la sociedad peruana de la \u00e9poca: autoritaria, violenta, machista y profundamente desigual.<\/span><\/h4>\n<\/div>\n<\/div>\n<div class=\"row\">\n<div class=\"col-lg-12 col-md-12 col-xs-10 col-sm-10\">\n<p class=\"\"><b><a href=\"https:\/\/bibliotecas.uncuyo.edu.ar\/explorador3\/Record\/OUN188375\">ubicaci\u00f3n<\/a>&nbsp;<\/b><\/p>\n<\/div>\n<\/div>\n<\/div>\n<\/div>\n","protected":false},"excerpt":{"rendered":"<p>&nbsp; Mario Vargas Llosa, escritor, pol\u00edtico y periodista peruano muri\u00f3 el domingo 13 de abril a los 89 a\u00f1os. Obtuvo<\/p>\n<div class=\"read-more\"><a class=\"btn button-secondary\" href=\"https:\/\/sid.uncu.edu.ar\/wp\/2025\/04\/lecturas-recomendadas-mario-vargas-llosa\/\">Leer m\u00e1s<\/a><\/div>\n","protected":false},"author":250,"featured_media":19983,"comment_status":"closed","ping_status":"closed","sticky":false,"template":"","format":"standard","meta":{"_acf_changed":false,"bgseo_title":"","bgseo_description":"","bgseo_robots_index":"index","bgseo_robots_follow":"follow","footnotes":""},"categories":[109,3],"tags":[324,325,323,326],"class_list":["post-19982","post","type-post","status-publish","format-standard","has-post-thumbnail","hentry","category-lecturas-recomendadas","category-noticias","tag-boom-latinoamericano","tag-literatura","tag-mario-vargas-llosa","tag-premio-nobel"],"acf":[],"jetpack_featured_media_url":"https:\/\/sid.uncu.edu.ar\/wp\/wp-content\/uploads\/2025\/04\/vargas-llosa-01.jpg","jetpack_sharing_enabled":true,"jetpack_likes_enabled":true,"_links":{"self":[{"href":"https:\/\/sid.uncu.edu.ar\/wp\/wp-json\/wp\/v2\/posts\/19982","targetHints":{"allow":["GET"]}}],"collection":[{"href":"https:\/\/sid.uncu.edu.ar\/wp\/wp-json\/wp\/v2\/posts"}],"about":[{"href":"https:\/\/sid.uncu.edu.ar\/wp\/wp-json\/wp\/v2\/types\/post"}],"author":[{"embeddable":true,"href":"https:\/\/sid.uncu.edu.ar\/wp\/wp-json\/wp\/v2\/users\/250"}],"replies":[{"embeddable":true,"href":"https:\/\/sid.uncu.edu.ar\/wp\/wp-json\/wp\/v2\/comments?post=19982"}],"version-history":[{"count":2,"href":"https:\/\/sid.uncu.edu.ar\/wp\/wp-json\/wp\/v2\/posts\/19982\/revisions"}],"predecessor-version":[{"id":19989,"href":"https:\/\/sid.uncu.edu.ar\/wp\/wp-json\/wp\/v2\/posts\/19982\/revisions\/19989"}],"wp:featuredmedia":[{"embeddable":true,"href":"https:\/\/sid.uncu.edu.ar\/wp\/wp-json\/wp\/v2\/media\/19983"}],"wp:attachment":[{"href":"https:\/\/sid.uncu.edu.ar\/wp\/wp-json\/wp\/v2\/media?parent=19982"}],"wp:term":[{"taxonomy":"category","embeddable":true,"href":"https:\/\/sid.uncu.edu.ar\/wp\/wp-json\/wp\/v2\/categories?post=19982"},{"taxonomy":"post_tag","embeddable":true,"href":"https:\/\/sid.uncu.edu.ar\/wp\/wp-json\/wp\/v2\/tags?post=19982"}],"curies":[{"name":"wp","href":"https:\/\/api.w.org\/{rel}","templated":true}]}}