{"id":19951,"date":"2025-03-27T10:20:27","date_gmt":"2025-03-27T13:20:27","guid":{"rendered":"https:\/\/sid.uncu.edu.ar\/?p=19951"},"modified":"2025-03-27T10:46:51","modified_gmt":"2025-03-27T13:46:51","slug":"lecturas-recomendadas-osvaldo-bayer","status":"publish","type":"post","link":"https:\/\/sid.uncu.edu.ar\/wp\/2025\/03\/lecturas-recomendadas-osvaldo-bayer\/","title":{"rendered":"Lecturas Recomendadas | Osvaldo Bayer"},"content":{"rendered":"<div class=\"boldgrid-section\">\n<div class=\"container\">\n<div class=\"row\" style=\"padding-top: 75px; padding-bottom: 75px;\">\n<div class=\"col-lg-12 col-md-12 col-xs-12 col-sm-12\">\n<p class=\"mod-reset\"><img loading=\"lazy\" decoding=\"async\" class=\"size-large wp-image-19953 aligncenter\" src=\"https:\/\/sid.uncu.edu.ar\/wp-content\/uploads\/2025\/03\/arton121135-550x295.jpg\" alt=\"\" width=\"550\" height=\"295\" srcset=\"https:\/\/sid.uncu.edu.ar\/wp\/wp-content\/uploads\/2025\/03\/arton121135-550x295.jpg 550w, https:\/\/sid.uncu.edu.ar\/wp\/wp-content\/uploads\/2025\/03\/arton121135-400x215.jpg 400w, https:\/\/sid.uncu.edu.ar\/wp\/wp-content\/uploads\/2025\/03\/arton121135-768x412.jpg 768w, https:\/\/sid.uncu.edu.ar\/wp\/wp-content\/uploads\/2025\/03\/arton121135-150x80.jpg 150w, https:\/\/sid.uncu.edu.ar\/wp\/wp-content\/uploads\/2025\/03\/arton121135.jpg 800w\" sizes=\"auto, (max-width: 550px) 100vw, 550px\" \/><\/p>\n<\/div>\n<\/div>\n<\/div>\n<\/div>\n<div class=\"boldgrid-section\">\n<div class=\"container\">\n<div class=\"row\">\n<div class=\"col-lg-1 col-md-12 col-sm-12 col-xs-12\"><\/div>\n<div class=\"col-lg-10 col-md-12 col-xs-12 col-sm-12\">\n<p class=\"\"><span style=\"font-weight: 400;\">Periodista, historiador y escritor.<\/span><\/p>\n<p class=\"\"><span style=\"font-weight: 400;\">Osvaldo Bayer naci\u00f3 el 18 de febrero de 1927 en Santa Fe. Descendiente de alemanes, realiz\u00f3 sus estudios en Historia, entre 1952 y 1956, en la Universidad de Hamburgo y, de vuelta en la Argentina, se dedic\u00f3 a la investigaci\u00f3n, al periodismo y a la escritura de guiones cinematogr\u00e1ficos.<\/span><\/p>\n<p class=\"\"><span style=\"font-weight: 400;\">Bayer fue un intelectual anarquista comprometido con las luchas de los obreros y de los pueblos originarios. Su principal investigaci\u00f3n fue sobre los hechos acontecidos en Santa Cruz entre 1920 y 1921, conocidos como La Patagonia Rebelde, cuando 1500 obreros y l\u00edderes sindicales fueron reprimidos y fusilados por orden del entonces presidente democr\u00e1tico Hip\u00f3lito Yrigoyen. Los obreros estaban realizando una huelga contra los estancieros y terratenientes locales. Toda la investigaci\u00f3n, que le llev\u00f3 10 a\u00f1os, resulta en un libro de cuatro tomos al que titul\u00f3 Los vengadores de la Patagonia tr\u00e1gica.<\/span><\/p>\n<p class=\"\"><strong><a href=\"https:\/\/www.cultura.gob.ar\/18-de-febrero-de-1927-nace-osvaldo-bayer-10142\/\"><span style=\"font-weight: 400;\">Extracto <\/span>https:\/\/www.cultura.gob.ar\/18-de-febrero-de-1927-nace-osvaldo-bayer-10142\/<\/a><\/strong><\/p>\n<p class=\"\">&nbsp;<\/p>\n<div class=\"row bg-editor-hr-wrap\">\n<div class=\"col-lg-12 col-md-12 col-xs-12 col-sm-12\">\n<div>\n<hr>\n<\/div>\n<\/div>\n<\/div>\n<\/div>\n<div class=\"col-lg-1 col-md-12 col-sm-12 col-xs-12\"><\/div>\n<\/div>\n<\/div>\n<\/div>\n<div class=\"boldgrid-section hidden-sm hidden-md hidden-lg\">\n<div class=\"container\">\n<div class=\"row receptor-containers-imhwpb\" style=\"padding-top: 5px; padding-bottom: 27px;\">\n<div class=\"col-md-12 col-xs-12 col-sm-12 align-column-center col-lg-12\">\n<p class=\"\" style=\"text-align: center;\">\n<\/div>\n<\/div>\n<\/div>\n<\/div>\n<div class=\"boldgrid-section\">\n<div class=\"container\">\n<div class=\"row\" style=\"padding-bottom: 0px; padding-top: 26px;\">\n<div class=\"col-lg-2 col-md-2 col-sm-12 col-xs-12 align-column-center\">\n<p class=\"\"><img loading=\"lazy\" decoding=\"async\" class=\"alignnone wp-image-19956 size-full\" src=\"https:\/\/sid.uncu.edu.ar\/wp-content\/uploads\/2025\/03\/03-26-Osvaldo-Bayer-cronicas-de-vida.jpg\" alt=\"\" width=\"220\" height=\"320\" srcset=\"https:\/\/sid.uncu.edu.ar\/wp\/wp-content\/uploads\/2025\/03\/03-26-Osvaldo-Bayer-cronicas-de-vida.jpg 220w, https:\/\/sid.uncu.edu.ar\/wp\/wp-content\/uploads\/2025\/03\/03-26-Osvaldo-Bayer-cronicas-de-vida-150x218.jpg 150w\" sizes=\"auto, (max-width: 220px) 100vw, 220px\" \/><\/p>\n<\/div>\n<div class=\"col-lg-10 col-md-10 col-xs-12 col-sm-12\">\n<h1 class=\"\"><span style=\"font-weight: 400;\">Osvaldo Bayer : cro\u0301nicas de vida<\/span><\/h1>\n<h4 class=\"\" style=\"text-align: left;\"><strong>de Norberto Pedro Urso&nbsp;<\/strong><\/h4>\n<p class=\"\">&nbsp;<\/p>\n<p class=\"\"><span style=\"font-weight: 400;\">Osvaldo Bayer: honesto, aguerrido, incansable luchador de causas justas, tenaz, intransigente a la hora de defender sus ideales, divulg\u00f3 los infortunados desatinos de la historia oficial argentina, denunciando permanentemente las injusticias sin temor a represalias, lo que le vali\u00f3 ocho interminables a\u00f1os de exilio.<br \/>\n<\/span><\/p>\n<p class=\"\">&nbsp;<\/p>\n<p class=\"\"><a href=\"https:\/\/bibliotecas.uncuyo.edu.ar\/explorador3\/Record\/ELB229556\"><b>ver en bibliotecas.uncuyo<\/b><\/a><\/p>\n<\/div>\n<\/div>\n<\/div>\n<\/div>\n<div class=\"boldgrid-section\">\n<div class=\"container\">\n<div class=\"row\" style=\"padding-bottom: 0px; padding-top: 26px;\">\n<div class=\"col-lg-2 col-md-2 col-sm-12 col-xs-12 align-column-center\">\n<p class=\"\"><img loading=\"lazy\" decoding=\"async\" class=\"alignnone wp-image-19957 size-large\" src=\"https:\/\/sid.uncu.edu.ar\/wp-content\/uploads\/2025\/03\/03-26-Patagonia-rev-520x800.jpg\" alt=\"\" width=\"520\" height=\"800\" srcset=\"https:\/\/sid.uncu.edu.ar\/wp\/wp-content\/uploads\/2025\/03\/03-26-Patagonia-rev-520x800.jpg 520w, https:\/\/sid.uncu.edu.ar\/wp\/wp-content\/uploads\/2025\/03\/03-26-Patagonia-rev-260x400.jpg 260w, https:\/\/sid.uncu.edu.ar\/wp\/wp-content\/uploads\/2025\/03\/03-26-Patagonia-rev-150x231.jpg 150w, https:\/\/sid.uncu.edu.ar\/wp\/wp-content\/uploads\/2025\/03\/03-26-Patagonia-rev.jpg 640w\" sizes=\"auto, (max-width: 520px) 100vw, 520px\" \/><\/p>\n<\/div>\n<div class=\"col-lg-10 col-md-10 col-xs-12 col-sm-12\">\n<h2 class=\"\"><span style=\"font-weight: 400;\">La patagonia rebelde<\/span><\/h2>\n<h4 class=\"\" style=\"text-align: left;\"><strong>de Osvaldo Bayer&nbsp;<\/strong><\/h4>\n<p>&nbsp;<\/p>\n<p class=\"\"><span style=\"font-weight: 400;\">La Patagonia rebelde no es s\u00f3lo el testimonio de la virulenta represi\u00f3n y matanza de obreros en las huelgas patag\u00f3nicas de 1921, es tambi\u00e9n una radiograf\u00eda cruda y descarnada de la desigualdad humana. Esta obra prueba de forma contundente la l\u00f3gica de un sistema perverso, en el cual los estancieros latifundistas de la Patagonia, verdaderos instigadores e interesados en aniquilar a los huelguistas, presionaron al gobierno de Yrigoyen y al ej\u00e9rcito para que terminara definitivamente con esos \u201crotosos sublevados\u201d. El teniente coronel Varela no dud\u00f3 y mand\u00f3 a j\u00f3venes soldados, de apenas veinte a\u00f1os, a fusilar sin miramientos a decenas de peones rurales.<br \/>\nEsta rigurosa y profunda investigaci\u00f3n configura un formidable relato que recupera a algunos personajes marginados por la historia: Antonio Soto, Fac\u00f3n Grande, Albino Arg\u00fcelles y el vindicador Kurt Wilckens. La incre\u00edble aventura de ese pu\u00f1ado de hombres que hicieron flamear la bandera roja, s\u00edmbolo de esperanza para los despose\u00eddos, en la desolada inmensidad de la Patagonia.<\/span><\/p>\n<p>&nbsp;<\/p>\n<p class=\"\"><a href=\"https:\/\/bibliotecas.uncuyo.edu.ar\/explorador3\/Record\/OUN187736\"><b>ver en bibliotecas.uncuyo<\/b><\/a><\/p>\n<p class=\"\">&nbsp;<\/p>\n<\/div>\n<\/div>\n<\/div>\n<\/div>\n<div class=\"boldgrid-section\">\n<div class=\"container\">\n<div class=\"row\" style=\"padding-bottom: 0px; padding-top: 26px;\">\n<div class=\"col-lg-2 col-md-2 col-sm-12 col-xs-12 align-column-center\">\n<p class=\"\"><img loading=\"lazy\" decoding=\"async\" class=\"alignnone wp-image-19958 size-full\" src=\"https:\/\/sid.uncu.edu.ar\/wp-content\/uploads\/2025\/03\/03-26-Severino.webp\" alt=\"\" width=\"314\" height=\"481\" srcset=\"https:\/\/sid.uncu.edu.ar\/wp\/wp-content\/uploads\/2025\/03\/03-26-Severino.webp 314w, https:\/\/sid.uncu.edu.ar\/wp\/wp-content\/uploads\/2025\/03\/03-26-Severino-261x400.webp 261w, https:\/\/sid.uncu.edu.ar\/wp\/wp-content\/uploads\/2025\/03\/03-26-Severino-150x230.webp 150w\" sizes=\"auto, (max-width: 314px) 100vw, 314px\" \/><\/p>\n<\/div>\n<div class=\"col-lg-10 col-md-10 col-xs-12 col-sm-12\">\n<h2 class=\"\"><span style=\"font-weight: 400;\">Severino Di Giovanni : El idealista de la violencia<\/span><\/h2>\n<h4 class=\"\" style=\"text-align: left;\"><strong>de Osvaldo Bayer&nbsp;<\/strong><\/h4>\n<p>&nbsp;<\/p>\n<p class=\"\"><span style=\"font-weight: 400;\">Severino Di Giovanni es un luchador antifascista, v\u00edctima del r\u00e9gimen de Mussolini, que procura sin tregua luchar contra la injusticia por todos los medios, aunque caigan inocentes. Se convertir\u00e1 en el hombre m\u00e1s perseguido de la Argentina. Se burla de sus perseguidores y el pueblo lee \u00e1vidamente las andanzas de este idealista de la violencia. Pero Di Giovanni tambi\u00e9n escribe poes\u00edas bell\u00edsimas, cartas de amor a su amada Am\u00e9rica y edita peri\u00f3dicos. Caer\u00e1 preso a la salida de una imprenta, ser\u00e1 juzgado y condenado a muerte. Su juicio y posterior fusilamiento sacudir\u00e1n a los argentinos de los a\u00f1os treinta. Severino Di Giovanni, de Osvaldo Bayer, estuvo prohibido en los a\u00f1os setenta y es un libro clave para continuar el debate sobre la violencia.<\/span><\/p>\n<p class=\"\"><span style=\"font-weight: 400;\"><br \/>\n<\/span><a href=\"https:\/\/bibliotecas.uncuyo.edu.ar\/explorador3\/Record\/OLESID053511\"><b>ver en bibliotecas.uncuyo<\/b><\/a><\/p>\n<\/div>\n<\/div>\n<\/div>\n<\/div>\n<div class=\"boldgrid-section\">\n<div class=\"container\">\n<div class=\"row\" style=\"padding-bottom: 0px; padding-top: 26px;\">\n<div class=\"col-lg-2 col-md-2 col-sm-12 col-xs-12 align-column-center\">\n<p class=\"\"><img loading=\"lazy\" decoding=\"async\" class=\"alignnone wp-image-19954 size-large\" src=\"https:\/\/sid.uncu.edu.ar\/wp-content\/uploads\/2025\/03\/03-26-Anarquistas-521x800.jpg\" alt=\"\" width=\"521\" height=\"800\" srcset=\"https:\/\/sid.uncu.edu.ar\/wp\/wp-content\/uploads\/2025\/03\/03-26-Anarquistas-521x800.jpg 521w, https:\/\/sid.uncu.edu.ar\/wp\/wp-content\/uploads\/2025\/03\/03-26-Anarquistas-260x400.jpg 260w, https:\/\/sid.uncu.edu.ar\/wp\/wp-content\/uploads\/2025\/03\/03-26-Anarquistas-150x230.jpg 150w, https:\/\/sid.uncu.edu.ar\/wp\/wp-content\/uploads\/2025\/03\/03-26-Anarquistas.jpg 640w\" sizes=\"auto, (max-width: 521px) 100vw, 521px\" \/><\/p>\n<\/div>\n<div class=\"col-lg-10 col-md-10 col-xs-12 col-sm-12\">\n<h2 class=\"\"><span style=\"font-weight: 400;\">Los anarquistas expropiadores.<\/span><\/h2>\n<h4 class=\"\" style=\"text-align: left;\"><strong>de Osvaldo Bayer&nbsp;<\/strong><\/h4>\n<p class=\"\">&nbsp;<\/p>\n<p class=\"\"><span style=\"font-weight: 400;\">En 1975 Osvaldo Bayer envi\u00f3 a la imprenta una serie de trabajos surgidos a partir de la investigaci\u00f3n sobre el m\u00edtico Severino Di Giovanni y el anarquismo expropiador, un tema que seguir\u00eda guiando una parte importante de su obra. Aquel movimiento que a principios del siglo pasado tom\u00f3 como m\u00e9todo de acci\u00f3n pol\u00edtica los atentados y los asaltos a los bancos y empresas tuvo varias figuras representativas que Bayer se ocup\u00f3 de investigar minuciosamente, y que reuni\u00f3 en un libro. De aquella primera edici\u00f3n, prohibida por el gobierno de Isabel Per\u00f3n, quedaron unos pocos ejemplares que circularon primero clandestinamente, y luego como documentos escasos y valiosos. Esta nueva edici\u00f3n revisada incluye el magistral perfil sobre Sim\u00f3n Radowitzky, el autor del atentado contra el jefe de polic\u00eda Ram\u00f3n Falc\u00f3n, relata episodios como la represi\u00f3n a los anarquistas de la FORA en la localidad rural de Jacinto Ar\u00e1uz y analiza la influencia de la inmigraci\u00f3n italiana en el movimiento anarquista argentino. En la segunda parte, analiza encubrimientos y miserias del poder, negociados como el de las tierras de El Palomar durante la D\u00e9cada Infame, el naufragio del buque de guerra Rosales, en el que los oficiales dejaron morir por falta de balsas a los marineros, y el hundimiento del Graf Spee en el R\u00edo de la Plata.<\/span><\/p>\n<p class=\"\"><a href=\"https:\/\/bibliotecas.uncuyo.edu.ar\/explorador3\/Record\/OLESID053781\"><b>ver en bibliotecas.uncuyo<\/b><\/a><\/p>\n<p class=\"\">&nbsp;<\/p>\n<\/div>\n<\/div>\n<\/div>\n<\/div>\n<div class=\"boldgrid-section\">\n<div class=\"container\">\n<div class=\"row\" style=\"padding-bottom: 0px; padding-top: 26px;\">\n<div class=\"col-lg-2 col-md-2 col-sm-12 col-xs-12 align-column-center\">\n<p class=\"\"><img loading=\"lazy\" decoding=\"async\" class=\"alignnone wp-image-19955 size-full\" src=\"https:\/\/sid.uncu.edu.ar\/wp-content\/uploads\/2025\/03\/03-26-los-vengadores.png\" alt=\"\" width=\"140\" height=\"216\"><\/p>\n<\/div>\n<div class=\"col-lg-10 col-md-10 col-xs-12 col-sm-12\">\n<h2 class=\"\"><span style=\"font-weight: 400;\">Los vengadores de la Patagonia tr\u00e1gica<\/span><\/h2>\n<h4 class=\"\" style=\"text-align: left;\"><strong>de Osvaldo Bayer&nbsp;<\/strong><\/h4>\n<p class=\"\">&nbsp;<\/p>\n<p class=\"\"><span style=\"font-weight: 400;\">Los vengadores de la Patagonia tr\u00e1gica, tambi\u00e9n conocido como La Patagonia rebelde, es un libro hist\u00f3rico-testimonial de no-ficci\u00f3n escrito por el periodista, historiador y escritor argentino Osvaldo Bayer y dividido en cuatro tomos publicados entre 1972 y 1974.\u200b Este relata los hechos de la denominada Patagonia rebelde y la masacre con la que \u00e9sta fue terminada, sucedidos durante el a\u00f1o 1921.<br \/>\nLos tres primeros tomos fueron editados en Argentina en los a\u00f1os mencionados, y el cuarto fue editado en Alemania Federal en 1978. El hecho de que la \u00faltima parte tuviera que ser publicada en el extranjero se debe a que tanto el autor como el editor debieron exiliarse cuando la \u00faltima dictadura c\u00edvico-militar usurp\u00f3 el poder en 1976..<\/span><\/p>\n<p>&nbsp;<\/p>\n<p class=\"\"><a href=\"https:\/\/bibliotecas.uncuyo.edu.ar\/explorador3\/Record\/OSC000742\"><b>ver en bibliotecas.uncuyo<\/b><\/a><\/p>\n<p class=\"\">&nbsp;<\/p>\n<\/div>\n<\/div>\n<\/div>\n<\/div>\n<div class=\"boldgrid-section\">\n<div class=\"container\">\n<div class=\"row\" style=\"padding-bottom: 0px; padding-top: 26px;\">\n<div class=\"col-lg-2 col-md-2 col-sm-12 col-xs-12 align-column-center\">\n<p class=\"\"><img loading=\"lazy\" decoding=\"async\" class=\"alignnone wp-image-17235 \" src=\"https:\/\/sid.uncu.edu.ar\/wp-content\/uploads\/2022\/08\/logo-libro-bibliotecas-550x777.png\" alt=\"\" width=\"141\" height=\"199\" srcset=\"https:\/\/sid.uncu.edu.ar\/wp\/wp-content\/uploads\/2022\/08\/logo-libro-bibliotecas-550x777.png 550w, https:\/\/sid.uncu.edu.ar\/wp\/wp-content\/uploads\/2022\/08\/logo-libro-bibliotecas-283x400.png 283w, https:\/\/sid.uncu.edu.ar\/wp\/wp-content\/uploads\/2022\/08\/logo-libro-bibliotecas-150x212.png 150w, https:\/\/sid.uncu.edu.ar\/wp\/wp-content\/uploads\/2022\/08\/logo-libro-bibliotecas.png 596w\" sizes=\"auto, (max-width: 141px) 100vw, 141px\" \/><\/p>\n<\/div>\n<div class=\"col-lg-10 col-md-10 col-xs-12 col-sm-12\">\n<h2 class=\"\"><span style=\"font-weight: 400;\">El Terrorismo de Estado en la Argentina, apuntes sobre su historia y sus consecuencias<\/span><\/h2>\n<h4 class=\"\" style=\"text-align: left;\"><strong>de Osvaldo Bayer&nbsp;<\/strong><\/h4>\n<p class=\"\">&nbsp;<\/p>\n<p class=\"\"><a href=\"https:\/\/bibliotecas.uncuyo.edu.ar\/explorador3\/Record\/OSC000742\"><b>ver en bibliotecas.uncuyo<\/b><\/a><\/p>\n<p class=\"\">&nbsp;<\/p>\n<\/div>\n<\/div>\n<\/div>\n<\/div>\n","protected":false},"excerpt":{"rendered":"<p>Periodista, historiador y escritor. Osvaldo Bayer naci\u00f3 el 18 de febrero de 1927 en Santa Fe. Descendiente de alemanes, realiz\u00f3<\/p>\n<div class=\"read-more\"><a class=\"btn button-secondary\" href=\"https:\/\/sid.uncu.edu.ar\/wp\/2025\/03\/lecturas-recomendadas-osvaldo-bayer\/\">Leer m\u00e1s<\/a><\/div>\n","protected":false},"author":250,"featured_media":19960,"comment_status":"closed","ping_status":"closed","sticky":false,"template":"","format":"standard","meta":{"_acf_changed":false,"bgseo_title":"","bgseo_description":"","bgseo_robots_index":"index","bgseo_robots_follow":"follow","footnotes":""},"categories":[109,3],"tags":[318,316,317],"class_list":["post-19951","post","type-post","status-publish","format-standard","has-post-thumbnail","hentry","category-lecturas-recomendadas","category-noticias","tag-anarquismo","tag-osvaldo-bayer","tag-patagonia"],"acf":[],"jetpack_featured_media_url":"https:\/\/sid.uncu.edu.ar\/wp\/wp-content\/uploads\/2025\/03\/osvaldo-bayer-01.jpg","jetpack_sharing_enabled":true,"jetpack_likes_enabled":true,"_links":{"self":[{"href":"https:\/\/sid.uncu.edu.ar\/wp\/wp-json\/wp\/v2\/posts\/19951","targetHints":{"allow":["GET"]}}],"collection":[{"href":"https:\/\/sid.uncu.edu.ar\/wp\/wp-json\/wp\/v2\/posts"}],"about":[{"href":"https:\/\/sid.uncu.edu.ar\/wp\/wp-json\/wp\/v2\/types\/post"}],"author":[{"embeddable":true,"href":"https:\/\/sid.uncu.edu.ar\/wp\/wp-json\/wp\/v2\/users\/250"}],"replies":[{"embeddable":true,"href":"https:\/\/sid.uncu.edu.ar\/wp\/wp-json\/wp\/v2\/comments?post=19951"}],"version-history":[{"count":5,"href":"https:\/\/sid.uncu.edu.ar\/wp\/wp-json\/wp\/v2\/posts\/19951\/revisions"}],"predecessor-version":[{"id":19965,"href":"https:\/\/sid.uncu.edu.ar\/wp\/wp-json\/wp\/v2\/posts\/19951\/revisions\/19965"}],"wp:featuredmedia":[{"embeddable":true,"href":"https:\/\/sid.uncu.edu.ar\/wp\/wp-json\/wp\/v2\/media\/19960"}],"wp:attachment":[{"href":"https:\/\/sid.uncu.edu.ar\/wp\/wp-json\/wp\/v2\/media?parent=19951"}],"wp:term":[{"taxonomy":"category","embeddable":true,"href":"https:\/\/sid.uncu.edu.ar\/wp\/wp-json\/wp\/v2\/categories?post=19951"},{"taxonomy":"post_tag","embeddable":true,"href":"https:\/\/sid.uncu.edu.ar\/wp\/wp-json\/wp\/v2\/tags?post=19951"}],"curies":[{"name":"wp","href":"https:\/\/api.w.org\/{rel}","templated":true}]}}