{"id":19827,"date":"2024-11-22T16:25:31","date_gmt":"2024-11-22T19:25:31","guid":{"rendered":"https:\/\/sid.uncu.edu.ar\/sid\/?p=19827"},"modified":"2024-12-12T12:41:22","modified_gmt":"2024-12-12T15:41:22","slug":"lecturas-recomendadas-cecilia-grierson","status":"publish","type":"post","link":"https:\/\/sid.uncu.edu.ar\/wp\/2024\/11\/lecturas-recomendadas-cecilia-grierson\/","title":{"rendered":"Lecturas recomendadas | Cecilia Grierson"},"content":{"rendered":"<div class=\"boldgrid-section\">\n<div class=\"container\">\n<div class=\"row\" style=\"padding-top: 75px; padding-bottom: 0px;\">\n<div class=\"col-lg-12 col-md-12 col-xs-12 col-sm-12\">\n<p class=\"mod-reset\"><img loading=\"lazy\" decoding=\"async\" class=\"wp-image-19828 size-large aligncenter\" src=\"https:\/\/sid.uncu.edu.ar\/sid\/wp-content\/uploads\/2024\/11\/XXCNVIHBEJBLJMILQ62UZSR25Y-550x309.jpg\" alt=\"\" width=\"550\" height=\"309\" srcset=\"https:\/\/sid.uncu.edu.ar\/wp\/wp-content\/uploads\/2024\/11\/XXCNVIHBEJBLJMILQ62UZSR25Y-550x309.jpg 550w, https:\/\/sid.uncu.edu.ar\/wp\/wp-content\/uploads\/2024\/11\/XXCNVIHBEJBLJMILQ62UZSR25Y-400x225.jpg 400w, https:\/\/sid.uncu.edu.ar\/wp\/wp-content\/uploads\/2024\/11\/XXCNVIHBEJBLJMILQ62UZSR25Y-768x432.jpg 768w, https:\/\/sid.uncu.edu.ar\/wp\/wp-content\/uploads\/2024\/11\/XXCNVIHBEJBLJMILQ62UZSR25Y-1536x864.jpg 1536w, https:\/\/sid.uncu.edu.ar\/wp\/wp-content\/uploads\/2024\/11\/XXCNVIHBEJBLJMILQ62UZSR25Y-150x84.jpg 150w, https:\/\/sid.uncu.edu.ar\/wp\/wp-content\/uploads\/2024\/11\/XXCNVIHBEJBLJMILQ62UZSR25Y.jpg 1920w\" sizes=\"auto, (max-width: 550px) 100vw, 550px\" \/><\/p>\n<\/div>\n<\/div>\n<\/div>\n<\/div>\n<div class=\"boldgrid-section\" style=\"border-width: 0px;\">\n<div class=\"container-fluid\">\n<div class=\"row\" style=\"padding-top: 0px; padding-bottom: 0px;\">\n<div class=\"col-lg-12 col-md-12 col-xs-12 col-sm-12\">\n<p class=\"\"><img loading=\"lazy\" decoding=\"async\" class=\"aligncenter wp-image-19831 size-full\" src=\"https:\/\/sid.uncu.edu.ar\/sid\/wp-content\/uploads\/2024\/11\/LECTURAS-RECOMENDADAS_21-11-03.jpg\" alt=\"\" width=\"787\" height=\"167\" srcset=\"https:\/\/sid.uncu.edu.ar\/wp\/wp-content\/uploads\/2024\/11\/LECTURAS-RECOMENDADAS_21-11-03.jpg 787w, https:\/\/sid.uncu.edu.ar\/wp\/wp-content\/uploads\/2024\/11\/LECTURAS-RECOMENDADAS_21-11-03-400x85.jpg 400w, https:\/\/sid.uncu.edu.ar\/wp\/wp-content\/uploads\/2024\/11\/LECTURAS-RECOMENDADAS_21-11-03-550x117.jpg 550w, https:\/\/sid.uncu.edu.ar\/wp\/wp-content\/uploads\/2024\/11\/LECTURAS-RECOMENDADAS_21-11-03-768x163.jpg 768w, https:\/\/sid.uncu.edu.ar\/wp\/wp-content\/uploads\/2024\/11\/LECTURAS-RECOMENDADAS_21-11-03-150x32.jpg 150w\" sizes=\"auto, (max-width: 787px) 100vw, 787px\" \/><\/p>\n<\/div>\n<\/div>\n<\/div>\n<\/div>\n<div class=\"boldgrid-section\">\n<div class=\"container\">\n<div class=\"row\">\n<div class=\"col-lg-12 col-md-12 col-xs-12 col-sm-12\">\n<p class=\"\"><span style=\"font-weight: 400;\">Naci\u00f3 un 22 de noviembre de 1859, hija de inmigrantes escoceses y una infancia en Uruguay y en Entre R\u00edos, Cecilia Grierson se recibi\u00f3 el 2 de julio de 1889 en la Facultad de Ciencias M\u00e9dicas de la Universidad de Buenos Aires.<\/span><\/p>\n<p class=\"\"><span style=\"font-weight: 400;\">El 2 de julio de 1889, a sus 30 a\u00f1os, fue la primera mujer en graduarse de la Facultad de Ciencias M\u00e9dicas de la UBA. Fund\u00f3 la Escuela de Enfermeras del C\u00edrculo M\u00e9dico Argentino, la&nbsp; Asociaci\u00f3n M\u00e9dica Argentina, la Sociedad Argentina de Primeros Auxilios y la Asociaci\u00f3n Obst\u00e9trica Nacional de Parteras.<\/span><\/p>\n<p class=\"\"><span style=\"font-weight: 400;\">Junto con Alicia Moreau de Justo, Elvira Rawson y Julieta Lanteri iniciaron la lucha por los derechos civiles y pol\u00edticos femeninos, impulsadas por los debates y protestas que se sucedieron durante la primera d\u00e9cada del siglo XX.<\/span><\/p>\n<p class=\"\"><span style=\"font-weight: 400;\">Fue elegida como presidenta del Primer Congreso Femenino Internacional, que se realiz\u00f3 en mayo de 1910 en el sal\u00f3n de la Sociedad Unione Operai Italiani que estaba en la calle Cuyo 1356 (actual calle Sarmiento).<\/span><\/p>\n<p><span style=\"font-weight: 400;\">Ejerci\u00f3 la docencia universitaria y en su consultorio particular se ocup\u00f3 tambi\u00e9n de los ni\u00f1os sordomudos.<\/span><\/p>\n<p class=\"\"><span style=\"font-weight: 400;\">Pas\u00f3 sus \u00faltimos a\u00f1os con una magra jubilaci\u00f3n en una propiedad en la localidad de Los Cocos (C\u00f3rdoba), que en 1924 donar\u00eda al Consejo Nacional de Educaci\u00f3n para que sea la escuela que lleva su nombre.<\/span><\/p>\n<p class=\"\"><strong style=\"color: var(--color-neutral-text-contrast);\"><a href=\"https:\/\/museoroca.cultura.gob.ar\/noticia\/mujeres-con-historia-dra-cecilia-grierson\/\">Extracto<\/a><\/strong><\/p>\n<div class=\"row bg-editor-hr-wrap\">\n<div class=\"col-lg-12 col-md-12 col-xs-12 col-sm-12\">\n<div>\n<hr>\n<\/div>\n<\/div>\n<\/div>\n<\/div>\n<\/div>\n<\/div>\n<\/div>\n<div class=\"boldgrid-section\">\n<div class=\"container-fluid\">\n<div class=\"row\" style=\"padding-bottom: 0px; padding-top: 26px;\">\n<div class=\"col-lg-2 col-md-2 col-sm-12 col-xs-12\">\n<p class=\"\"><img loading=\"lazy\" decoding=\"async\" class=\"alignnone wp-image-18925 size-large\" src=\"https:\/\/sid.uncu.edu.ar\/sid\/wp-content\/uploads\/2023\/08\/logo-bd-pdf-550x777.png\" alt=\"\" width=\"550\" height=\"777\" srcset=\"https:\/\/sid.uncu.edu.ar\/wp\/wp-content\/uploads\/2023\/08\/logo-bd-pdf-550x777.png 550w, https:\/\/sid.uncu.edu.ar\/wp\/wp-content\/uploads\/2023\/08\/logo-bd-pdf-283x400.png 283w, https:\/\/sid.uncu.edu.ar\/wp\/wp-content\/uploads\/2023\/08\/logo-bd-pdf-150x212.png 150w, https:\/\/sid.uncu.edu.ar\/wp\/wp-content\/uploads\/2023\/08\/logo-bd-pdf.png 596w\" sizes=\"auto, (max-width: 550px) 100vw, 550px\" \/><\/p>\n<\/div>\n<div class=\"col-lg-10 col-md-10 col-xs-12 col-sm-12\">\n<h2 class=\"\" style=\"text-align: left;\"><b>La primera m\u00e9dica argentina<br \/>\n<\/b><\/h2>\n<h4 class=\"\" style=\"text-align: left;\">&nbsp;<\/h4>\n<\/div>\n<\/div>\n<div class=\"row\" style=\"padding-top: 0px; padding-bottom: 0px;\">\n<div class=\"col-lg-12 col-md-12 col-sm-12col-xs-12\">\n<p class=\"\"><span style=\"font-weight: 400;\">Cecilia Grierson es pr\u00e1cticamente desconocida en Argentina, sin embargo es una de las mujeres m\u00e1s extraordinarias que dio nuestro pa\u00eds. Naci\u00f3 en Buenos Aires el 22 de noviembre de 1859, era la mayor de seis hermanos, hija de John Parish, escoc\u00e9s y Jane Duffy, de origen irland\u00e9s. Estudi\u00f3 en los mejores colegios ingleses de Buenos Aires. A la edad de 14 a\u00f1os, junto a su madre, dio clases de lectura y matem\u00e1ticas a un grupo de analfabetos. Su desarrollo intelectual fue muy r\u00e1pido e intenso. En 1878 se recibi\u00f3 de maestra de grado. Fue una de las primeras mujeres en obtener un t\u00edtulo docente en Argentina. En el a\u00f1o 1882, muy impactada por la enfermedad de su mejor amiga y tambi\u00e9n por su inclinaci\u00f3n hacia las ciencias naturales, decidi\u00f3 estudiar medicina. Ella era una mujer del siglo XIX, momento en que las ciencias era un privilegio de los hombres y pensar en derrocar ese privilegio constitu\u00eda todo un desaf\u00edo. Su solicitud de ingreso a la Facultad fue rechazada con el argumento de que deb\u00eda tener aprobado cinco niveles de lat\u00edn. No se rindi\u00f3. Estudi\u00f3 lat\u00edn y rindi\u00f3 como alumna libre en el actual Colegio Nacional de Buenos Aires, aprobando.<\/span><\/p>\n<p>&nbsp;<\/p>\n<p>&nbsp;<\/p>\n<p class=\"\"><a href=\"https:\/\/bibliotecas.uncuyo.edu.ar\/explorador3\/Record\/3487\"><b>Explorador Bibliotecas UNCUYO<\/b><\/a><\/p>\n<\/div>\n<\/div>\n<div class=\"row\">\n<div class=\"col-lg-12 col-md-12 col-xs-10 col-sm-10\">\n<p class=\"\">&nbsp;<\/p>\n<\/div>\n<\/div>\n<\/div>\n<\/div>\n<div class=\"boldgrid-section\">\n<div class=\"container-fluid\">\n<div class=\"row\" style=\"padding-bottom: 0px; padding-top: 26px;\">\n<div class=\"col-lg-2 col-md-2 col-sm-12 col-xs-12\">\n<p class=\"\"><img loading=\"lazy\" decoding=\"async\" class=\"aligncenter wp-image-18925 size-large\" src=\"https:\/\/sid.uncu.edu.ar\/sid\/wp-content\/uploads\/2023\/08\/logo-bd-pdf-550x777.png\" alt=\"\" width=\"550\" height=\"777\" srcset=\"https:\/\/sid.uncu.edu.ar\/wp\/wp-content\/uploads\/2023\/08\/logo-bd-pdf-550x777.png 550w, https:\/\/sid.uncu.edu.ar\/wp\/wp-content\/uploads\/2023\/08\/logo-bd-pdf-283x400.png 283w, https:\/\/sid.uncu.edu.ar\/wp\/wp-content\/uploads\/2023\/08\/logo-bd-pdf-150x212.png 150w, https:\/\/sid.uncu.edu.ar\/wp\/wp-content\/uploads\/2023\/08\/logo-bd-pdf.png 596w\" sizes=\"auto, (max-width: 550px) 100vw, 550px\" \/><\/p>\n<\/div>\n<div class=\"col-lg-10 col-md-10 col-xs-12 col-sm-12\">\n<h2 class=\"\" style=\"text-align: left;\"><b>Dra. Cecilia Grierson, ejemplo luchadora y militante feminista<\/b><\/h2>\n<\/div>\n<\/div>\n<div class=\"row\" style=\"padding-top: 0px; padding-bottom: 0px;\">\n<div class=\"col-lg-12 col-md-12 col-sm-12col-xs-12\">\n<p class=\"\"><span style=\"font-weight: 400;\">Quiz\u00e1 la mayor\u00eda conoce a la Dra. Grierson por su gran conquista acad\u00e9mica, ya que fue la primera mujer argentina que se recibi\u00f3 de m\u00e9dica. Si bien \u00e9ste fue un logro revolucionario para esos a\u00f1os, ya que se recibi\u00f3 en 1883, no fue lo \u00fanico que nos dej\u00f3. La Dra. Grierson fue precursora de la emancipaci\u00f3n femenina en nuestro pa\u00eds. Fue tambi\u00e9n fundadora del Partido Socialista y del Movimiento Feminista en Argentina. Sin embargo, su vida y su lucha no tienen un reconocimiento hist\u00f3rico digno de su legado y a la altura de los hombres de su generaci\u00f3n. Su vida y obra sirvieron como ejemplo a otras mujeres de su tiempo y de las generaciones futuras.<\/span><\/p>\n<p>&nbsp;<\/p>\n<\/div>\n<\/div>\n<div class=\"row\">\n<div class=\"col-lg-12 col-md-12 col-xs-10 col-sm-10\">\n<p class=\"\"><a href=\"https:\/\/bibliotecas.uncuyo.edu.ar\/explorador3\/Record\/3897\"><b>Explorador Bibliotecas UNCUYO<\/b><\/a><\/p>\n<\/div>\n<\/div>\n<\/div>\n<\/div>\n<div class=\"boldgrid-section\">\n<div class=\"container-fluid\">\n<div class=\"row\" style=\"padding-bottom: 0px; padding-top: 26px;\">\n<div class=\"col-lg-2 col-md-2 col-sm-12 col-xs-12\">\n<p class=\"\"><img loading=\"lazy\" decoding=\"async\" class=\"alignnone wp-image-19834 size-full\" src=\"https:\/\/sid.uncu.edu.ar\/sid\/wp-content\/uploads\/2024\/11\/D_NQ_NP_662187-MLA77901035893_072024-O-01.webp\" alt=\"\" width=\"233\" height=\"342\" srcset=\"https:\/\/sid.uncu.edu.ar\/wp\/wp-content\/uploads\/2024\/11\/D_NQ_NP_662187-MLA77901035893_072024-O-01.webp 233w, https:\/\/sid.uncu.edu.ar\/wp\/wp-content\/uploads\/2024\/11\/D_NQ_NP_662187-MLA77901035893_072024-O-01-150x220.webp 150w\" sizes=\"auto, (max-width: 233px) 100vw, 233px\" \/><\/p>\n<\/div>\n<div class=\"col-lg-10 col-md-10 col-xs-12 col-sm-12\">\n<h2 class=\"\" style=\"text-align: left;\"><b>Vida y obra de Cecilia Grierson : la primera m\u00e9dica argentina<\/b><\/h2>\n<p>&nbsp;<\/p>\n<\/div>\n<\/div>\n<div class=\"row\" style=\"padding-top: 0px; padding-bottom: 0px;\">\n<div class=\"col-lg-12 col-md-12 col-sm-12col-xs-12\">\n<p class=\"\"><span style=\"font-weight: 400;\">Resumen<br \/>\n<\/span><\/p>\n<\/div>\n<\/div>\n<div class=\"row\">\n<div class=\"col-lg-12 col-md-12 col-xs-10 col-sm-10\">\n<p class=\"\"><a href=\"https:\/\/bibliotecas.uncuyo.edu.ar\/explorador3\/Record\/ELB116448\"><b>Explorador Bibliotecas UNCUYO<\/b><\/a><\/p>\n<p class=\"\">&nbsp;<\/p>\n<\/div>\n<\/div>\n<\/div>\n<\/div>\n<div class=\"boldgrid-section\">\n<div class=\"container-fluid\">\n<div class=\"row\" style=\"padding-bottom: 0px; padding-top: 26px;\">\n<div class=\"col-lg-2 col-md-2 col-sm-12 col-xs-12\">\n<p class=\"\"><img loading=\"lazy\" decoding=\"async\" class=\"alignnone wp-image-19835 size-full\" src=\"https:\/\/sid.uncu.edu.ar\/sid\/wp-content\/uploads\/2024\/11\/11-22-Vidas-perpendiculares.jpg\" alt=\"\" width=\"346\" height=\"512\" srcset=\"https:\/\/sid.uncu.edu.ar\/wp\/wp-content\/uploads\/2024\/11\/11-22-Vidas-perpendiculares.jpg 346w, https:\/\/sid.uncu.edu.ar\/wp\/wp-content\/uploads\/2024\/11\/11-22-Vidas-perpendiculares-270x400.jpg 270w, https:\/\/sid.uncu.edu.ar\/wp\/wp-content\/uploads\/2024\/11\/11-22-Vidas-perpendiculares-150x222.jpg 150w\" sizes=\"auto, (max-width: 346px) 100vw, 346px\" \/><\/p>\n<\/div>\n<div class=\"col-lg-10 col-md-10 col-xs-12 col-sm-12\">\n<h2 class=\"\" style=\"text-align: left;\"><b>Vidas perpendiculares. Veinte biograf\u00edas de personajes c\u00e9lebres<br \/>\n<\/b><\/h2>\n<\/div>\n<\/div>\n<div class=\"row\" style=\"padding-top: 0px; padding-bottom: 0px;\">\n<div class=\"col-lg-12 col-md-12 col-sm-12col-xs-12\">\n<p class=\"\"><span style=\"font-weight: 400;\">Un recorrido por la vida y la obra de veinte personajes de la historia, desde Cervantes hasta Disney, pasando por Edison, Lola Mora, Van Gogh y muchos otros.<br \/>\n<\/span><\/p>\n<p class=\"\">&nbsp;<\/p>\n<p class=\"\"><a style=\"background-color: #ffffff;\" href=\"https:\/\/bibliotecas.uncuyo.edu.ar\/explorador3\/Record\/MAG-000426\"><b>Explorador Bibliotecas UNCUYO<\/b><\/a><\/p>\n<\/div>\n<\/div>\n<div class=\"row\">\n<div class=\"col-lg-12 col-md-12 col-xs-10 col-sm-10\"><\/div>\n<\/div>\n<\/div>\n<\/div>\n<div class=\"boldgrid-section\">\n<div class=\"container-fluid\">\n<div class=\"row\" style=\"padding-bottom: 0px; padding-top: 26px;\">\n<div class=\"col-lg-2 col-md-2 col-sm-12 col-xs-12\">\n<p class=\"\"><img loading=\"lazy\" decoding=\"async\" class=\"alignnone wp-image-19908 size-large\" src=\"https:\/\/sid.uncu.edu.ar\/sid\/wp-content\/uploads\/2024\/11\/5049-libro-hijas-de-eva-ana-maria-ramb-dlg-1-ed-d_nq_np_933605-mla25042002306_092016-f1-0bbc39bcd02b31225415423916420929-640-0-550x795.jpg\" alt=\"\" width=\"550\" height=\"795\" srcset=\"https:\/\/sid.uncu.edu.ar\/wp\/wp-content\/uploads\/2024\/11\/5049-libro-hijas-de-eva-ana-maria-ramb-dlg-1-ed-d_nq_np_933605-mla25042002306_092016-f1-0bbc39bcd02b31225415423916420929-640-0-550x795.jpg 550w, https:\/\/sid.uncu.edu.ar\/wp\/wp-content\/uploads\/2024\/11\/5049-libro-hijas-de-eva-ana-maria-ramb-dlg-1-ed-d_nq_np_933605-mla25042002306_092016-f1-0bbc39bcd02b31225415423916420929-640-0-277x400.jpg 277w, https:\/\/sid.uncu.edu.ar\/wp\/wp-content\/uploads\/2024\/11\/5049-libro-hijas-de-eva-ana-maria-ramb-dlg-1-ed-d_nq_np_933605-mla25042002306_092016-f1-0bbc39bcd02b31225415423916420929-640-0-150x217.jpg 150w, https:\/\/sid.uncu.edu.ar\/wp\/wp-content\/uploads\/2024\/11\/5049-libro-hijas-de-eva-ana-maria-ramb-dlg-1-ed-d_nq_np_933605-mla25042002306_092016-f1-0bbc39bcd02b31225415423916420929-640-0.jpg 598w\" sizes=\"auto, (max-width: 550px) 100vw, 550px\" \/><\/p>\n<\/div>\n<div class=\"col-lg-10 col-md-10 col-xs-12 col-sm-12\">\n<h2 class=\"\" style=\"text-align: left;\"><b>Hijas de Eva<\/b><\/h2>\n<p>&nbsp;<\/p>\n<\/div>\n<\/div>\n<div class=\"row\" style=\"padding-top: 0px; padding-bottom: 0px;\">\n<div class=\"col-lg-12 col-md-12 col-sm-12col-xs-12\">\n<p class=\"\"><span style=\"font-weight: 400;\">Beauvoir, Simone de; Luxemburgo, Rosa; Woolf, Virginia; Davis, Angela; Burgos, Julia de; Morrison, Toni; Edelman, Fanny; Pe\u00f1a, Alcira de la; Muzzilli, Carolina; Israel, Teresa; Trist\u00e1n, Flora; Mistral, Gabriela; Espin, Vilma; Moreau de Justo, Alicia; Storini, Alfonsin; Gorriti, Juana Manuela; Bastidas, Micaela; Manso, Juana; Kahlo, Frida; Sosa, Mercedes; Azurduy, Juana; Duarte, Mar\u00eda Eva; Santamar\u00eda, Hayd\u00e9e; Parra, Violeta; S\u00e1nchez de Thompson, Mariquita; Makeba, Miriam; Grierson, Cecilia; Sa\u00e9nz, Manuela; Villaflor, Azucena; Bolten, Virginia; Ib\u00e1rruri, Dolors.<\/span><\/p>\n<p>&nbsp;<\/p>\n<p class=\"\">&nbsp;<\/p>\n<p class=\"\"><a style=\"background-color: #ffffff;\" href=\"https:\/\/bibliotecas.uncuyo.edu.ar\/explorador3\/Record\/ECU-050660\"><b>Explorador Bibliotecas UNCUYO<\/b><\/a><\/p>\n<\/div>\n<\/div>\n<div class=\"row\">\n<div class=\"col-lg-12 col-md-12 col-xs-10 col-sm-10\"><\/div>\n<\/div>\n<\/div>\n<\/div>\n<div class=\"boldgrid-section\">\n<div class=\"container-fluid\">\n<div class=\"row\" style=\"padding-bottom: 0px; padding-top: 26px;\">\n<div class=\"col-lg-2 col-md-2 col-sm-12 col-xs-12\">\n<p class=\"\"><img loading=\"lazy\" decoding=\"async\" class=\"alignnone wp-image-19839 size-full\" src=\"https:\/\/sid.uncu.edu.ar\/sid\/wp-content\/uploads\/2024\/11\/Show.jpeg\" alt=\"\" width=\"345\" height=\"500\" srcset=\"https:\/\/sid.uncu.edu.ar\/wp\/wp-content\/uploads\/2024\/11\/Show.jpeg 345w, https:\/\/sid.uncu.edu.ar\/wp\/wp-content\/uploads\/2024\/11\/Show-276x400.jpeg 276w, https:\/\/sid.uncu.edu.ar\/wp\/wp-content\/uploads\/2024\/11\/Show-150x217.jpeg 150w\" sizes=\"auto, (max-width: 345px) 100vw, 345px\" \/><\/p>\n<\/div>\n<div class=\"col-lg-10 col-md-10 col-xs-12 col-sm-12\">\n<h2 class=\"\" style=\"text-align: left;\"><b>Historia de la medicina a trav\u00e9s de sus mujeres<\/b><\/h2>\n<p>&nbsp;<\/p>\n<\/div>\n<\/div>\n<div class=\"row\" style=\"padding-top: 0px; padding-bottom: 0px;\">\n<div class=\"col-lg-12 col-md-12 col-sm-12col-xs-12\">\n<p class=\"\"><span style=\"font-weight: 400;\">La Historia de las Mujeres muestra que el universo femenino se ha desarrollado a trav\u00e9s del tiempo en \u00e1mbitos p\u00fablicos y privados diversos y complejos. Uno de ellos fue el acceso a la universidad que para las mujeres significa traspasar los l\u00edmites exclusivamente hogare\u00f1os e incorporarse a espacios tradicionalmente reservados a varones. En ese contexto, las Ciencias de la Salud fueron una de las primeras opciones que ampliaron sus horizontes acad\u00e9micos y laborales y se convirtieron en una s\u00f3lida elecci\u00f3n para aquellas que ansiaban ampliar sus expectativas y que, hasta entrado el siglo XX, no eran consideradas sujetos plenos de derecho.<\/span><\/p>\n<p>&nbsp;<\/p>\n<p class=\"\">&nbsp;<\/p>\n<p class=\"\"><a style=\"background-color: #ffffff;\" href=\"https:\/\/bibliotecas.uncuyo.edu.ar\/explorador3\/Search\/Results?lookfor=historia+de+la+medicina+a+traves+de+sus+mujeres&amp;type=AllFields&amp;limit=20\"><b>Explorador Bibliotecas UNCUYO<\/b><\/a><\/p>\n<\/div>\n<\/div>\n<div class=\"row\">\n<div class=\"col-lg-12 col-md-12 col-xs-10 col-sm-10\"><\/div>\n<\/div>\n<\/div>\n<\/div>\n<div class=\"boldgrid-section\">\n<div class=\"container\">\n<div class=\"row\" style=\"padding-top: 0px; padding-bottom: 0px;\">\n<div class=\"col-lg-12 col-md-12 col-xs-12 col-sm-12\">\n<div class=\"row bg-editor-hr-wrap\">\n<div class=\"col-lg-12 col-md-12 col-xs-12 col-sm-12\">\n<div>\n<hr>\n<\/div>\n<\/div>\n<\/div>\n<\/div>\n<\/div>\n<\/div>\n<\/div>\n<div class=\"boldgrid-section\">\n<div class=\"container\">\n<div class=\"row\" style=\"padding-top: 0px; padding-bottom: 0px;\">\n<div class=\"col-lg-12 col-md-12 col-xs-12 col-sm-12\">\n<div class=\"row bg-editor-hr-wrap\">\n<div class=\"col-lg-12 col-md-12 col-xs-12 col-sm-12\">\n<div>\n<p>&nbsp;<\/p>\n<div class=\"bg-hr bg-hr-16\"><\/div>\n<p>&nbsp;<\/p>\n<\/div>\n<\/div>\n<\/div>\n<p class=\"\" style=\"text-align: center;\"><a class=\"button-primary btn btn-color-1 btn-border-color-1 btn btn-color-1 btn btn-border-color-1\" href=\"https:\/\/sid.uncu.edu.ar\/sid\/lecturas-recomendadas\/\">M\u00e1s lecturas recomendadas<\/a><\/p>\n<\/div>\n<\/div>\n<\/div>\n<\/div>\n<div class=\"boldgrid-section\">\n<div class=\"container\">\n<div class=\"row\">\n<div class=\"col-lg-12 col-md-12 col-xs-12 col-sm-12\"><\/div>\n<\/div>\n<\/div>\n<\/div>\n<div class=\"boldgrid-section\">\n<div class=\"container\">\n<div class=\"row\">\n<div class=\"col-lg-12 col-md-12 col-xs-12 col-sm-12\"><\/div>\n<\/div>\n<\/div>\n<\/div>\n","protected":false},"excerpt":{"rendered":"<p>Naci\u00f3 un 22 de noviembre de 1859, hija de inmigrantes escoceses y una infancia en Uruguay y en Entre R\u00edos,<\/p>\n<div class=\"read-more\"><a class=\"btn button-secondary\" href=\"https:\/\/sid.uncu.edu.ar\/wp\/2024\/11\/lecturas-recomendadas-cecilia-grierson\/\">Leer m\u00e1s<\/a><\/div>\n","protected":false},"author":250,"featured_media":19830,"comment_status":"closed","ping_status":"closed","sticky":false,"template":"","format":"standard","meta":{"_acf_changed":false,"bgseo_title":"","bgseo_description":"","bgseo_robots_index":"index","bgseo_robots_follow":"follow","footnotes":""},"categories":[109,3],"tags":[206,300,139,202,301],"class_list":["post-19827","post","type-post","status-publish","format-standard","has-post-thumbnail","hentry","category-lecturas-recomendadas","category-noticias","tag-argentina","tag-cecilia-grierson","tag-lecturas-recomendadas","tag-medicina","tag-nacimiento"],"acf":[],"jetpack_featured_media_url":"https:\/\/sid.uncu.edu.ar\/wp\/wp-content\/uploads\/2024\/11\/LECTURAS-RECOMENDADAS_21-11-02.jpg","jetpack_sharing_enabled":true,"jetpack_likes_enabled":true,"_links":{"self":[{"href":"https:\/\/sid.uncu.edu.ar\/wp\/wp-json\/wp\/v2\/posts\/19827","targetHints":{"allow":["GET"]}}],"collection":[{"href":"https:\/\/sid.uncu.edu.ar\/wp\/wp-json\/wp\/v2\/posts"}],"about":[{"href":"https:\/\/sid.uncu.edu.ar\/wp\/wp-json\/wp\/v2\/types\/post"}],"author":[{"embeddable":true,"href":"https:\/\/sid.uncu.edu.ar\/wp\/wp-json\/wp\/v2\/users\/250"}],"replies":[{"embeddable":true,"href":"https:\/\/sid.uncu.edu.ar\/wp\/wp-json\/wp\/v2\/comments?post=19827"}],"version-history":[{"count":6,"href":"https:\/\/sid.uncu.edu.ar\/wp\/wp-json\/wp\/v2\/posts\/19827\/revisions"}],"predecessor-version":[{"id":19909,"href":"https:\/\/sid.uncu.edu.ar\/wp\/wp-json\/wp\/v2\/posts\/19827\/revisions\/19909"}],"wp:featuredmedia":[{"embeddable":true,"href":"https:\/\/sid.uncu.edu.ar\/wp\/wp-json\/wp\/v2\/media\/19830"}],"wp:attachment":[{"href":"https:\/\/sid.uncu.edu.ar\/wp\/wp-json\/wp\/v2\/media?parent=19827"}],"wp:term":[{"taxonomy":"category","embeddable":true,"href":"https:\/\/sid.uncu.edu.ar\/wp\/wp-json\/wp\/v2\/categories?post=19827"},{"taxonomy":"post_tag","embeddable":true,"href":"https:\/\/sid.uncu.edu.ar\/wp\/wp-json\/wp\/v2\/tags?post=19827"}],"curies":[{"name":"wp","href":"https:\/\/api.w.org\/{rel}","templated":true}]}}