{"id":1956,"date":"2011-02-09T16:23:40","date_gmt":"2011-02-09T19:23:40","guid":{"rendered":"http:\/\/sid.uncu.edu.ar\/sid\/?p=1956"},"modified":"2011-02-09T16:31:33","modified_gmt":"2011-02-09T19:31:33","slug":"febrero-2011-curso-de-produccion-audiovisual","status":"publish","type":"post","link":"https:\/\/sid.uncu.edu.ar\/wp\/2011\/02\/febrero-2011-curso-de-produccion-audiovisual\/","title":{"rendered":"Febrero 2011 : Curso de Producci\u00f3n Audiovisual"},"content":{"rendered":"<h3>El Centro de Informaci\u00f3n y Comunicaci\u00f3n de la Universidad Nacional de Cuyo (CICUNC) junto a especialistas del medio audiovisual de la Provincia y con el apoyo del CDA Centro de Documentaci\u00f3n Audiovisual se dictar\u00e1n cursos sobre producci\u00f3n audiovisual que comienzan el s\u00e1bado 19 de febrero y se extender\u00e1n hasta el s\u00e1bado 9 de abril de 9 a 13.<\/h3>\n<h4>\n<hr \/>\n<\/h4>\n<div><a title=\"Capacitan para producir  audiovisuales en la UNCuyo\" href=\"http:\/\/www.uncu.edu.ar\/cache\/produccion-audiovisual.jpg_640_640.jpg\"><img decoding=\"async\" src=\"http:\/\/www.uncu.edu.ar\/cache\/produccion-audiovisual.jpg_300_300.jpg\" alt=\"Capacitan para producir  audiovisuales en la UNCuyo\" \/><\/a><\/div>\n<p>El objetivo es formar capital humano implicado en la realizaci\u00f3n o producci\u00f3n de audiovisuales, ya sean procesos de video gr\u00e1ficos o televisivos, productos multimedia, y quienes se desempe\u00f1en en la selecci\u00f3n, adecuaci\u00f3n y trabajo sobre contenidos, en el montaje, edici\u00f3n y postproducci\u00f3n de productos y programas audiovisuales.<\/p>\n<p>Hay dos cursos disponibles de 32 horas presenciales de duraci\u00f3n cada uno; uno de ellos se denomina Introducci\u00f3n a la producci\u00f3n audiovisual y entre sus objetivos se destacan fortalecer las competencias generales para la comprensi\u00f3n y aplicaci\u00f3n de lenguaje audiovisual y comenzar una din\u00e1mica de vinculaci\u00f3n entre la\u00a0 poblaci\u00f3n televidente-teleproductiva y el contenido que observa o produce.<\/p>\n<p>La segunda opci\u00f3n es el curso Introducci\u00f3n a la gesti\u00f3n, direcci\u00f3n y comercializaci\u00f3n de proyectos audiovisuales que se propone generar las condiciones necesarias para que las personas o grupos de gente con diversos prop\u00f3sitos o intereses puedan crear su propia narrativa audiovisual y comunicar sus realidades a trav\u00e9s de esa herramienta.<\/p>\n<p>Los interesados pueden inscribirse o pedir m\u00e1s informaci\u00f3n al e-mail: <a href=\"cursoaudiovisual@uncu.edu.ar\">cursoaudiovisual@uncu.edu.ar<\/a>\u00a0 o por tel\u00e9fono 4135227 \/ 5204.<\/p>\n","protected":false},"excerpt":{"rendered":"<p>El Centro de Informaci\u00f3n y Comunicaci\u00f3n de la Universidad Nacional de Cuyo (CICUNC) junto a especialistas del medio audiovisual de<\/p>\n<div class=\"read-more\"><a class=\"btn button-secondary\" href=\"https:\/\/sid.uncu.edu.ar\/wp\/2011\/02\/febrero-2011-curso-de-produccion-audiovisual\/\">Leer m\u00e1s<\/a><\/div>\n","protected":false},"author":3,"featured_media":0,"comment_status":"open","ping_status":"open","sticky":false,"template":"","format":"standard","meta":{"_acf_changed":false,"bgseo_title":"","bgseo_description":"","bgseo_robots_index":"","bgseo_robots_follow":"","footnotes":""},"categories":[3,1],"tags":[11],"class_list":["post-1956","post","type-post","status-publish","format-standard","hentry","category-noticias","category-sin-categoria","tag-cda"],"acf":[],"jetpack_featured_media_url":"","jetpack_sharing_enabled":true,"jetpack_likes_enabled":true,"_links":{"self":[{"href":"https:\/\/sid.uncu.edu.ar\/wp\/wp-json\/wp\/v2\/posts\/1956","targetHints":{"allow":["GET"]}}],"collection":[{"href":"https:\/\/sid.uncu.edu.ar\/wp\/wp-json\/wp\/v2\/posts"}],"about":[{"href":"https:\/\/sid.uncu.edu.ar\/wp\/wp-json\/wp\/v2\/types\/post"}],"author":[{"embeddable":true,"href":"https:\/\/sid.uncu.edu.ar\/wp\/wp-json\/wp\/v2\/users\/3"}],"replies":[{"embeddable":true,"href":"https:\/\/sid.uncu.edu.ar\/wp\/wp-json\/wp\/v2\/comments?post=1956"}],"version-history":[{"count":5,"href":"https:\/\/sid.uncu.edu.ar\/wp\/wp-json\/wp\/v2\/posts\/1956\/revisions"}],"predecessor-version":[{"id":1962,"href":"https:\/\/sid.uncu.edu.ar\/wp\/wp-json\/wp\/v2\/posts\/1956\/revisions\/1962"}],"wp:attachment":[{"href":"https:\/\/sid.uncu.edu.ar\/wp\/wp-json\/wp\/v2\/media?parent=1956"}],"wp:term":[{"taxonomy":"category","embeddable":true,"href":"https:\/\/sid.uncu.edu.ar\/wp\/wp-json\/wp\/v2\/categories?post=1956"},{"taxonomy":"post_tag","embeddable":true,"href":"https:\/\/sid.uncu.edu.ar\/wp\/wp-json\/wp\/v2\/tags?post=1956"}],"curies":[{"name":"wp","href":"https:\/\/api.w.org\/{rel}","templated":true}]}}