{"id":19498,"date":"2024-05-28T13:42:40","date_gmt":"2024-05-28T16:42:40","guid":{"rendered":"https:\/\/sid.uncu.edu.ar\/sid\/?p=19498"},"modified":"2024-05-29T12:42:19","modified_gmt":"2024-05-29T15:42:19","slug":"taller-de-ia-fca","status":"publish","type":"post","link":"https:\/\/sid.uncu.edu.ar\/wp\/2024\/05\/taller-de-ia-fca\/","title":{"rendered":"IA en la Universidad: Herramientas y \u00c9tica en la Educaci\u00f3n y la Investigaci\u00f3n"},"content":{"rendered":"<div class=\"boldgrid-section\">\n<div class=\"container\">\n<div class=\"row\">\n<div class=\"col-lg-12 col-md-12 col-xs-12 col-sm-12\">\n<p class=\"\">En la Facultad de Ciencias Agrarias de la UNCuyo se realiz\u00f3 el taller de \u00abAplicaciones y herramientas IA para la docencia y la investigaci\u00f3n\u00bb, destinado a dar a conocer a la comunidad universitaria la importancia del uso y utilizaci\u00f3n de la IA en el \u00e1mbito profesional acad\u00e9mico, poniendo el foco en el manejo de la tecnolog\u00eda aplicada a la educaci\u00f3n en funci\u00f3n de los principios de inclusi\u00f3n, igualdad, calidad y accesibilidad.<\/p>\n<p class=\"\"><img loading=\"lazy\" decoding=\"async\" class=\"alignnone size-large wp-image-19503\" src=\"https:\/\/sid.uncu.edu.ar\/sid\/wp-content\/uploads\/2024\/05\/taller-IA-FCA-2024-5-550x254.jpeg\" alt=\"\" width=\"550\" height=\"254\" srcset=\"https:\/\/sid.uncu.edu.ar\/wp\/wp-content\/uploads\/2024\/05\/taller-IA-FCA-2024-5-550x254.jpeg 550w, https:\/\/sid.uncu.edu.ar\/wp\/wp-content\/uploads\/2024\/05\/taller-IA-FCA-2024-5-400x185.jpeg 400w, https:\/\/sid.uncu.edu.ar\/wp\/wp-content\/uploads\/2024\/05\/taller-IA-FCA-2024-5-768x354.jpeg 768w, https:\/\/sid.uncu.edu.ar\/wp\/wp-content\/uploads\/2024\/05\/taller-IA-FCA-2024-5-1536x708.jpeg 1536w, https:\/\/sid.uncu.edu.ar\/wp\/wp-content\/uploads\/2024\/05\/taller-IA-FCA-2024-5-150x69.jpeg 150w, https:\/\/sid.uncu.edu.ar\/wp\/wp-content\/uploads\/2024\/05\/taller-IA-FCA-2024-5.jpeg 1600w\" sizes=\"auto, (max-width: 550px) 100vw, 550px\" \/><\/p>\n<p class=\"\">&nbsp;<\/p>\n<p class=\"\">El taller, con una asistencia de 73 docentes\/investigadores,&nbsp; se dict\u00f3 el martes 28 de mayo en el Aula 1 de la FCA-UNCuyo y estuvo a cargo del Lic. Horacio Degiorgi, Director del Sistema Integrado de Documentaci\u00f3n, y Bibl. Adri\u00e1n Mendez, Coordinador de la Biblioteca Digital de la UNCuyo, con una duraci\u00f3n de 3 horas.&nbsp;<\/p>\n<p class=\"\"><img loading=\"lazy\" decoding=\"async\" class=\"alignnone wp-image-19502 size-medium\" src=\"https:\/\/sid.uncu.edu.ar\/sid\/wp-content\/uploads\/2024\/05\/taller-IA-FCA-2024-4-400x185.jpeg\" alt=\"\" width=\"400\" height=\"185\" srcset=\"https:\/\/sid.uncu.edu.ar\/wp\/wp-content\/uploads\/2024\/05\/taller-IA-FCA-2024-4-400x185.jpeg 400w, https:\/\/sid.uncu.edu.ar\/wp\/wp-content\/uploads\/2024\/05\/taller-IA-FCA-2024-4-550x254.jpeg 550w, https:\/\/sid.uncu.edu.ar\/wp\/wp-content\/uploads\/2024\/05\/taller-IA-FCA-2024-4-768x354.jpeg 768w, https:\/\/sid.uncu.edu.ar\/wp\/wp-content\/uploads\/2024\/05\/taller-IA-FCA-2024-4-1536x708.jpeg 1536w, https:\/\/sid.uncu.edu.ar\/wp\/wp-content\/uploads\/2024\/05\/taller-IA-FCA-2024-4-150x69.jpeg 150w, https:\/\/sid.uncu.edu.ar\/wp\/wp-content\/uploads\/2024\/05\/taller-IA-FCA-2024-4.jpeg 1600w\" sizes=\"auto, (max-width: 400px) 100vw, 400px\" \/><img loading=\"lazy\" decoding=\"async\" class=\"alignnone wp-image-19499 size-medium\" src=\"https:\/\/sid.uncu.edu.ar\/sid\/wp-content\/uploads\/2024\/05\/taller-IA-FCA-2024-1-400x185.jpeg\" alt=\"\" width=\"400\" height=\"185\" srcset=\"https:\/\/sid.uncu.edu.ar\/wp\/wp-content\/uploads\/2024\/05\/taller-IA-FCA-2024-1-400x185.jpeg 400w, https:\/\/sid.uncu.edu.ar\/wp\/wp-content\/uploads\/2024\/05\/taller-IA-FCA-2024-1-550x254.jpeg 550w, https:\/\/sid.uncu.edu.ar\/wp\/wp-content\/uploads\/2024\/05\/taller-IA-FCA-2024-1-768x354.jpeg 768w, https:\/\/sid.uncu.edu.ar\/wp\/wp-content\/uploads\/2024\/05\/taller-IA-FCA-2024-1-1536x708.jpeg 1536w, https:\/\/sid.uncu.edu.ar\/wp\/wp-content\/uploads\/2024\/05\/taller-IA-FCA-2024-1-150x69.jpeg 150w, https:\/\/sid.uncu.edu.ar\/wp\/wp-content\/uploads\/2024\/05\/taller-IA-FCA-2024-1.jpeg 1600w\" sizes=\"auto, (max-width: 400px) 100vw, 400px\" \/><\/p>\n<p class=\"\">Iniciamos el encuentro con una introducci\u00f3n a los <a href=\"https:\/\/bibliotecas.online\/ia-fca\">grandes modelos de lenguaje<\/a> y un panorama de las tecnolog\u00edas IA del momento.<\/p>\n<p class=\"\">Adem\u00e1s se abordaron los siguientes temas: Open Data Editor, herramienta para escritura de art\u00edculos cient\u00edficos en acceso abierto; Obsidian, aplicaci\u00f3n de generaci\u00f3n de notas y documentaci\u00f3n; herramientas en IA para adaptar materiales educativos a las necesidades individuales de los estudiantes; generadores de mapas mentales, descubridores literatura cient\u00edfica, \u00e9tica y responsabilidad en el uso de la IA, uso responsable de la tecnolog\u00eda por parte de los docentes, investigadores y estudiantes.&nbsp;<\/p>\n<p class=\"\">Durante el encuentro adem\u00e1s e mostraron los servicios de las bibliotecas como biblioteca digital, portal de recursos educativos abiertos y las aplicaciones de publicaci\u00f3n colaborativa que estamos usando en la red de Bibliotecas.<\/p>\n<\/div>\n<\/div>\n<\/div>\n<\/div>\n","protected":false},"excerpt":{"rendered":"<p>En la Facultad de Ciencias Agrarias de la UNCuyo se realiz\u00f3 el taller de \u00abAplicaciones y herramientas IA para la<\/p>\n<div class=\"read-more\"><a class=\"btn button-secondary\" href=\"https:\/\/sid.uncu.edu.ar\/wp\/2024\/05\/taller-de-ia-fca\/\">Leer m\u00e1s<\/a><\/div>\n","protected":false},"author":250,"featured_media":19502,"comment_status":"closed","ping_status":"closed","sticky":false,"template":"","format":"standard","meta":{"_acf_changed":false,"bgseo_title":"","bgseo_description":"","bgseo_robots_index":"index","bgseo_robots_follow":"follow","footnotes":""},"categories":[3],"tags":[230,254,253,252,194],"class_list":["post-19498","post","type-post","status-publish","format-standard","has-post-thumbnail","hentry","category-noticias","tag-230","tag-capacitacion","tag-facultad-de-ciencias-agrarias","tag-ia","tag-taller"],"acf":[],"jetpack_featured_media_url":"https:\/\/sid.uncu.edu.ar\/wp\/wp-content\/uploads\/2024\/05\/taller-IA-FCA-2024-4.jpeg","jetpack_sharing_enabled":true,"jetpack_likes_enabled":true,"_links":{"self":[{"href":"https:\/\/sid.uncu.edu.ar\/wp\/wp-json\/wp\/v2\/posts\/19498","targetHints":{"allow":["GET"]}}],"collection":[{"href":"https:\/\/sid.uncu.edu.ar\/wp\/wp-json\/wp\/v2\/posts"}],"about":[{"href":"https:\/\/sid.uncu.edu.ar\/wp\/wp-json\/wp\/v2\/types\/post"}],"author":[{"embeddable":true,"href":"https:\/\/sid.uncu.edu.ar\/wp\/wp-json\/wp\/v2\/users\/250"}],"replies":[{"embeddable":true,"href":"https:\/\/sid.uncu.edu.ar\/wp\/wp-json\/wp\/v2\/comments?post=19498"}],"version-history":[{"count":13,"href":"https:\/\/sid.uncu.edu.ar\/wp\/wp-json\/wp\/v2\/posts\/19498\/revisions"}],"predecessor-version":[{"id":19521,"href":"https:\/\/sid.uncu.edu.ar\/wp\/wp-json\/wp\/v2\/posts\/19498\/revisions\/19521"}],"wp:featuredmedia":[{"embeddable":true,"href":"https:\/\/sid.uncu.edu.ar\/wp\/wp-json\/wp\/v2\/media\/19502"}],"wp:attachment":[{"href":"https:\/\/sid.uncu.edu.ar\/wp\/wp-json\/wp\/v2\/media?parent=19498"}],"wp:term":[{"taxonomy":"category","embeddable":true,"href":"https:\/\/sid.uncu.edu.ar\/wp\/wp-json\/wp\/v2\/categories?post=19498"},{"taxonomy":"post_tag","embeddable":true,"href":"https:\/\/sid.uncu.edu.ar\/wp\/wp-json\/wp\/v2\/tags?post=19498"}],"curies":[{"name":"wp","href":"https:\/\/api.w.org\/{rel}","templated":true}]}}