{"id":18971,"date":"2023-09-06T12:45:15","date_gmt":"2023-09-06T15:45:15","guid":{"rendered":"https:\/\/sid.uncu.edu.ar\/sid\/?p=18971"},"modified":"2023-09-11T13:16:43","modified_gmt":"2023-09-11T16:16:43","slug":"taller_rrcc","status":"publish","type":"post","link":"https:\/\/sid.uncu.edu.ar\/wp\/2023\/09\/taller_rrcc\/","title":{"rendered":"Taller de Optimizaci\u00f3n de Revistas Cient\u00edficas de la UNCUYO"},"content":{"rendered":"<div class=\"boldgrid-section\">\n<div class=\"container\">\n<div class=\"row\">\n<div class=\"col-lg-12 col-md-12 col-xs-12 col-sm-12\">\n<p class=\"\"><span style=\"font-weight: 400\">Se realiz\u00f3 el taller de <\/span><b>Optimizaci\u00f3n de Revistas Cient\u00edficas<\/b><span style=\"font-weight: 400\">, en la Facultad de Filosof\u00eda y Letras de la UNCUYO. El encuentro se ide\u00f3 desde la importancia en instaurar y reforzar buenas pr\u00e1cticas durante el proceso de edici\u00f3n y publicaci\u00f3n de las revistas publicadas en el<\/span> <b>portal de <a href=\"https:\/\/revistas.uncu.edu.ar\">Revistas Digitales de la UNCUYO<\/a><\/b><span style=\"font-weight: 400\">. <\/span><\/p>\n<p class=\"\"><img loading=\"lazy\" decoding=\"async\" class=\"size-large wp-image-18951 aligncenter\" src=\"https:\/\/sid.uncu.edu.ar\/sid\/wp-content\/uploads\/2023\/09\/1-4-550x253.jpeg\" alt=\"\" width=\"550\" height=\"253\" srcset=\"https:\/\/sid.uncu.edu.ar\/wp\/wp-content\/uploads\/2023\/09\/1-4-550x253.jpeg 550w, https:\/\/sid.uncu.edu.ar\/wp\/wp-content\/uploads\/2023\/09\/1-4-400x184.jpeg 400w, https:\/\/sid.uncu.edu.ar\/wp\/wp-content\/uploads\/2023\/09\/1-4-768x354.jpeg 768w, https:\/\/sid.uncu.edu.ar\/wp\/wp-content\/uploads\/2023\/09\/1-4-1536x708.jpeg 1536w, https:\/\/sid.uncu.edu.ar\/wp\/wp-content\/uploads\/2023\/09\/1-4-150x69.jpeg 150w, https:\/\/sid.uncu.edu.ar\/wp\/wp-content\/uploads\/2023\/09\/1-4.jpeg 1600w\" sizes=\"auto, (max-width: 550px) 100vw, 550px\" \/><\/p>\n<p class=\"\"><span style=\"font-weight: 400\">Para ello se convoc\u00f3 a editores, t\u00e9cnicos y bibliotecarios con el fin de armar grupos de trabajo para mejorar la indizaci\u00f3n de las revistas y adem\u00e1s detectar las necesidades de los equipos editoriales. <\/span><span style=\"font-weight: 400\">Los temas abordados fueron coherencia en la carga, metadatos, desarrollo de plugins, indexaciones, y optimizaci\u00f3n de im\u00e1genes.<\/span><span style=\"font-weight: 400\"><br \/>\n<\/span><\/p>\n<p class=\"\"><span style=\"font-weight: 400\">El taller estuvo a cargo de Horacio Degiorgi (Director del SID y desarrollador del portal<\/span><a href=\"https:\/\/revistas.uncu.edu.ar\"> <b>Revistas UNCUYO<\/b><\/a><span style=\"font-weight: 400\">), Adri\u00e1n Mendez (Coordinador de la <strong><a href=\"https:\/\/bdigital.uncu.edu.ar\">Biblioteca Digital<\/a><\/strong> de la UNCUYO), Mart\u00edn Longo (Responsable t\u00e9cnico del portal <\/span><span style=\"font-weight: 400\">) y Juan Manuel Moreno (comunicador del <strong><a href=\"https:\/\/sid.uncu.edu.ar\/sid\">SID<\/a><\/strong>), y estuvo dirigido a quienes publican en <\/span><b>OJS <\/b><span style=\"font-weight: 400\">(Open Journal System), una soluci\u00f3n de c\u00f3digo abierto para la gesti\u00f3n y publicaci\u00f3n de revistas acad\u00e9micas en l\u00ednea.&nbsp;<\/span><\/p>\n<p class=\"\"><span style=\"font-weight: 400\">Esta iniciativa surge de la necesidad de unificar y mantener un \u00fanico sistema para todas las revistas cient\u00edficas editadas en la UNCUYO. De esta manera se contin\u00faa con la pol\u00edtica de Acceso Abierto y publicaci\u00f3n de recursos de informaci\u00f3n bajo un \u00fanico dominio lo cual colabora a la hora del posicionamiento de la UNCUYO en buscadores y rankings universitarios. <\/span><span style=\"font-weight: 400\"><br \/>\n<\/span><\/p>\n<p class=\"\"><span style=\"font-weight: 400\">Para conocer m\u00e1s acerca de las revistas cient\u00edficas digitales producidas en la Universidad puede acceder al <\/span><a href=\"https:\/\/revistas.uncu.edu.ar\"><b>portal Revistas UNCUYO<\/b><\/a><b>.&nbsp;<\/b><\/p>\n<\/div>\n<\/div>\n<\/div>\n<\/div>\n","protected":false},"excerpt":{"rendered":"<p>Se realiz\u00f3 el taller de Optimizaci\u00f3n de Revistas Cient\u00edficas, en la Facultad de Filosof\u00eda y Letras de la UNCUYO. El<\/p>\n<div class=\"read-more\"><a class=\"btn button-secondary\" href=\"https:\/\/sid.uncu.edu.ar\/wp\/2023\/09\/taller_rrcc\/\">Leer m\u00e1s<\/a><\/div>\n","protected":false},"author":250,"featured_media":18949,"comment_status":"closed","ping_status":"closed","sticky":false,"template":"","format":"standard","meta":{"_acf_changed":false,"bgseo_title":"Taller de Optimizaci\u00f3n de revistas en OJS de la UNCUYO ","bgseo_description":"Taller de Optimizaci\u00f3n de Revistas en OJS (Open Journal Systems ) dirigido a editores, t\u00e9cnicos y personal de bibliotecas de la UNCUYO, brindado por el SID ","bgseo_robots_index":"index","bgseo_robots_follow":"follow","footnotes":""},"categories":[3,200,198],"tags":[],"class_list":["post-18971","post","type-post","status-publish","format-standard","has-post-thumbnail","hentry","category-noticias","category-noticias_revistas","category-revistas_uncuyo"],"acf":[],"jetpack_featured_media_url":"https:\/\/sid.uncu.edu.ar\/wp\/wp-content\/uploads\/2023\/09\/1-2.jpeg","jetpack_sharing_enabled":true,"jetpack_likes_enabled":true,"_links":{"self":[{"href":"https:\/\/sid.uncu.edu.ar\/wp\/wp-json\/wp\/v2\/posts\/18971","targetHints":{"allow":["GET"]}}],"collection":[{"href":"https:\/\/sid.uncu.edu.ar\/wp\/wp-json\/wp\/v2\/posts"}],"about":[{"href":"https:\/\/sid.uncu.edu.ar\/wp\/wp-json\/wp\/v2\/types\/post"}],"author":[{"embeddable":true,"href":"https:\/\/sid.uncu.edu.ar\/wp\/wp-json\/wp\/v2\/users\/250"}],"replies":[{"embeddable":true,"href":"https:\/\/sid.uncu.edu.ar\/wp\/wp-json\/wp\/v2\/comments?post=18971"}],"version-history":[{"count":4,"href":"https:\/\/sid.uncu.edu.ar\/wp\/wp-json\/wp\/v2\/posts\/18971\/revisions"}],"predecessor-version":[{"id":18975,"href":"https:\/\/sid.uncu.edu.ar\/wp\/wp-json\/wp\/v2\/posts\/18971\/revisions\/18975"}],"wp:featuredmedia":[{"embeddable":true,"href":"https:\/\/sid.uncu.edu.ar\/wp\/wp-json\/wp\/v2\/media\/18949"}],"wp:attachment":[{"href":"https:\/\/sid.uncu.edu.ar\/wp\/wp-json\/wp\/v2\/media?parent=18971"}],"wp:term":[{"taxonomy":"category","embeddable":true,"href":"https:\/\/sid.uncu.edu.ar\/wp\/wp-json\/wp\/v2\/categories?post=18971"},{"taxonomy":"post_tag","embeddable":true,"href":"https:\/\/sid.uncu.edu.ar\/wp\/wp-json\/wp\/v2\/tags?post=18971"}],"curies":[{"name":"wp","href":"https:\/\/api.w.org\/{rel}","templated":true}]}}