{"id":18348,"date":"2023-02-18T12:29:20","date_gmt":"2023-02-18T15:29:20","guid":{"rendered":"https:\/\/sid.uncu.edu.ar\/sid\/?p=18348"},"modified":"2023-02-18T13:21:51","modified_gmt":"2023-02-18T16:21:51","slug":"carnaval-lecturas-recomendadas","status":"publish","type":"post","link":"https:\/\/sid.uncu.edu.ar\/wp\/2023\/02\/carnaval-lecturas-recomendadas\/","title":{"rendered":"Carnaval &#8211; Lecturas Recomendadas"},"content":{"rendered":"<div class=\"boldgrid-section\" style=\"border-width: 0px; background-color: #e2e2e2;\">\n<div class=\"container-fluid\">\n<div class=\"row\" style=\"padding-top: 0px; padding-bottom: 0px;\">\n<div class=\"col-lg-12 col-md-12 col-xs-12 col-sm-12\">\n<p class=\"\"><img data-recalc-dims=\"1\" loading=\"lazy\" decoding=\"async\" class=\"wp-image-18359 size-medium aligncenter\" src=\"https:\/\/i0.wp.com\/sid.uncu.edu.ar\/sid\/wp-content\/uploads\/2023\/02\/LECTURAS-RECOMENDADAS_2023-1-400x400.jpg?resize=400%2C400&#038;ssl=1\" alt=\"\" width=\"400\" height=\"400\" srcset=\"https:\/\/i0.wp.com\/sid.uncu.edu.ar\/wp\/wp-content\/uploads\/2023\/02\/LECTURAS-RECOMENDADAS_2023-1.jpg?resize=400%2C400&amp;ssl=1 400w, https:\/\/i0.wp.com\/sid.uncu.edu.ar\/wp\/wp-content\/uploads\/2023\/02\/LECTURAS-RECOMENDADAS_2023-1.jpg?resize=550%2C550&amp;ssl=1 550w, https:\/\/i0.wp.com\/sid.uncu.edu.ar\/wp\/wp-content\/uploads\/2023\/02\/LECTURAS-RECOMENDADAS_2023-1.jpg?resize=100%2C100&amp;ssl=1 100w, https:\/\/i0.wp.com\/sid.uncu.edu.ar\/wp\/wp-content\/uploads\/2023\/02\/LECTURAS-RECOMENDADAS_2023-1.jpg?resize=768%2C768&amp;ssl=1 768w, https:\/\/i0.wp.com\/sid.uncu.edu.ar\/wp\/wp-content\/uploads\/2023\/02\/LECTURAS-RECOMENDADAS_2023-1.jpg?resize=96%2C96&amp;ssl=1 96w, https:\/\/i0.wp.com\/sid.uncu.edu.ar\/wp\/wp-content\/uploads\/2023\/02\/LECTURAS-RECOMENDADAS_2023-1.jpg?resize=150%2C150&amp;ssl=1 150w, https:\/\/i0.wp.com\/sid.uncu.edu.ar\/wp\/wp-content\/uploads\/2023\/02\/LECTURAS-RECOMENDADAS_2023-1.jpg?w=960&amp;ssl=1 960w\" sizes=\"auto, (max-width: 400px) 100vw, 400px\" \/><\/p>\n<\/div>\n<\/div>\n<\/div>\n<\/div>\n<div class=\"boldgrid-section\">\n<div class=\"container\">\n<div class=\"row\">\n<div class=\"col-lg-12 col-md-12 col-xs-12 col-sm-12\">\n<p class=\"\">&nbsp;<\/p>\n<p class=\"\">Un a\u00f1o m\u00e1s de festejos populares en las calles y plazas de Argentina. Ciudades de todo el pa\u00eds celebraran a lo grande la llegada del Carnaval que inunda los barrios de coloridos atuendos, carros aleg\u00f3ricos, m\u00e1scaras,&nbsp;<a href=\"https:\/\/cnnespanol.cnn.com\/radio\/2020\/02\/05\/carnaval-porteno-una-tradicion-de-mas-de-100-anos\/\" target=\"_blank\" rel=\"noopener\">murgas<\/a> y mucho baile. Las fiestas de carnaval en Argentina son parte de una tradici\u00f3n a\u00f1eja que se realiza desde hace 100 a\u00f1os y estos d\u00edas est\u00e1n incluidos en el calendario de feriados nacionales del pa\u00eds.<\/p>\n<p class=\"\">Hace relativamente poco tiempo que Argentina recuper\u00f3 el espacio p\u00fablico para las fiestas del carnaval. La dictadura militar (1976-1983) elimin\u00f3 los feriados nacionales de carnavales en un intento por desaparecer una fiesta popular cargada de palabra y expresi\u00f3n que <a href=\"https:\/\/cnnespanol.cnn.com\/radio\/2020\/02\/05\/carnaval-porteno-una-tradicion-de-mas-de-100-anos\/\" target=\"_blank\" rel=\"noopener\">se realiza desde hace m\u00e1s de 100 a\u00f1os.<\/a><\/p>\n<p class=\"\">Sin embargo, los murguistas lucharon por traer todo de vuelta a las calles hasta que en 2010 la entonces presidenta Cristina Fern\u00e1ndez de Kirchner restaur\u00f3 los dos d\u00edas festivos en todo el pa\u00eds, <a href=\"https:\/\/www.espaciomemoria.ar\/2019\/03\/04\/la-memoria-del-carnaval\/\" target=\"_blank\" rel=\"noopener\">recuerda<\/a>&nbsp;el Espacio Memoria y Derechos Humanos.<\/p>\n<p class=\"\">En Argentina no hay un solo carnaval, sino muchos. Cada provincia aporta sus costumbres.&nbsp;El de Corrientes, por ejemplo, es el que tiene m\u00e1s historia de carnaval con la m\u00fasica como pieza clave,&nbsp;<a href=\"https:\/\/www.cultura.gob.ar\/un-pais-muchas-tradiciones-asi-se-celebra-el-carnaval-en-las-distintas-regiones-de-la-argentina_3431\/\" target=\"_blank\" rel=\"noopener\">seg\u00fan el Ministerio de Cultura.<\/a>&nbsp;Mientras que el de Jujuy es considerado como el m\u00e1s popular al tomar \u00ablas caracter\u00edsticas propias de la idiosincracia local\u00bb. Y aunque el de Entre R\u00edos, m\u00e1s influenciado por Brasil, no es tan \u00abestrenduoso\u00bb, suele ser m\u00e1s visible y convoca al turismo.&nbsp;<\/p>\n<p class=\"\"><strong><a href=\"https:\/\/cnnespanol.cnn.com\/2023\/02\/17\/dias-feriado-carnaval-2023-argentina-orix\/\">Extracto<\/a><\/strong><\/p>\n<p class=\"\"><span style=\"font-weight: 400;\">En Sudam\u00e9rica, el Carnaval suele estar asociado con los multitudinarios y rutilantes desfiles de R\u00edo de Janeiro, asimismo con la ciudad entrerriana de Gualeguaych\u00fa, con las murgas -bien distintas entre s\u00ed- uruguayas y argentinas y las celebraciones ancestrales tanto del Norte del pa\u00eds, como de Bolivia. En otras \u00e9pocas, no muy lejanas, tambi\u00e9n con jugar en la calle a mojarse con baldazos o bombitas de agua. Ahora bien, de su origen y su significado poco se conoce.<\/span><\/p>\n<p class=\"\"><span style=\"font-weight: 400;\">Su festejo est\u00e1 relacionado con pa\u00edses con tradiciones cat\u00f3licas, aunque la Iglesia no la admite como celebraci\u00f3n religiosa. Su origen no es del todo claro, pero varias versiones indican que proviene de las fiestas paganas, como las realizadas en honor a Baco, el dios romano del vino, las saturnales y las lupercales romanas. O bien, las que se realizaban en honor del toro Apis en Egipto.<\/span><\/p>\n<p><span style=\"font-weight: 400;\">Seg\u00fan algunos historiadores, los or\u00edgenes se remontar\u00edan a la Sumeria y el Egipto antiguos, hace m\u00e1s de 5000 a\u00f1os. Aquellas celebraciones eran muy similares a las que tuvieron lugar en el Imperio romano. Luego se expandi\u00f3 la costumbre por Europa y, desde all\u00ed, lleg\u00f3 a Am\u00e9rica a trav\u00e9s de los navegantes espa\u00f1oles y portugueses de finales del siglo XV.<\/span><\/p>\n<p class=\"\"><strong><a href=\"https:\/\/www.lanacion.com.ar\/lifestyle\/cual-es-su-origen-que-significa-carnaval-nid2215121\/\">Extracto<\/a>&nbsp;<\/strong><\/p>\n<div class=\"row bg-editor-hr-wrap\">\n<div class=\"col-lg-12 col-md-12 col-xs-12 col-sm-12\">\n<div>\n<hr>\n<\/div>\n<\/div>\n<\/div>\n<\/div>\n<\/div>\n<\/div>\n<\/div>\n<div class=\"boldgrid-section\">\n<div class=\"container-fluid\">\n<div class=\"row\" style=\"padding-bottom: 0px; padding-top: 26px;\">\n<div class=\"col-lg-2 col-md-2 col-sm-12 col-xs-12\">\n<p class=\"\"><img data-recalc-dims=\"1\" loading=\"lazy\" decoding=\"async\" class=\"alignnone wp-image-18349 size-medium\" src=\"https:\/\/i0.wp.com\/sid.uncu.edu.ar\/sid\/wp-content\/uploads\/2023\/02\/02-17-Breve-historia-del-carnaval-porteno-300x400.jpg?resize=300%2C400&#038;ssl=1\" alt=\"\" width=\"300\" height=\"400\" srcset=\"https:\/\/i0.wp.com\/sid.uncu.edu.ar\/wp\/wp-content\/uploads\/2023\/02\/02-17-Breve-historia-del-carnaval-porteno.jpg?resize=300%2C400&amp;ssl=1 300w, https:\/\/i0.wp.com\/sid.uncu.edu.ar\/wp\/wp-content\/uploads\/2023\/02\/02-17-Breve-historia-del-carnaval-porteno.jpg?resize=550%2C733&amp;ssl=1 550w, https:\/\/i0.wp.com\/sid.uncu.edu.ar\/wp\/wp-content\/uploads\/2023\/02\/02-17-Breve-historia-del-carnaval-porteno.jpg?w=640&amp;ssl=1 640w, https:\/\/i0.wp.com\/sid.uncu.edu.ar\/wp\/wp-content\/uploads\/2023\/02\/02-17-Breve-historia-del-carnaval-porteno.jpg?resize=150%2C200&amp;ssl=1 150w\" sizes=\"auto, (max-width: 300px) 100vw, 300px\" \/><\/p>\n<\/div>\n<div class=\"col-lg-10 col-md-10 col-xs-12 col-sm-12\">\n<h3 class=\"\"><b>Breve historia del carnaval porte\u00f1o<\/b><\/h3>\n<h4 class=\"\" style=\"text-align: left;\">&nbsp;<\/h4>\n<\/div>\n<\/div>\n<div class=\"row\" style=\"padding-top: 0px; padding-bottom: 0px;\">\n<div class=\"col-lg-12 col-md-12 col-sm-12col-xs-12\">\n<p class=\"\"><span style=\"font-weight: 400;\">En muchos de los cap\u00edtulos de este libro, Puccia no s\u00f3lo nos hacer ver lo que relata, con una precisi\u00f3n casi fotogr\u00e1fica, sino que, adem\u00e1s, logra hacernos experimentar sus propias sensaciones y emocionarnos, como cuando describe, en una p\u00e1gina desde ya memorable, lo que podr\u00eda llamarse la aut\u00e9ntica muerte del Carnaval porte\u00f1o. El autor de este libro es un historiador nato que ha sabido reforzar su don de observaci\u00f3n de las costumbres y tradiciones porte\u00f1as mediante el incesante estudio y la investigaci\u00f3n seria.<\/span><\/p>\n<\/div>\n<\/div>\n<div class=\"row\">\n<div class=\"col-lg-12 col-md-12 col-xs-10 col-sm-10\">\n<p class=\"\"><a href=\"https:\/\/bibliotecas.uncuyo.edu.ar\/explorador3\/Record\/OLESID012032\"><b>enlace en explorador de Bibliotecas UNCUYO<\/b><\/a><\/p>\n<p class=\"\"><span style=\"font-weight: 400;\">Disponible en la Biblioteca de la Facultad de Filosof\u00eda y Letras. Ubicaci\u00f3n: 46-1B<\/span><\/p>\n<div class=\"row bg-editor-hr-wrap\">\n<div class=\"col-lg-12 col-md-12 col-xs-12 col-sm-12\">\n<hr>\n<\/div>\n<\/div>\n<\/div>\n<\/div>\n<\/div>\n<\/div>\n<div class=\"boldgrid-section\">\n<div class=\"container-fluid\">\n<div class=\"row\">\n<div class=\"col-lg-2 col-md-2 col-xs-12 col-sm-12 align-column-center\">\n<p class=\"mod-reset\" style=\"text-align: center;\"><img data-recalc-dims=\"1\" loading=\"lazy\" decoding=\"async\" class=\"alignleft wp-image-18353 size-medium\" src=\"https:\/\/i0.wp.com\/sid.uncu.edu.ar\/sid\/wp-content\/uploads\/2023\/02\/02-17-Presagio-de-carnaval-261x400.jpeg?resize=261%2C400&#038;ssl=1\" alt=\"\" width=\"261\" height=\"400\" srcset=\"https:\/\/i0.wp.com\/sid.uncu.edu.ar\/wp\/wp-content\/uploads\/2023\/02\/02-17-Presagio-de-carnaval.jpeg?resize=261%2C400&amp;ssl=1 261w, https:\/\/i0.wp.com\/sid.uncu.edu.ar\/wp\/wp-content\/uploads\/2023\/02\/02-17-Presagio-de-carnaval.jpeg?resize=150%2C230&amp;ssl=1 150w, https:\/\/i0.wp.com\/sid.uncu.edu.ar\/wp\/wp-content\/uploads\/2023\/02\/02-17-Presagio-de-carnaval.jpeg?w=360&amp;ssl=1 360w\" sizes=\"auto, (max-width: 261px) 100vw, 261px\" \/><\/p>\n<\/div>\n<div class=\"col-lg-10 col-md-10 col-xs-12 col-sm-12\">\n<h2 class=\"\" style=\"text-align: left;\"><b>Presagio de carnaval<\/b><\/h2>\n<h4 class=\"\" style=\"text-align: left;\">&nbsp;<\/h4>\n<\/div>\n<\/div>\n<div class=\"row\" style=\"padding-top: 0px; padding-bottom: 0px;\">\n<div class=\"col-lg-12 col-md-12 col-sm-12col-xs-12\">\n<p class=\"\"><span style=\"font-weight: 400;\">El d\u00eda que Mija\u00edl pregunt\u00f3 por \u00c1ngela y el carnaval; Sabino escuch\u00f3 el retint\u00edn de la desgracia; el cencerro de la muerte. Bien sab\u00eda que cuando la tragedia se pone en movimiento ya no hay quien la detenga; porque cada elemento forma parte de su maquinaria. Una plaza en la parte vieja de la ciudad. Un vendedor de yuyos que lleg\u00f3 desde Bolivia huyendo de la miseria. Una muchacha que no pudo vivir m\u00e1s all\u00e1 ni m\u00e1s ac\u00e1 de su hermosura. Un vendedor de harinilla que se dej\u00f3 ganar por el rencor. Y el carnaval en el barrio de San Pedro; saturado de humo de frituras y de ensue\u00f1os. Campo de batalla contra la muerte entre guerreros coloridos y emplumados. En donde caen las m\u00e1scaras sociales y todos son iguales. Por un rato<\/span><\/p>\n<p class=\"\"><a href=\"https:\/\/bibliotecas.uncuyo.edu.ar\/explorador3\/Record\/OUNR251320\"><b>Enlace en explorador de Bibliotecas UNCUYO<\/b><\/a><\/p>\n<p class=\"\"><span style=\"font-weight: 400;\">Disponible en la Biblioteca Central. Ubicaci\u00f3n: 860 (82) -31 BOD<\/span><\/p>\n<p><span style=\"font-weight: 400;\">Disponible en la Biblioteca del Departamento de Aplicaci\u00f3n Docente. Ubicaci\u00f3n: FG-MZ A863 BOD p<\/span><\/p>\n<p class=\"\"><span style=\"font-weight: 400;\">Disponible en la Biblioteca del Liceo Agr\u00edcola. Ubicaci\u00f3n: A863 BODpr<\/span><\/p>\n<\/div>\n<\/div>\n<\/div>\n<\/div>\n<div class=\"boldgrid-section\">\n<div class=\"container-fluid\">\n<div class=\"row\" style=\"padding-top: 0px; padding-bottom: 0px;\">\n<div class=\"col-lg-12 col-md-12 col-xs-12 col-sm-12\">\n<div class=\"row bg-editor-hr-wrap\">\n<div class=\"col-lg-12 col-md-12 col-xs-12 col-sm-12\">\n<div>\n<hr>\n<\/div>\n<\/div>\n<\/div>\n<\/div>\n<\/div>\n<\/div>\n<\/div>\n<div class=\"boldgrid-section\">\n<div class=\"container-fluid\">\n<div class=\"row\">\n<div class=\"col-lg-2 col-md-2 col-xs-12 col-sm-12 align-column-center\">\n<p class=\"mod-reset\" style=\"text-align: center;\"><img data-recalc-dims=\"1\" loading=\"lazy\" decoding=\"async\" class=\"alignleft wp-image-18350 size-medium\" src=\"https:\/\/i0.wp.com\/sid.uncu.edu.ar\/sid\/wp-content\/uploads\/2023\/02\/02-17-Candombe_fiebre-de-carnaval-318x400.jpg?resize=318%2C400&#038;ssl=1\" alt=\"\" width=\"318\" height=\"400\" srcset=\"https:\/\/i0.wp.com\/sid.uncu.edu.ar\/wp\/wp-content\/uploads\/2023\/02\/02-17-Candombe_fiebre-de-carnaval.jpg?resize=318%2C400&amp;ssl=1 318w, https:\/\/i0.wp.com\/sid.uncu.edu.ar\/wp\/wp-content\/uploads\/2023\/02\/02-17-Candombe_fiebre-de-carnaval.jpg?resize=550%2C692&amp;ssl=1 550w, https:\/\/i0.wp.com\/sid.uncu.edu.ar\/wp\/wp-content\/uploads\/2023\/02\/02-17-Candombe_fiebre-de-carnaval.jpg?resize=150%2C189&amp;ssl=1 150w, https:\/\/i0.wp.com\/sid.uncu.edu.ar\/wp\/wp-content\/uploads\/2023\/02\/02-17-Candombe_fiebre-de-carnaval.jpg?w=640&amp;ssl=1 640w\" sizes=\"auto, (max-width: 318px) 100vw, 318px\" \/><\/p>\n<\/div>\n<div class=\"col-lg-10 col-md-10 col-xs-12 col-sm-12\">\n<h2 class=\"\"><b>Candombe : fiebre de carnaval<\/b><\/h2>\n<h4 class=\"\">&nbsp;<\/h4>\n<\/div>\n<\/div>\n<div class=\"row\" style=\"padding-top: 0px; padding-bottom: 0px;\">\n<div class=\"col-lg-12 col-md-12 col-sm-12col-xs-12\">\n<p class=\"\"><span style=\"font-weight: 400;\">Este libro escrito e ilustrado por Diego Bianki, en castellano y tambi\u00e9n en ingl\u00e9s, es para que lo lean, lo disfruten y aprendan tanto los ni\u00f1xs como los adultxs. En estas p\u00e1ginas el texto hecho poes\u00eda, y las ilustraciones ricas y coloridas, cuentan una historia sobre el carnaval rioplatense, sobre el carnaval de origen afro, en Uruguay. Ideal para aquellos que saben de m\u00fasica y les interesa el tema, como para aquellos otros que no saben demasiado y entonces quieren enterarse. Candombe es un libro que invita a carnavalear.<\/span><\/p>\n<\/div>\n<\/div>\n<div class=\"row\">\n<div class=\"col-lg-12 col-md-12 col-xs-12 col-sm-12\">\n<p class=\"\"><a href=\"https:\/\/bibliotecas.uncuyo.edu.ar\/explorador3\/Record\/LAE-000118\"><b>Enlace en explorador de Bibliotecas UNCUYO<\/b><\/a><\/p>\n<p class=\"\"><span style=\"font-weight: 400;\">Disponible en la Biblioteca del Departamento de Aplicaci\u00f3n Docente. Ubicaci\u00f3n: FG A863 BIA-can<\/span><\/p>\n<p class=\"\"><span style=\"font-weight: 400;\">Disponible en la Biblioteca del Liceo Agr\u00edcola. Ubicaci\u00f3n: A863 BIA<\/span><\/p>\n<div class=\"row bg-editor-hr-wrap\">\n<div class=\"col-lg-12 col-md-12 col-xs-12 col-sm-12\">\n<hr>\n<\/div>\n<\/div>\n<\/div>\n<\/div>\n<\/div>\n<\/div>\n<div class=\"boldgrid-section\">\n<div class=\"container-fluid\">\n<div class=\"row\" style=\"padding-bottom: 0px;\">\n<div class=\"col-lg-2 col-md-2 col-xs-12 col-sm-12 align-column-center\">\n<p class=\"mod-reset\" style=\"text-align: center;\"><img data-recalc-dims=\"1\" loading=\"lazy\" decoding=\"async\" class=\"alignleft wp-image-18352 size-medium\" src=\"https:\/\/i0.wp.com\/sid.uncu.edu.ar\/sid\/wp-content\/uploads\/2023\/02\/02-17-La-murga-portena-266x400.jpeg?resize=266%2C400&#038;ssl=1\" alt=\"\" width=\"266\" height=\"400\" srcset=\"https:\/\/i0.wp.com\/sid.uncu.edu.ar\/wp\/wp-content\/uploads\/2023\/02\/02-17-La-murga-portena.jpeg?resize=266%2C400&amp;ssl=1 266w, https:\/\/i0.wp.com\/sid.uncu.edu.ar\/wp\/wp-content\/uploads\/2023\/02\/02-17-La-murga-portena.jpeg?resize=532%2C800&amp;ssl=1 532w, https:\/\/i0.wp.com\/sid.uncu.edu.ar\/wp\/wp-content\/uploads\/2023\/02\/02-17-La-murga-portena.jpeg?resize=150%2C226&amp;ssl=1 150w, https:\/\/i0.wp.com\/sid.uncu.edu.ar\/wp\/wp-content\/uploads\/2023\/02\/02-17-La-murga-portena.jpeg?w=600&amp;ssl=1 600w\" sizes=\"auto, (max-width: 266px) 100vw, 266px\" \/><\/p>\n<\/div>\n<div class=\"col-lg-10 col-md-10 col-xs-12 col-sm-12\">\n<h2 class=\"\"><b>La murga porte\u00f1a : Historia de un viaje colectivo de Coco Romero<\/b><\/h2>\n<h4 class=\"\" style=\"text-align: left;\">&nbsp;<\/h4>\n<\/div>\n<\/div>\n<div class=\"row\" style=\"padding-top: 0px; padding-bottom: 0px;\">\n<div class=\"col-lg-12 col-md-12 col-sm-12col-xs-12\">\n<p class=\"\"><span style=\"font-weight: 400;\">La murga siempre constituy\u00f3 un lugar de integraci\u00f3n para sectores populares que dif\u00edcilmente encontrar\u00edan otros espacios expresivos. \u201cSobre esta forma de vivir el carnaval est\u00e1 centrado este trabajo\u201d, nos dice Coco Romero, y agrega: \u201cContar la historia colectiva de la murga porte\u00f1a responde al deseo de transmitir los interrogantes, inquietudes y respuestas que he encontrado a lo largo de los a\u00f1os, despu\u00e9s de peregrinar con algunas ideas centrales y recopilar relatos e historias de vida de murguistas que amaron y habitaron los territorios del rey Momo\u201d.&nbsp;<\/span><\/p>\n<p class=\"\"><span style=\"font-weight: 400;\">Este libro est\u00e1 ordenado en sucesi\u00f3n cronol\u00f3gica marcada por \u00e9pocas distintivas seg\u00fan criterios sociales, pol\u00edticos, econ\u00f3micos y celebratorios. Se enhebran tambi\u00e9n las interrelaciones entre diferentes aspectos de la murga con otros g\u00e9neros populares, como el circo criollo, el tango, la payada, el f\u00fatbol, la pol\u00edtica de masas. Instrumentos, atav\u00edos, poes\u00eda, m\u00fasica, ritmos, son abordados en profundidad, conteniendo adem\u00e1s una valorable galer\u00eda de fotos<\/span><\/p>\n<p>&nbsp;<\/p>\n<p class=\"\"><a href=\"https:\/\/bibliotecas.uncuyo.edu.ar\/explorador3\/Record\/ELB78586\"><b>Enlace en explorador de Bibliotecas UNCUYO<\/b><\/a><\/p>\n<\/div>\n<\/div>\n<\/div>\n<div class=\"container-fluid\">\n<div class=\"row\">\n<div class=\"col-lg-12 col-md-12 col-xs-12 col-sm-12\">\n<p class=\"\"><em><span style=\"font-weight: 400;\">Disponible en formato digital.<\/span><\/em><\/p>\n<div class=\"row bg-editor-hr-wrap\">\n<div class=\"col-lg-12 col-md-12 col-xs-12 col-sm-12\">\n<div>\n<hr>\n<\/div>\n<\/div>\n<\/div>\n<\/div>\n<\/div>\n<\/div>\n<\/div>\n<div class=\"boldgrid-section\">\n<div class=\"container-fluid\">\n<div class=\"row\" style=\"padding-bottom: 0px; padding-top: 26px;\">\n<div class=\"col-lg-2 col-md-2 col-sm-12 col-xs-12\">\n<p class=\"\"><img data-recalc-dims=\"1\" loading=\"lazy\" decoding=\"async\" class=\"alignnone wp-image-18351 size-full\" src=\"https:\/\/i0.wp.com\/sid.uncu.edu.ar\/sid\/wp-content\/uploads\/2023\/02\/02-17-El-disfraz-de-carnaval.jpg?resize=212%2C298&#038;ssl=1\" alt=\"\" width=\"212\" height=\"298\" srcset=\"https:\/\/i0.wp.com\/sid.uncu.edu.ar\/wp\/wp-content\/uploads\/2023\/02\/02-17-El-disfraz-de-carnaval.jpg?w=212&amp;ssl=1 212w, https:\/\/i0.wp.com\/sid.uncu.edu.ar\/wp\/wp-content\/uploads\/2023\/02\/02-17-El-disfraz-de-carnaval.jpg?resize=150%2C211&amp;ssl=1 150w\" sizes=\"auto, (max-width: 212px) 100vw, 212px\" \/><\/p>\n<\/div>\n<div class=\"col-lg-10 col-md-10 col-xs-12 col-sm-12\">\n<h2 class=\"\" style=\"text-align: left;\"><b>El disfraz de carnaval<\/b><\/h2>\n<p>&nbsp;<\/p>\n<h4 class=\"\" style=\"text-align: left;\">&nbsp;<\/h4>\n<\/div>\n<\/div>\n<div class=\"row\" style=\"padding-top: 0px; padding-bottom: 0px;\">\n<div class=\"col-lg-12 col-md-12 col-sm-12col-xs-12\">\n<p class=\"\"><span style=\"font-weight: 400;\">\u201cHubo una vez un hombre que en Carnaval se disfraz\u00f3 de s\u00ed mismo y parec\u00eda otro y fue muy feliz, aunque el mi\u00e9rcoles de ceniza volvi\u00f3 a ser el de todos los d\u00edas, es decir, el que los dem\u00e1s quer\u00edan que fuera\u201d.&nbsp;<\/span><\/p>\n<p><span style=\"font-weight: 400;\">Porque, con demasiada frecuencia, no somos nosotros mismos, sino lo que los dem\u00e1s quieren que seamos. Por eso, los disfraces, las caretas y los maquillajes son tan frecuentes en la vida, pues la gente los utiliza cada d\u00eda en sus relaciones sociales, familiares, econ\u00f3micas, pol\u00edticas y religiosas. De ah\u00ed que, con toda la raz\u00f3n del mundo, nos quejamos de lo mal que funciona la sociedad, la familia, y tantos asuntos relacionados con la econom\u00eda, la pol\u00edtica y la religi\u00f3n. Sobre todo, la religi\u00f3n. Hasta el punto de preguntarnos: \u00bfes posible practicar la religi\u00f3n, como hacen muchos, sin llevar una careta? Cuando las cosas se piensan en serio, se comprende que precisamente porque a casi todos nos va bien con el disfraz que nos ponemos, las cosas est\u00e1n como est\u00e1n, sobre todo en la pol\u00edtica y la religi\u00f3n.&nbsp;<\/span><\/p>\n<p><span style=\"font-weight: 400;\">Desde esta visi\u00f3n de la vida, en este libro se recogen una serie de art\u00edculos de prensa que el autor ha publicado en los \u00faltimos a\u00f1os. Temas de tanta actualidad como la violencia, los derechos humanos, la marginaci\u00f3n de mujeres, homosexuales, gentes y pueblos hundidos en la pobreza, el sentido de la vida, Dios y la negaci\u00f3n de Dios, el puritanismo farisaico de la cultura occidental, etc., son las preguntas que se plantean en este libro. Preguntas que quiz\u00e1 a algunos lectores les ayuden a pensar.<\/span><\/p>\n<p class=\"\"><span style=\"font-weight: 400;\">&nbsp;<\/span><\/p>\n<p class=\"\"><a href=\"https:\/\/bibliotecas.uncuyo.edu.ar\/explorador3\/Record\/ELB48053\"><b>Enlace en explorador de Bibliotecas UNCUYO<\/b><\/a><\/p>\n<p class=\"\"><em><span style=\"font-weight: 400;\">Disponible en formato digital.<\/span><\/em><\/p>\n<div class=\"row bg-editor-hr-wrap\">\n<div class=\"col-lg-12 col-md-12 col-xs-12 col-sm-12\">\n<hr>\n<\/div>\n<\/div>\n<\/div>\n<\/div>\n<\/div>\n<\/div>\n<div class=\"boldgrid-section\">\n<div class=\"container-fluid\">\n<div class=\"row\" style=\"padding-bottom: 0px; padding-top: 26px;\">\n<div class=\"col-lg-2 col-md-2 col-sm-12 col-xs-12\">\n<p class=\"\"><img data-recalc-dims=\"1\" loading=\"lazy\" decoding=\"async\" class=\"alignnone wp-image-18354 size-full\" src=\"https:\/\/i0.wp.com\/sid.uncu.edu.ar\/sid\/wp-content\/uploads\/2023\/02\/02-17-Relatos-carnavalescos.jpeg?resize=244%2C345&#038;ssl=1\" alt=\"\" width=\"244\" height=\"345\" srcset=\"https:\/\/i0.wp.com\/sid.uncu.edu.ar\/wp\/wp-content\/uploads\/2023\/02\/02-17-Relatos-carnavalescos.jpeg?w=244&amp;ssl=1 244w, https:\/\/i0.wp.com\/sid.uncu.edu.ar\/wp\/wp-content\/uploads\/2023\/02\/02-17-Relatos-carnavalescos.jpeg?resize=150%2C212&amp;ssl=1 150w\" sizes=\"auto, (max-width: 244px) 100vw, 244px\" \/><\/p>\n<\/div>\n<div class=\"col-lg-10 col-md-10 col-xs-12 col-sm-12\">\n<h2 class=\"\" style=\"text-align: left;\"><b>Relatos carnavalescos<\/b><\/h2>\n<p class=\"\">&nbsp;<\/p>\n<h4 class=\"\" style=\"text-align: left;\">&nbsp;<\/h4>\n<\/div>\n<\/div>\n<div class=\"row\" style=\"padding-top: 0px; padding-bottom: 0px;\">\n<div class=\"col-lg-12 col-md-12 col-sm-12col-xs-12\">\n<p class=\"\"><span style=\"font-weight: 400;\">No es posible ser sabio, estoico ni coherente las veinticuatro horas del d\u00eda; es necesario saborear el placer de vivir sin la seriedad profunda de los compromisos laborales, las pr\u00e1cticas religiosas pol\u00edticas y c\u00edvicas de la cotidianidad. \u00bfPor qu\u00e9 no ser demasiado humanos para el disfrute de la vida, mirando a los ojos de mi interlocutor cuando hace memoria del pasado, o cuando saboreamos el presente. El autor de Relatos Carnavalescos lleva al lector al pasado, le dice lo que se contaba en \u00e9pocas de las espelmas, las velas de cebo o las l\u00e1mparas de petr\u00f3leo; cuando entre la cena y la hora de acostarse, la interacci\u00f3n sensual de la palabra noche tras noche un\u00eda a la familia alrededor de una tulpa o de un fog\u00f3n de le\u00f1a.&nbsp;<\/span><\/p>\n<p class=\"\"><span style=\"font-weight: 400;\">Los narradores -Diego Iv\u00e1n- hacen uso de la narrativa en su g\u00e9nero ficticio, el cuento, para sacar al lector de la prisa del no vivir, al sosiego de la introspecci\u00f3n, de la pausa y cerciorarse de su identidad que parece desvanecerse en el tumulto, el af\u00e1n y la niebla. Su aporte al g\u00e9nero narrativo est\u00e1 contextualizado en el pasado de su tierra natal. Y a trav\u00e9s de nueve relatos cohesionados por tem\u00e1tica, estilo y geograf\u00eda proporciona al lector una oportunidad de gozo literario.<\/span><\/p>\n<p class=\"\"><span style=\"font-weight: 400;\">&nbsp;<\/span><\/p>\n<p class=\"\"><a href=\"https:\/\/bibliotecas.uncuyo.edu.ar\/explorador3\/Record\/ELB175632\"><b>Enlace en explorador de Bibliotecas UNCUYO<\/b><\/a><\/p>\n<p class=\"\"><em><span style=\"font-weight: 400;\">Disponible en formato digital.<\/span><\/em><\/p>\n<\/div>\n<\/div>\n<\/div>\n<\/div>\n<div class=\"boldgrid-section\">\n<div class=\"container-fluid\">\n<div class=\"row\" style=\"padding-top: 44px; padding-bottom: 0px;\">\n<div class=\"col-lg-12 col-md-12 col-xs-12 col-sm-12\">\n<h3 class=\"\">\u00bfC\u00f3mo acceder a eLibro?<\/h3>\n<\/div>\n<div class=\"col-lg-12 col-md-12 col-xs-12 col-sm-12\">\n<h5 class=\"\">1. ASOCIATE A LA BIBLIOTECA DE TU FACULTAD<\/h5>\n<p class=\"\"><em>Te van a solicitar DNI, Foto de perfil y certificado de alumno\/a regular<\/em><\/p>\n<\/div>\n<div class=\"col-lg-12 col-md-12 col-xs-12 col-sm-12\">\n<h5 class=\"\">2. SOLICIT\u00c1 TU CLAVE DE ACCESO&nbsp;<\/h5>\n<p class=\"\"><em>Con tu usuario\/a y clave ten\u00e9s acceso a todos los servicios y recursos de informaci\u00f3n en <a href=\"https:\/\/bibliotecas.uncuyo.edu.ar\">bibliotecas.uncuyo.edu.ar<\/a><\/em><\/p>\n<\/div>\n<div class=\"col-lg-12 col-md-12 col-xs-12 col-sm-12\">\n<h5 class=\"\">3. ACCED\u00c9 A LA PLATAFORMA E-LIBRO<\/h5>\n<p class=\"\"><em>Ingres\u00e1 tu usuario y clave cuando la plataforma te lo solicite.<\/em><\/p>\n<blockquote class=\"\">\n<p class=\"\"><img data-recalc-dims=\"1\" loading=\"lazy\" decoding=\"async\" class=\"alignnone wp-image-14911\" src=\"https:\/\/i0.wp.com\/sid.uncu.edu.ar\/sid\/wp-content\/uploads\/2021\/08\/alfin-400x177.png?resize=172%2C76&#038;ssl=1\" alt=\"\" width=\"172\" height=\"76\" srcset=\"https:\/\/i0.wp.com\/sid.uncu.edu.ar\/wp\/wp-content\/uploads\/2021\/08\/alfin.png?resize=400%2C177&amp;ssl=1 400w, https:\/\/i0.wp.com\/sid.uncu.edu.ar\/wp\/wp-content\/uploads\/2021\/08\/alfin.png?w=494&amp;ssl=1 494w\" sizes=\"auto, (max-width: 172px) 100vw, 172px\" \/><br \/>\n\u00bfConsultas? Escrib\u00ed a <strong>sid-alfin@uncu.edu.ar<\/strong><\/p>\n<\/blockquote>\n<\/div>\n<\/div>\n<\/div>\n<\/div>\n<div class=\"boldgrid-section\">\n<div class=\"container-fluid\">\n<div class=\"row\" style=\"padding-top: 0px; padding-bottom: 0px;\">\n<div class=\"col-lg-12 col-md-12 col-xs-12 col-sm-12\">\n<div class=\"row bg-editor-hr-wrap\">\n<div class=\"col-lg-12 col-md-12 col-xs-12 col-sm-12\">\n<p>&nbsp;<\/p>\n<div class=\"bg-hr bg-hr-16\"><\/div>\n<p>&nbsp;<\/p>\n<\/div>\n<\/div>\n<p class=\"\" style=\"text-align: center;\"><a class=\"button-primary btn btn-color-1 btn-border-color-1 btn btn-color-1 btn btn-border-color-1\" href=\"https:\/\/sid.uncu.edu.ar\/sid\/lecturas-recomendadas\/\">M\u00e1s lecturas recomendadas<\/a><\/p>\n<\/div>\n<\/div>\n<\/div>\n<\/div>\n","protected":false},"excerpt":{"rendered":"<p>&nbsp; Un a\u00f1o m\u00e1s de festejos populares en las calles y plazas de Argentina. Ciudades de todo el pa\u00eds celebraran<\/p>\n<div class=\"read-more\"><a class=\"btn button-secondary\" href=\"https:\/\/sid.uncu.edu.ar\/wp\/2023\/02\/carnaval-lecturas-recomendadas\/\">Leer m\u00e1s<\/a><\/div>\n","protected":false},"author":250,"featured_media":18355,"comment_status":"closed","ping_status":"closed","sticky":false,"template":"","format":"standard","meta":{"_acf_changed":false,"bgseo_title":"","bgseo_description":"","bgseo_robots_index":"index","bgseo_robots_follow":"follow","footnotes":""},"categories":[109],"tags":[140,142,143,139],"class_list":["post-18348","post","type-post","status-publish","format-standard","has-post-thumbnail","hentry","category-lecturas-recomendadas","tag-140","tag-carnaval","tag-elibro","tag-lecturas-recomendadas"],"acf":[],"jetpack_featured_media_url":"https:\/\/i0.wp.com\/sid.uncu.edu.ar\/wp\/wp-content\/uploads\/2023\/02\/LECTURAS-RECOMENDADAS_2023.jpg?fit=960%2C960&ssl=1","jetpack-related-posts":[{"id":3651,"url":"https:\/\/sid.uncu.edu.ar\/wp\/2012\/02\/carnavales\/","url_meta":{"origin":18348,"position":0},"title":"Carnavales","author":"SID Comunicaci\u00f3n","date":"16 febrero 2012","format":false,"excerpt":"Los d\u00edas lunes 20 y martes 21 de febrero se celebrar\u00e1n los carnavales argentinos en todo el pa\u00eds. A celebrar!","rel":"","context":"En \u00abEfem\u00e9rides\u00bb","block_context":{"text":"Efem\u00e9rides","link":"https:\/\/sid.uncu.edu.ar\/wp\/categorias\/efemerides\/"},"img":{"alt_text":"","src":"https:\/\/i0.wp.com\/sid.uncu.edu.ar\/sid\/wp-content\/uploads\/2012\/02\/2012_logo_carnaval_2011_transparente.png?resize=350%2C200","width":350,"height":200},"classes":[]},{"id":17220,"url":"https:\/\/sid.uncu.edu.ar\/wp\/2022\/04\/lecturas-recomendadas-mendozazo\/","url_meta":{"origin":18348,"position":1},"title":"Lecturas recomendadas &#8211; Mendozazo","author":"SID Comunicaci\u00f3n","date":"8 abril 2022","format":false,"excerpt":"Mendozazo \u00a0 Mendozazo : la lucha del pueblo en las calles (Mendoza, Argentina, 1972) Dicen que el Mendozazo se produjo el 4 de abril y fue un reclamo encabezado por la clase media ante el aumento sorpresivo de las tarifas el\u00e9ctricas. Nosotros vamos a analizar c\u00f3mo, en la provincia, los\u2026","rel":"","context":"En \u00abBiblioteca Digital\u00bb","block_context":{"text":"Biblioteca Digital","link":"https:\/\/sid.uncu.edu.ar\/wp\/categorias\/bdigital\/"},"img":{"alt_text":"","src":"https:\/\/i0.wp.com\/sid.uncu.edu.ar\/wp\/wp-content\/uploads\/2022\/08\/arton192877.jpg?fit=800%2C450&ssl=1&resize=350%2C200","width":350,"height":200,"srcset":"https:\/\/i0.wp.com\/sid.uncu.edu.ar\/wp\/wp-content\/uploads\/2022\/08\/arton192877.jpg?fit=800%2C450&ssl=1&resize=350%2C200 1x, https:\/\/i0.wp.com\/sid.uncu.edu.ar\/wp\/wp-content\/uploads\/2022\/08\/arton192877.jpg?fit=800%2C450&ssl=1&resize=525%2C300 1.5x, https:\/\/i0.wp.com\/sid.uncu.edu.ar\/wp\/wp-content\/uploads\/2022\/08\/arton192877.jpg?fit=800%2C450&ssl=1&resize=700%2C400 2x"},"classes":[]},{"id":19827,"url":"https:\/\/sid.uncu.edu.ar\/wp\/2024\/11\/lecturas-recomendadas-cecilia-grierson\/","url_meta":{"origin":18348,"position":2},"title":"Lecturas recomendadas | Cecilia Grierson","author":"SID Comunicaci\u00f3n","date":"22 noviembre 2024","format":false,"excerpt":"Naci\u00f3 un 22 de noviembre de 1859, hija de inmigrantes escoceses y una infancia en Uruguay y en Entre R\u00edos, Cecilia Grierson se recibi\u00f3 el 2 de julio de 1889 en la Facultad de Ciencias M\u00e9dicas de la Universidad de Buenos Aires. El 2 de julio de 1889, a sus\u2026","rel":"","context":"En \u00abLecturas Recomendadas\u00bb","block_context":{"text":"Lecturas Recomendadas","link":"https:\/\/sid.uncu.edu.ar\/wp\/categorias\/lecturas-recomendadas\/"},"img":{"alt_text":"","src":"https:\/\/i0.wp.com\/sid.uncu.edu.ar\/wp\/wp-content\/uploads\/2024\/11\/LECTURAS-RECOMENDADAS_21-11-02.jpg?fit=960%2C960&ssl=1&resize=350%2C200","width":350,"height":200,"srcset":"https:\/\/i0.wp.com\/sid.uncu.edu.ar\/wp\/wp-content\/uploads\/2024\/11\/LECTURAS-RECOMENDADAS_21-11-02.jpg?fit=960%2C960&ssl=1&resize=350%2C200 1x, https:\/\/i0.wp.com\/sid.uncu.edu.ar\/wp\/wp-content\/uploads\/2024\/11\/LECTURAS-RECOMENDADAS_21-11-02.jpg?fit=960%2C960&ssl=1&resize=525%2C300 1.5x, https:\/\/i0.wp.com\/sid.uncu.edu.ar\/wp\/wp-content\/uploads\/2024\/11\/LECTURAS-RECOMENDADAS_21-11-02.jpg?fit=960%2C960&ssl=1&resize=700%2C400 2x"},"classes":[]},{"id":19797,"url":"https:\/\/sid.uncu.edu.ar\/wp\/2024\/10\/lecturas-recomendadas-natalicio-diego-armando-maradona\/","url_meta":{"origin":18348,"position":3},"title":"Lecturas recomendadas | Natalicio de Diego Armando Maradona","author":"SID Comunicaci\u00f3n","date":"29 octubre 2024","format":false,"excerpt":"Diego Armando Maradona, futbolista legendario, para muchos el mejor de la historia, naci\u00f3 en 1960 en Lan\u00fas, Argentina, y creci\u00f3 en Villa Fiorito, un barrio humilde del Gran Buenos Aires. All\u00ed forj\u00f3 un estilo, dentro y fuera de la cancha. Talentoso y pol\u00e9mico, m\u00e1gico y desafiante, enfrent\u00f3 -y les gan\u00f3-\u2026","rel":"","context":"En \u00abLecturas Recomendadas\u00bb","block_context":{"text":"Lecturas Recomendadas","link":"https:\/\/sid.uncu.edu.ar\/wp\/categorias\/lecturas-recomendadas\/"},"img":{"alt_text":"","src":"https:\/\/i0.wp.com\/sid.uncu.edu.ar\/wp\/wp-content\/uploads\/2024\/10\/LECTURAS-RECOMENDADAS_2024-02-1.webp?fit=961%2C961&ssl=1&resize=350%2C200","width":350,"height":200,"srcset":"https:\/\/i0.wp.com\/sid.uncu.edu.ar\/wp\/wp-content\/uploads\/2024\/10\/LECTURAS-RECOMENDADAS_2024-02-1.webp?fit=961%2C961&ssl=1&resize=350%2C200 1x, https:\/\/i0.wp.com\/sid.uncu.edu.ar\/wp\/wp-content\/uploads\/2024\/10\/LECTURAS-RECOMENDADAS_2024-02-1.webp?fit=961%2C961&ssl=1&resize=525%2C300 1.5x, https:\/\/i0.wp.com\/sid.uncu.edu.ar\/wp\/wp-content\/uploads\/2024\/10\/LECTURAS-RECOMENDADAS_2024-02-1.webp?fit=961%2C961&ssl=1&resize=700%2C400 2x"},"classes":[]},{"id":18917,"url":"https:\/\/sid.uncu.edu.ar\/wp\/2023\/08\/lecturas-recomendadas-dia-del-lector\/","url_meta":{"origin":18348,"position":4},"title":"Lecturas recomendadas | 24 de agosto | D\u00eda del Lector y la Lectora","author":"SID Comunicaci\u00f3n","date":"24 agosto 2023","format":false,"excerpt":"El 24 de agosto se conmemora el D\u00eda del Lector y la Lectora, en homenaje al nacimiento del escritor argentino Jorge Luis Borges. Extracto Borges, la pasi\u00f3n de una cita sin fin Block de Behar, Lisa Si Borges cita a incontables autores en sus obras, no deber\u00eda sorprender que incontables\u2026","rel":"","context":"En \u00abLecturas Recomendadas\u00bb","block_context":{"text":"Lecturas Recomendadas","link":"https:\/\/sid.uncu.edu.ar\/wp\/categorias\/lecturas-recomendadas\/"},"img":{"alt_text":"","src":"https:\/\/i0.wp.com\/sid.uncu.edu.ar\/wp\/wp-content\/uploads\/2023\/08\/LECTURAS-RECOMENDADAS_24-8-02.jpg?fit=960%2C960&ssl=1&resize=350%2C200","width":350,"height":200,"srcset":"https:\/\/i0.wp.com\/sid.uncu.edu.ar\/wp\/wp-content\/uploads\/2023\/08\/LECTURAS-RECOMENDADAS_24-8-02.jpg?fit=960%2C960&ssl=1&resize=350%2C200 1x, https:\/\/i0.wp.com\/sid.uncu.edu.ar\/wp\/wp-content\/uploads\/2023\/08\/LECTURAS-RECOMENDADAS_24-8-02.jpg?fit=960%2C960&ssl=1&resize=525%2C300 1.5x, https:\/\/i0.wp.com\/sid.uncu.edu.ar\/wp\/wp-content\/uploads\/2023\/08\/LECTURAS-RECOMENDADAS_24-8-02.jpg?fit=960%2C960&ssl=1&resize=700%2C400 2x"},"classes":[]},{"id":19476,"url":"https:\/\/sid.uncu.edu.ar\/wp\/2024\/05\/lecturas-bullying\/","url_meta":{"origin":18348,"position":5},"title":"Lecturas recomendadas | D\u00eda Internacional contra el Acoso Escolar","author":"SID Comunicaci\u00f3n","date":"2 mayo 2024","format":false,"excerpt":"El 2 de mayo se celebra el D\u00eda Internacional del contra el Bullying o el Acoso Escolar, con el objetivo de concienciar sobre el riesgo del acoso escolar y el bullying en los ni\u00f1os y j\u00f3venes a nivel mundial, as\u00ed como buscar los mecanismos para evitar este mal, que hoy,\u2026","rel":"","context":"En \u00abLecturas Recomendadas\u00bb","block_context":{"text":"Lecturas Recomendadas","link":"https:\/\/sid.uncu.edu.ar\/wp\/categorias\/lecturas-recomendadas\/"},"img":{"alt_text":"","src":"https:\/\/i0.wp.com\/sid.uncu.edu.ar\/wp\/wp-content\/uploads\/2024\/05\/lecturas-2024_feed-1-e1726495937996.jpg?fit=500%2C500&ssl=1&resize=350%2C200","width":350,"height":200},"classes":[]}],"jetpack_sharing_enabled":true,"jetpack_likes_enabled":true,"_links":{"self":[{"href":"https:\/\/sid.uncu.edu.ar\/wp\/wp-json\/wp\/v2\/posts\/18348","targetHints":{"allow":["GET"]}}],"collection":[{"href":"https:\/\/sid.uncu.edu.ar\/wp\/wp-json\/wp\/v2\/posts"}],"about":[{"href":"https:\/\/sid.uncu.edu.ar\/wp\/wp-json\/wp\/v2\/types\/post"}],"author":[{"embeddable":true,"href":"https:\/\/sid.uncu.edu.ar\/wp\/wp-json\/wp\/v2\/users\/250"}],"replies":[{"embeddable":true,"href":"https:\/\/sid.uncu.edu.ar\/wp\/wp-json\/wp\/v2\/comments?post=18348"}],"version-history":[{"count":5,"href":"https:\/\/sid.uncu.edu.ar\/wp\/wp-json\/wp\/v2\/posts\/18348\/revisions"}],"predecessor-version":[{"id":18365,"href":"https:\/\/sid.uncu.edu.ar\/wp\/wp-json\/wp\/v2\/posts\/18348\/revisions\/18365"}],"wp:featuredmedia":[{"embeddable":true,"href":"https:\/\/sid.uncu.edu.ar\/wp\/wp-json\/wp\/v2\/media\/18355"}],"wp:attachment":[{"href":"https:\/\/sid.uncu.edu.ar\/wp\/wp-json\/wp\/v2\/media?parent=18348"}],"wp:term":[{"taxonomy":"category","embeddable":true,"href":"https:\/\/sid.uncu.edu.ar\/wp\/wp-json\/wp\/v2\/categories?post=18348"},{"taxonomy":"post_tag","embeddable":true,"href":"https:\/\/sid.uncu.edu.ar\/wp\/wp-json\/wp\/v2\/tags?post=18348"}],"curies":[{"name":"wp","href":"https:\/\/api.w.org\/{rel}","templated":true}]}}