{"id":1713,"date":"2010-11-29T13:51:00","date_gmt":"2010-11-29T16:51:00","guid":{"rendered":"http:\/\/sid.uncu.edu.ar\/sid\/?p=1713"},"modified":"2010-11-29T13:51:00","modified_gmt":"2010-11-29T16:51:00","slug":"1-de-diciembre-dia-mundial-de-la-lucha-contra-el-sida","status":"publish","type":"post","link":"https:\/\/sid.uncu.edu.ar\/wp\/2010\/11\/1-de-diciembre-dia-mundial-de-la-lucha-contra-el-sida\/","title":{"rendered":"1 de diciembre: D\u00eda mundial de la lucha contra el sida"},"content":{"rendered":"<p style=\"text-align: center;\"><a href=\"http:\/\/sid.uncu.edu.ar\/sid\/wp-content\/uploads\/2010\/11\/images1.jpg\"><img loading=\"lazy\" decoding=\"async\" class=\"size-full wp-image-1714 aligncenter\" title=\"images[1]\" src=\"http:\/\/sid.uncu.edu.ar\/sid\/wp-content\/uploads\/2010\/11\/images1.jpg\" alt=\"\" width=\"111\" height=\"118\" \/><\/a><\/p>\n<p style=\"text-align: left;\">\u00a0\u00a0\u00a0\u00a0\u00a0 Se escogi\u00f3 por la OMS el 1 de diciembre como \u00abD\u00eda mundial de la lucha contra el sida\u00bb, porque el primer caso de esta enfermedad fue diagnosticado en un d\u00eda como este en el a\u00f1o 1981. En la actualidad, m\u00e1s de 40 millones de personas est\u00e1n afectadas por el VIH\/SIDA y ha sido la causa de la muerte de m\u00e1s de 25 millones de personas en todo el mundo. Todo ello, a pesar de que en muchas regiones del mundo existe un mayor acceso a los servicios de salud, se ha mejorado el tratamiento antirretroviral y el cuidado m\u00e9dico.<\/p>\n<p style=\"text-align: left;\">\u00a0\u00a0\u00a0\u00a0\u00a0 Con esta fecha se persigue dar a conocer los avances contra esa pandemia, causada por la extensi\u00f3n de la infecci\u00f3n del VIH, y para ello, la \u00abCampa\u00f1a mundial contra el sida 2005-2010\u00bb ha escogido como tema: \u00abDetener el sida. Mantener la promesa\u00bb.<a id=\"apf4\" href=\"http:\/\/www.google.com.ar\/imgres?imgurl=http:\/\/3.bp.blogspot.com\/_wtCQYU4sYow\/SxSOH92FJcI\/AAAAAAAAFJ0\/Wio1RHYnSkQ\/s400\/vih-sida-en-america-latina-y-el-caribe.jpg&amp;imgrefurl=http:\/\/arjonadelia.blogspot.com\/2009\/12\/1-de-diciembre-dia-mundial-del-sida.html&amp;usg=__T2eMGBsNwRxTXsH0jX1pYffy580=&amp;h=321&amp;w=301&amp;sz=28&amp;hl=es&amp;start=5&amp;zoom=1&amp;itbs=1&amp;tbnid=VUAq-Lj8NdbzkM:&amp;tbnh=118&amp;tbnw=111&amp;prev=\/images%3Fq%3D1%2Bde%2Bdiciembre%2Bdia%2Binternacional%2Bdel%2Bsida%26hl%3Des%26gbv%3D2%26tbs%3Disch:1\"><\/a><\/p>\n","protected":false},"excerpt":{"rendered":"<p>\u00a0\u00a0\u00a0\u00a0\u00a0 Se escogi\u00f3 por la OMS el 1 de diciembre como \u00abD\u00eda mundial de la lucha contra el sida\u00bb, porque<\/p>\n<div class=\"read-more\"><a class=\"btn button-secondary\" href=\"https:\/\/sid.uncu.edu.ar\/wp\/2010\/11\/1-de-diciembre-dia-mundial-de-la-lucha-contra-el-sida\/\">Leer m\u00e1s<\/a><\/div>\n","protected":false},"author":11,"featured_media":0,"comment_status":"open","ping_status":"open","sticky":false,"template":"","format":"standard","meta":{"_acf_changed":false,"bgseo_title":"","bgseo_description":"","bgseo_robots_index":"","bgseo_robots_follow":"","footnotes":""},"categories":[9],"tags":[],"class_list":["post-1713","post","type-post","status-publish","format-standard","hentry","category-efemerides"],"acf":[],"jetpack_featured_media_url":"","jetpack_sharing_enabled":true,"jetpack_likes_enabled":true,"_links":{"self":[{"href":"https:\/\/sid.uncu.edu.ar\/wp\/wp-json\/wp\/v2\/posts\/1713","targetHints":{"allow":["GET"]}}],"collection":[{"href":"https:\/\/sid.uncu.edu.ar\/wp\/wp-json\/wp\/v2\/posts"}],"about":[{"href":"https:\/\/sid.uncu.edu.ar\/wp\/wp-json\/wp\/v2\/types\/post"}],"author":[{"embeddable":true,"href":"https:\/\/sid.uncu.edu.ar\/wp\/wp-json\/wp\/v2\/users\/11"}],"replies":[{"embeddable":true,"href":"https:\/\/sid.uncu.edu.ar\/wp\/wp-json\/wp\/v2\/comments?post=1713"}],"version-history":[{"count":1,"href":"https:\/\/sid.uncu.edu.ar\/wp\/wp-json\/wp\/v2\/posts\/1713\/revisions"}],"predecessor-version":[{"id":1716,"href":"https:\/\/sid.uncu.edu.ar\/wp\/wp-json\/wp\/v2\/posts\/1713\/revisions\/1716"}],"wp:attachment":[{"href":"https:\/\/sid.uncu.edu.ar\/wp\/wp-json\/wp\/v2\/media?parent=1713"}],"wp:term":[{"taxonomy":"category","embeddable":true,"href":"https:\/\/sid.uncu.edu.ar\/wp\/wp-json\/wp\/v2\/categories?post=1713"},{"taxonomy":"post_tag","embeddable":true,"href":"https:\/\/sid.uncu.edu.ar\/wp\/wp-json\/wp\/v2\/tags?post=1713"}],"curies":[{"name":"wp","href":"https:\/\/api.w.org\/{rel}","templated":true}]}}