{"id":17054,"date":"2022-07-29T10:52:22","date_gmt":"2022-07-29T13:52:22","guid":{"rendered":"https:\/\/sid.uncu.edu.ar\/sid\/?p=17054"},"modified":"2022-08-10T12:44:56","modified_gmt":"2022-08-10T15:44:56","slug":"lecturas-recomendadas-29-de-julio","status":"publish","type":"post","link":"https:\/\/sid.uncu.edu.ar\/wp\/2022\/07\/lecturas-recomendadas-29-de-julio\/","title":{"rendered":"Lecturas recomendadas &#8211; La Noche de los Bastones Largos"},"content":{"rendered":"<div class=\"boldgrid-section\" style=\"background-image: url('https:\/\/sid.uncu.edu.ar\/sid\/wp-content\/uploads\/2022\/07\/XHXOJTFQIBEFTFCRKAPV4WU4SU.jpg'); background-size: cover; background-position: 50% 22%;\" data-image-url=\"https:\/\/sid.uncu.edu.ar\/sid\/wp-content\/uploads\/2022\/07\/XHXOJTFQIBEFTFCRKAPV4WU4SU.jpg\">\n<div class=\"container\">\n<div class=\"row\" style=\"padding-top: 75px; padding-bottom: 75px;\">\n<div class=\"col-lg-12 col-md-12 col-xs-12 col-sm-12\">\n<p class=\"\">&nbsp;<\/p>\n<\/div>\n<\/div>\n<\/div>\n<\/div>\n<div class=\"boldgrid-section\">\n<div class=\"container\">\n<div class=\"row\">\n<div class=\"col-lg-12 col-md-12 col-xs-12 col-sm-12\">\n<p class=\"\">&nbsp;<\/p>\n<p class=\"\"><span style=\"font-weight: 400;\">El 29 de julio de 1966, la dictadura del general Juan Carlos Ongan\u00eda decret\u00f3 la intervenci\u00f3n de las universidades nacionales y orden\u00f3 reprimir a estudiantes y profesores que defend\u00edan la autonom\u00eda universitaria. Comenz\u00f3 as\u00ed una nefasta \u00e9poca de persecuciones, cesant\u00edas y renuncias en la Universidad de Buenos Aires, lo que desemboc\u00f3 en el mayor \u00e9xodo de cient\u00edficos e investigadores argentinos en toda la historia. Se cumplen 56 a\u00f1os de \u201cLa Noche de los Bastones Largos\u201d, que termin\u00f3 con un saldo de 300 heridos y 400 detenidos.<\/span><\/p>\n<p class=\"\"><span style=\"font-weight: 400;\">La violencia en cinco facultades de la UBA en aquella noche fue feroz. Palos de la Guardia de Infanter\u00eda de la Polic\u00eda Federal contra profesores, estudiantes y no docentes que ocupaban los edificios en defensa de la autonom\u00eda y la libertad de c\u00e1tedra. Palos a los que la recientemente instaurada dictadura militar de Ongan\u00eda consideraba opositores.<\/span><\/p>\n<p class=\"\"><span style=\"font-weight: 400;\">El precio que pag\u00f3 la Argentina por esa noche fue el m\u00e1s alto de su historia: entre despedidos y renunciantes fueron 700 los docentes que se alejaron de la universidad, muchos para seguir sus carreras en el extranjero.<\/span><\/p>\n<p class=\"\"><span style=\"font-weight: 400;\">(Extracto de https:\/\/www.argentina.gob.ar\/noticias\/55-anos-de-la-noche-de-los-bastones-largos)<\/span><\/p>\n<div class=\"row bg-editor-hr-wrap\">\n<div class=\"col-lg-12 col-md-12 col-xs-12 col-sm-12\">\n<div>\n<hr>\n<\/div>\n<\/div>\n<\/div>\n<\/div>\n<\/div>\n<\/div>\n<\/div>\n<div class=\"boldgrid-section\">\n<div class=\"container-fluid\">\n<div class=\"row\">\n<div class=\"col-lg-12 col-md-12 col-xs-12 col-sm-12\">\n<h2 class=\"\" style=\"text-align: left;\">La noche de los bastones largos 50 a\u00f1os: historia y memoria de la Universidad de Buenos Aires: 1966\/2016<\/h2>\n<\/div>\n<\/div>\n<div class=\"row\" style=\"padding-top: 0px; padding-bottom: 0px;\">\n<div class=\"col-lg-10 col-md-10 col-sm-12col-xs-12\">\n<p class=\"\"><span style=\"font-weight: 400;\">El 28 de junio de 1966 un golpe militar derroc\u00f3 al gobierno constitucional presidido por Arturo Illia. Un mes despu\u00e9s, el 29 de julio, el nuevo gobierno de facto encabezado por el general Juan Carlos Ongan\u00eda decidi\u00f3 intervenir las universidades nacionales, que desde finales de la d\u00e9cada de 1950 se desenvolv\u00edan bajo un r\u00e9gimen de autonom\u00eda y cogobierno. El Rector de la Universidad de Buenos Aires, Hilario Fern\u00e1ndez Long, y los integrantes del Consejo Superior rechazaron la medida y grupos numerosos de estudiantes y docentes ocuparon los edificios de varias facultades en se\u00f1al de protesta por la decisi\u00f3n de las nuevas autoridades. Esa misma noche, fueron desalojados de forma violenta por fuerzas policiales. Los episodios acaecidos entonces fueron conocidos posteriormente como \u00abla Noche de los Bastones Largos\u00bb y constituyen uno de los momentos m\u00e1s tr\u00e1gicos y dolorosos de la historia universitaria argentina. D\u00edas m\u00e1s tarde, en repudio a la intervenci\u00f3n y a la violencia del Estado, alrededor de 1300 docentes de la UBA renunciaron a sus cargos. Esta publicaci\u00f3n recuerda estos episodios y re\u00fane documentos hist\u00f3ricos claves para entender este momento de la Universidad. Ha sido pensada, adem\u00e1s, como homenaje a aquellos que, ante la brutalidad y el atropello de las fuerzas del Estado y el avasallamiento de las instituciones universitarias decidieron no continuar con sus actividades en la Universidad. Tambi\u00e9n recuerda a aquellos docentes, estudiantes y nodocentes que resistieron desde los claustros universitarios al r\u00e9gimen dictatorial iniciado en junio de 1966.<\/span><\/p>\n<p class=\"c2\"><span class=\"c4\"><a class=\"c5\" href=\"https:\/\/bibliotecas.uncuyo.edu.ar\/explorador3\/Record\/OUN-060221\">https:\/\/bibliotecas.uncuyo.edu.ar\/explorador3\/Record\/OUN-060221<br \/>\n<\/a><\/span><\/p>\n<p class=\"\"><span style=\"font-weight: 400;\">Disponible en Biblioteca Central, UNCUYO. Ubicaci\u00f3n: 982 NOC Novedades 2018<\/span><\/p>\n<\/div>\n<div class=\"col-lg-2 col-md-2 col-xs-12 col-sm-12 align-column-center\">\n<p class=\"mod-reset\" style=\"text-align: center;\"><img loading=\"lazy\" decoding=\"async\" class=\"alignnone wp-image-17056 size-full\" src=\"https:\/\/sid.uncu.edu.ar\/sid\/wp-content\/uploads\/2022\/07\/07-29-La-noche-de-los-bastones-largos-50-anos.jpg\" alt=\"\" width=\"255\" height=\"378\" srcset=\"https:\/\/sid.uncu.edu.ar\/wp\/wp-content\/uploads\/2022\/07\/07-29-La-noche-de-los-bastones-largos-50-anos.jpg 255w, https:\/\/sid.uncu.edu.ar\/wp\/wp-content\/uploads\/2022\/07\/07-29-La-noche-de-los-bastones-largos-50-anos-150x222.jpg 150w\" sizes=\"auto, (max-width: 255px) 100vw, 255px\" \/><\/p>\n<\/div>\n<\/div>\n<\/div>\n<\/div>\n<div class=\"boldgrid-section\">\n<div class=\"container-fluid\">\n<div class=\"row\">\n<div class=\"col-lg-12 col-md-12 col-xs-12 col-sm-12\">\n<h2 class=\"\" style=\"text-align: left;\">La Noche de los Bastones Largos<\/h2>\n<\/div>\n<\/div>\n<div class=\"row\" style=\"padding-top: 0px; padding-bottom: 0px;\">\n<div class=\"col-lg-10 col-md-10 col-sm-12col-xs-12\">\n<p class=\"\"><span style=\"font-weight: 400;\">El Poder Ejecutivo Nacional, con fecha 29 de julio de 1966, promulga la ley 16.912 que precept\u00faa que el gobierno de las universidades nacionales o sus respectivas facultades estar\u00e1 a cargo, hasta que se establezca el r\u00e9gimen de\ufb01nitivo, de los rectores, presidentes o decanos respectivos que est\u00e9n en el desempe\u00f1o de sus funciones. Las atribuciones reservadas a los consejos superiores o directivos ser\u00e1n ejercidas por el Ministerio de Educaci\u00f3n, quedando a cargo de los rectores, presidentes o decanos funciones administrativas de car\u00e1cter provisional.&nbsp;<\/span><\/p>\n<p class=\"\"><span style=\"font-weight: 400;\">Esa misma noche comenzar\u00e1 la resistencia y, consecuentemente, la represi\u00f3n.<\/span><\/p>\n<p class=\"c2\"><span class=\"c4\"><a class=\"c5\" href=\"https:\/\/bibliotecas.uncuyo.edu.ar\/explorador3\/Record\/ELB85046\">https:\/\/bibliotecas.uncuyo.edu.ar\/explorador3\/Record\/ELB85046<br \/>\n<\/a><\/span><\/p>\n<\/div>\n<div class=\"col-lg-2 col-md-2 col-xs-12 col-sm-12 align-column-center\">\n<p class=\"mod-reset\" style=\"text-align: center;\"><img loading=\"lazy\" decoding=\"async\" class=\"alignnone wp-image-17057 size-medium\" src=\"https:\/\/sid.uncu.edu.ar\/sid\/wp-content\/uploads\/2022\/07\/07-29-La-noche-de-los-bastones-largos-248x400.jpg\" alt=\"\" width=\"248\" height=\"400\" srcset=\"https:\/\/sid.uncu.edu.ar\/wp\/wp-content\/uploads\/2022\/07\/07-29-La-noche-de-los-bastones-largos-248x400.jpg 248w, https:\/\/sid.uncu.edu.ar\/wp\/wp-content\/uploads\/2022\/07\/07-29-La-noche-de-los-bastones-largos-496x800.jpg 496w, https:\/\/sid.uncu.edu.ar\/wp\/wp-content\/uploads\/2022\/07\/07-29-La-noche-de-los-bastones-largos-768x1239.jpg 768w, https:\/\/sid.uncu.edu.ar\/wp\/wp-content\/uploads\/2022\/07\/07-29-La-noche-de-los-bastones-largos-952x1536.jpg 952w, https:\/\/sid.uncu.edu.ar\/wp\/wp-content\/uploads\/2022\/07\/07-29-La-noche-de-los-bastones-largos-150x242.jpg 150w, https:\/\/sid.uncu.edu.ar\/wp\/wp-content\/uploads\/2022\/07\/07-29-La-noche-de-los-bastones-largos.jpg 1033w\" sizes=\"auto, (max-width: 248px) 100vw, 248px\" \/><\/p>\n<\/div>\n<\/div>\n<\/div>\n<\/div>\n<div class=\"boldgrid-section\">\n<div class=\"container-fluid\">\n<div class=\"row\">\n<div class=\"col-lg-12 col-md-12 col-xs-12 col-sm-12\">\n<h2 class=\"\" style=\"text-align: left;\">M\u00e1s all\u00e1 de la fuga de cerebros: Movilidad, migraci\u00f3n y di\u00e1sporas de argentinos calificados<\/h2>\n<\/div>\n<\/div>\n<div class=\"row\" style=\"padding-top: 0px; padding-bottom: 0px;\">\n<div class=\"col-lg-10 col-md-10 col-sm-12col-xs-12\">\n<p class=\"\"><span style=\"font-weight: 400;\">En las \u00faltimas d\u00e9cadas, la movilidad y la migraci\u00f3n internacional de personas con alta calificaci\u00f3n han crecido de manera notable, en una proporci\u00f3n mayor que la del resto de las migraciones internacionales. La expansi\u00f3n ha sido acompa\u00f1ada por una diversificaci\u00f3n de los pa\u00edses de origen y de destino, de los tipos de movilidad, de los factores que inciden en los flujos y de las pol\u00edticas. No se trata solamente de un cambio de escala sino de una creciente complejidad. No es extra\u00f1o entonces que se observe un esfuerzo para renovar los marcos de interpretaci\u00f3n de los procesos actuales.<\/span><\/p>\n<p class=\"\"><span style=\"font-weight: 400;\">Los trabajos incluidos en este libro procuran sistematizar una visi\u00f3n actualizada de los procesos de movilidad y migraci\u00f3n de argentinos calificados. Frente a interpretaciones a menudo estereotipadas y a valoraciones alarmistas, la obra adopta una perspectiva que permite dar cuenta de la complejidad de los fen\u00f3menos recientes de movilidad, migraci\u00f3n y di\u00e1sporas de profesionales de nuestro pa\u00eds.<\/span><\/p>\n<p class=\"c2\"><span class=\"c4\"><a class=\"c5\" href=\"https:\/\/bibliotecas.uncuyo.edu.ar\/explorador3\/Record\/ELB66299\">https:\/\/bibliotecas.uncuyo.edu.ar\/explorador3\/Record\/ELB66299<\/a><\/span><\/p>\n<p>&nbsp;<\/p>\n<\/div>\n<div class=\"col-lg-2 col-md-2 col-xs-12 col-sm-12 align-column-center\">\n<p class=\"mod-reset\" style=\"text-align: center;\"><img loading=\"lazy\" decoding=\"async\" class=\"alignnone wp-image-17058 size-medium\" src=\"https:\/\/sid.uncu.edu.ar\/sid\/wp-content\/uploads\/2022\/07\/07-29-Mas-alla-de-la-fuga-272x400.jpg\" alt=\"\" width=\"272\" height=\"400\" srcset=\"https:\/\/sid.uncu.edu.ar\/wp\/wp-content\/uploads\/2022\/07\/07-29-Mas-alla-de-la-fuga-272x400.jpg 272w, https:\/\/sid.uncu.edu.ar\/wp\/wp-content\/uploads\/2022\/07\/07-29-Mas-alla-de-la-fuga-150x221.jpg 150w, https:\/\/sid.uncu.edu.ar\/wp\/wp-content\/uploads\/2022\/07\/07-29-Mas-alla-de-la-fuga.jpg 340w\" sizes=\"auto, (max-width: 272px) 100vw, 272px\" \/><\/p>\n<\/div>\n<\/div>\n<\/div>\n<\/div>\n<div class=\"boldgrid-section\">\n<div class=\"container-fluid\">\n<div class=\"row\">\n<div class=\"col-lg-12 col-md-12 col-xs-12 col-sm-12\">\n<h2 class=\"\" style=\"text-align: left;\">Apuntes de la memoria &#8211; Pol\u00edtica, reforma y represi\u00f3n en la Universidad Nacional de Cuyo en la d\u00e9cada del 70<\/h2>\n<\/div>\n<\/div>\n<div class=\"row\" style=\"padding-top: 0px; padding-bottom: 0px;\">\n<div class=\"col-lg-10 col-md-10 col-sm-12col-xs-12\">\n<p><span style=\"font-weight: 400;\">Este libro reconstruye los fragmentos de la participaci\u00f3n pol\u00edtica y la represi\u00f3n en la Universidad Nacional de Cuyo durante la d\u00e9cada del 70. Fotograf\u00edas, poemas, resoluciones, testimonios, relatos y an\u00e1lisis se van entrelazando en una obra imprescindible, donde cada cap\u00edtulo abre una puerta hacia la&nbsp; memoria.<\/span><\/p>\n<p class=\"\"><span style=\"font-weight: 400;\">M\u00e1s de sesenta entrevistas en profundidad y una fuerte plataforma documental son los cimientos de un libro diferente, con una estructura novedosa, que describe y analiza el movimiento estudiantil entre 1970 y 1973, estudia la revolucionaria reforma pedag\u00f3gica implementada por Roberto Carretero y Arturo Roig entre 1973 y 1974 y recorre los primeros a\u00f1os de la represi\u00f3n (a\u00fan en democracia) y la dictadura.<\/span><\/p>\n<p class=\"\"><span style=\"font-weight: 400;\">Con gran potencia visual, aparecen los testimonios de familiares y amigos de los protagonistas y se reproducen documentos hist\u00f3ricos sobre el clima de cambio que se vivi\u00f3 en Mendoza, el pa\u00eds y la universidad. Una selecci\u00f3n de fotograf\u00edas (muchas recuperadas durante la investigaci\u00f3n) y documentos in\u00e9ditos van ilustrando los hechos sobre los que se hace foco.<\/span><\/p>\n<p class=\"c2\"><span class=\"c4\"><a class=\"c5\" href=\"https:\/\/bibliotecas.uncuyo.edu.ar\/explorador3\/Record\/OUNR251465\">https:\/\/bibliotecas.uncuyo.edu.ar\/explorador3\/Record\/OUNR251465 <\/a><\/span><\/p>\n<p class=\"c2\"><span class=\"c4\"><span style=\"font-weight: 400;\">Disponible en Biblioteca Central, UNCUYO. Ubicaci\u00f3n: EDIUNC 982.51 APU<\/span><br \/>\n<\/span><\/p>\n<\/div>\n<div class=\"col-lg-2 col-md-2 col-xs-12 col-sm-12 align-column-center\">\n<p class=\"mod-reset\" style=\"text-align: center;\"><img loading=\"lazy\" decoding=\"async\" class=\"alignnone wp-image-17059 size-medium\" src=\"https:\/\/sid.uncu.edu.ar\/sid\/wp-content\/uploads\/2022\/07\/07-29-Apuntes-de-la-memoria-277x400.jpg\" alt=\"\" width=\"277\" height=\"400\" srcset=\"https:\/\/sid.uncu.edu.ar\/wp\/wp-content\/uploads\/2022\/07\/07-29-Apuntes-de-la-memoria-277x400.jpg 277w, https:\/\/sid.uncu.edu.ar\/wp\/wp-content\/uploads\/2022\/07\/07-29-Apuntes-de-la-memoria-150x217.jpg 150w, https:\/\/sid.uncu.edu.ar\/wp\/wp-content\/uploads\/2022\/07\/07-29-Apuntes-de-la-memoria.jpg 480w\" sizes=\"auto, (max-width: 277px) 100vw, 277px\" \/><\/p>\n<\/div>\n<\/div>\n<\/div>\n<\/div>\n<div class=\"boldgrid-section\">\n<div class=\"container-fluid\">\n<div class=\"row\">\n<div class=\"col-lg-12 col-md-10 col-xs-12 col-sm-12\">\n<h2 class=\"\" style=\"text-align: left;\">La Argentina entre dos dictaduras (1966-1983). Del golpe de Ongan\u00eda a la retirada de la dictadura terrorista<\/h2>\n<\/div>\n<div class=\"col-lg-12 col-md-2 col-sm-12 col-xs-12\"><\/div>\n<\/div>\n<div class=\"row\" style=\"padding-top: 0px; padding-bottom: 0px;\">\n<div class=\"col-lg-10 col-md-10 col-sm-12col-xs-12\">\n<p class=\"\"><span style=\"font-weight: 400;\">La Historia reciente de la Argentina se compone de tres tomos, en los que se articulan los principales acontecimientos pol\u00edticos con los procesos econ\u00f3micos, sociales y culturales, ofreciendo de esta manera una visi\u00f3n de conjunto de la evoluci\u00f3n nacional en el \u00faltimo tercio del siglo XX.<\/span><\/p>\n<p class=\"\"><span style=\"font-weight: 400;\">La etapa estudiada en este libro constituye el momento m\u00e1s cr\u00edtico de la historia argentina del siglo XX. Desde el punto de vista institucional la mayor\u00eda de esos a\u00f1os estuvieron ocupados por dos dictaduras militares, entre las cuales se ubicaron gobiernos constitucionales de corta duraci\u00f3n y muy inestables. En lo econ\u00f3mico y social fue un per\u00edodo de muchos conflictos, en el cual las pretensiones autoritarias de la autodenominada Revoluci\u00f3n Argentina (1966-1973) tuvieron como respuesta la movilizaci\u00f3n generalizada de diversos sectores, principalmente obreros industriales y estudiantes.<\/span><\/p>\n<p class=\"\"><span style=\"font-weight: 400;\">La magnitud de esas protestas y el surgimiento de organizaciones armadas con prop\u00f3sitos revolucionarios obligaron a esta dictadura a retirarse, habilitando previamente al movimiento peronista que durante dieciocho a\u00f1os hab\u00eda estado proscripto. De esa manera el peronismo volvi\u00f3 al gobierno, en medio de grandes expectativas de que normalizara la situaci\u00f3n pol\u00edtica y resolviera la profunda problem\u00e1tica nacional; los esfuerzos del propio Per\u00f3n en ese sentido no pudieron alcanzar resultados positivos y todos los conflictos se acentuaron despu\u00e9s de su muerte durante el gobierno de Isabel Per\u00f3n.<\/span><\/p>\n<p class=\"\"><span style=\"font-weight: 400;\">El desemboque fue una nueva dictadura militar, que acall\u00f3 todas las voces con pr\u00e1cticas terroristas y avanz\u00f3 hacia una reconversi\u00f3n profundamente regresiva de la sociedad y la econom\u00eda del pa\u00eds.<\/span><\/p>\n<p class=\"c2\"><span class=\"c4\"><a class=\"c5\" href=\"https:\/\/bibliotecas.uncuyo.edu.ar\/explorador3\/Record\/ELB76467\">https:\/\/bibliotecas.uncuyo.edu.ar\/explorador3\/Record\/ELB76467 <\/a><\/span><\/p>\n<\/div>\n<div class=\"col-lg-2 col-md-2 col-xs-12 col-sm-12 align-column-center\">\n<p class=\"mod-reset\" style=\"text-align: center;\"><img loading=\"lazy\" decoding=\"async\" class=\"alignnone wp-image-17060 size-full\" src=\"https:\/\/sid.uncu.edu.ar\/sid\/wp-content\/uploads\/2022\/07\/07-29-La-Argentina-entre-dos-dictaduras.jpg\" alt=\"\" width=\"220\" height=\"320\" srcset=\"https:\/\/sid.uncu.edu.ar\/wp\/wp-content\/uploads\/2022\/07\/07-29-La-Argentina-entre-dos-dictaduras.jpg 220w, https:\/\/sid.uncu.edu.ar\/wp\/wp-content\/uploads\/2022\/07\/07-29-La-Argentina-entre-dos-dictaduras-150x218.jpg 150w\" sizes=\"auto, (max-width: 220px) 100vw, 220px\" \/><\/p>\n<\/div>\n<\/div>\n<\/div>\n<\/div>\n<div class=\"boldgrid-section\">\n<div class=\"container-fluid\">\n<div class=\"row\">\n<div class=\"col-lg-12 col-md-12 col-xs-12 col-sm-12\">\n<h2 class=\"\" style=\"text-align: left;\">La Argentina entre dos dictaduras (1966-1983). Del golpe de Ongan\u00eda a la retirada de la dictadura terrorista<\/h2>\n<\/div>\n<\/div>\n<div class=\"row\" style=\"padding-top: 0px; padding-bottom: 0px;\">\n<div class=\"col-lg-10 col-md-10 col-sm-12col-xs-12\">\n<p class=\"\"><span style=\"font-weight: 400;\">La Historia reciente de la Argentina se compone de tres tomos, en los que se articulan los principales acontecimientos pol\u00edticos con los procesos econ\u00f3micos, sociales y culturales, ofreciendo de esta manera una visi\u00f3n de conjunto de la evoluci\u00f3n nacional en el \u00faltimo tercio del siglo XX.<\/span><\/p>\n<p class=\"\"><span style=\"font-weight: 400;\">La etapa estudiada en este libro constituye el momento m\u00e1s cr\u00edtico de la historia argentina del siglo XX. Desde el punto de vista institucional la mayor\u00eda de esos a\u00f1os estuvieron ocupados por dos dictaduras militares, entre las cuales se ubicaron gobiernos constitucionales de corta duraci\u00f3n y muy inestables. En lo econ\u00f3mico y social fue un per\u00edodo de muchos conflictos, en el cual las pretensiones autoritarias de la autodenominada Revoluci\u00f3n Argentina (1966-1973) tuvieron como respuesta la movilizaci\u00f3n generalizada de diversos sectores, principalmente obreros industriales y estudiantes.<\/span><\/p>\n<p class=\"\"><span style=\"font-weight: 400;\">La magnitud de esas protestas y el surgimiento de organizaciones armadas con prop\u00f3sitos revolucionarios obligaron a esta dictadura a retirarse, habilitando previamente al movimiento peronista que durante dieciocho a\u00f1os hab\u00eda estado proscripto. De esa manera el peronismo volvi\u00f3 al gobierno, en medio de grandes expectativas de que normalizara la situaci\u00f3n pol\u00edtica y resolviera la profunda problem\u00e1tica nacional; los esfuerzos del propio Per\u00f3n en ese sentido no pudieron alcanzar resultados positivos y todos los conflictos se acentuaron despu\u00e9s de su muerte durante el gobierno de Isabel Per\u00f3n.<\/span><\/p>\n<p class=\"\"><span style=\"font-weight: 400;\">El desemboque fue una nueva dictadura militar, que acall\u00f3 todas las voces con pr\u00e1cticas terroristas y avanz\u00f3 hacia una reconversi\u00f3n profundamente regresiva de la sociedad y la econom\u00eda del pa\u00eds.<\/span><\/p>\n<p class=\"c2\"><span class=\"c4\"><a class=\"c5\" href=\"https:\/\/bibliotecas.uncuyo.edu.ar\/explorador3\/Record\/ELB76467\">https:\/\/bibliotecas.uncuyo.edu.ar\/explorador3\/Record\/ELB76467 <\/a><\/span><\/p>\n<\/div>\n<div class=\"col-lg-2 col-md-2 col-xs-12 col-sm-12 align-column-center\">\n<p class=\"mod-reset\" style=\"text-align: center;\"><img loading=\"lazy\" decoding=\"async\" class=\"alignnone wp-image-17060 size-full\" src=\"https:\/\/sid.uncu.edu.ar\/sid\/wp-content\/uploads\/2022\/07\/07-29-La-Argentina-entre-dos-dictaduras.jpg\" alt=\"\" width=\"220\" height=\"320\" srcset=\"https:\/\/sid.uncu.edu.ar\/wp\/wp-content\/uploads\/2022\/07\/07-29-La-Argentina-entre-dos-dictaduras.jpg 220w, https:\/\/sid.uncu.edu.ar\/wp\/wp-content\/uploads\/2022\/07\/07-29-La-Argentina-entre-dos-dictaduras-150x218.jpg 150w\" sizes=\"auto, (max-width: 220px) 100vw, 220px\" \/><\/p>\n<\/div>\n<\/div>\n<\/div>\n<\/div>\n<div class=\"boldgrid-section\">\n<div class=\"container-fluid\">\n<div class=\"row\">\n<div class=\"col-lg-12 col-md-12 col-xs-12 col-sm-12\">\n<h2 class=\"\" style=\"text-align: left;\">Tiempos de oscuridad: historia de los golpes de Estado en Am\u00e9rica Latina<\/h2>\n<\/div>\n<\/div>\n<div class=\"row\" style=\"padding-top: 0px; padding-bottom: 0px;\">\n<div class=\"col-lg-10 col-md-10 col-sm-12col-xs-12\">\n<p class=\"\"><span style=\"font-weight: 400;\">Cuarenta a\u00f1os despu\u00e9s del derrocamiento del gobierno de Salvador Allende en Chile, la versi\u00f3n tradicional de golpe de Estado en Am\u00e9rica Latina ha pasado a mejor vida. En el futuro ser\u00e1 dif\u00edcil ver carros de combate en las calles y aviones lanzando sus misiles a palacios presidenciales. Hoy, la t\u00e9cnica del golpe de Estado es practicada desde los despachos del poder industrial y financiero, con la connivencia del parlamento o del poder judicial. Son los llamados golpes constitucionales o golpes de \u00abmercado\u00bb.Sin embargo, no fue as\u00ed durante la Guerra Fr\u00eda. Desde mediados del siglo xx, los gobiernos democr\u00e1ticos, populares y antiimperialistas de Am\u00e9rica Latina sufrieron un ataque tras otro a sus derechos y libertades. Avalados y promocionados desde los EEUU los golpes de Estado se sucedieron. Las fuerzas armadas, amparadas por la doctrina de la seguridad nacional, asesinaron y torturaron impunemente, buscando eliminar al subversivo comunista, al enemigo interior que socavaba el orden y los intereses establecidos.Este ensayo es un descarnado relato del anticomunismo en Am\u00e9rica Latina. Es un texto que obliga a revisitar el pasado de un continente desangrado por militares, pol\u00edticos e intereses comerciales, un continente que ha batallado, y batalla, entre la libertad y la opresi\u00f3n.<\/span><\/p>\n<p class=\"c2\"><span class=\"c4\"><a class=\"c5\" href=\"https:\/\/bibliotecas.uncuyo.edu.ar\/explorador3\/Record\/ELB116168\">https:\/\/bibliotecas.uncuyo.edu.ar\/explorador3\/Record\/ELB116168 <\/a><\/span><\/p>\n<\/div>\n<div class=\"col-lg-2 col-md-2 col-xs-12 col-sm-12 align-column-center\">\n<p class=\"mod-reset\" style=\"text-align: center;\"><img loading=\"lazy\" decoding=\"async\" class=\"alignnone wp-image-17061 size-full\" src=\"https:\/\/sid.uncu.edu.ar\/sid\/wp-content\/uploads\/2022\/07\/07-29-Tiempos-de-oscuridad_-historia-de-los-golpes-de-Estado-en-America-Latina.jpg\" alt=\"\" width=\"220\" height=\"320\" srcset=\"https:\/\/sid.uncu.edu.ar\/wp\/wp-content\/uploads\/2022\/07\/07-29-Tiempos-de-oscuridad_-historia-de-los-golpes-de-Estado-en-America-Latina.jpg 220w, https:\/\/sid.uncu.edu.ar\/wp\/wp-content\/uploads\/2022\/07\/07-29-Tiempos-de-oscuridad_-historia-de-los-golpes-de-Estado-en-America-Latina-150x218.jpg 150w\" sizes=\"auto, (max-width: 220px) 100vw, 220px\" \/><\/p>\n<\/div>\n<\/div>\n<\/div>\n<\/div>\n<div class=\"boldgrid-section\">\n<div class=\"container\">\n<div class=\"row\" style=\"padding-top: 0px; padding-bottom: 0px;\">\n<div class=\"col-lg-12 col-md-12 col-xs-12 col-sm-12\">\n<h3 class=\"\">\u00bfC\u00f3mo acceder a eLibro?<\/h3>\n<\/div>\n<div class=\"col-lg-12 col-md-12 col-xs-12 col-sm-12\">\n<h5 class=\"\">1. ASOCIATE A LA BIBLIOTECA DE TU FACULTAD<\/h5>\n<p class=\"\"><em>Te van a solicitar DNI, Foto de perfil y certificado de alumno\/a regular<\/em><\/p>\n<\/div>\n<div class=\"col-lg-12 col-md-12 col-xs-12 col-sm-12\">\n<h5 class=\"\">2. ASOCIATE A LA BIBLIOTECA DE TU FACULTAD<\/h5>\n<p class=\"\"><em>Con tu usuario\/a y clave ten\u00e9s acceso a todos los servicios y recursos de informaci\u00f3n en <a href=\"https:\/\/bibliotecas.uncuyo.edu.ar\">bibliotecas.uncuyo.edu.ar<\/a><\/em><\/p>\n<\/div>\n<div class=\"col-lg-12 col-md-12 col-xs-12 col-sm-12\">\n<h5 class=\"\">3. ACCED\u00c9 A LA PLATAFORMA E-LIBRO<\/h5>\n<p class=\"\"><em>Ingres\u00e1 tu usuario y clave cuando la plataforma te lo solicite.<\/em><\/p>\n<blockquote class=\"\">\n<p class=\"\"><img loading=\"lazy\" decoding=\"async\" class=\"alignnone wp-image-14911\" src=\"https:\/\/sid.uncu.edu.ar\/sid\/wp-content\/uploads\/2021\/08\/alfin-400x177.png\" alt=\"\" width=\"172\" height=\"76\" srcset=\"https:\/\/sid.uncu.edu.ar\/wp\/wp-content\/uploads\/2021\/08\/alfin-400x177.png 400w, https:\/\/sid.uncu.edu.ar\/wp\/wp-content\/uploads\/2021\/08\/alfin.png 494w\" sizes=\"auto, (max-width: 172px) 100vw, 172px\" \/><br \/>\n\u00bfConsultas? Escrib\u00ed a <strong>sid-alfin@uncu.edu.ar<\/strong><\/p>\n<\/blockquote>\n<\/div>\n<\/div>\n<\/div>\n<\/div>\n<div class=\"boldgrid-section\">\n<div class=\"container\">\n<div class=\"row\" style=\"padding-top: 0px; padding-bottom: 0px;\">\n<div class=\"col-lg-12 col-md-12 col-xs-12 col-sm-12\">\n<div class=\"row bg-editor-hr-wrap\">\n<div class=\"col-lg-12 col-md-12 col-xs-12 col-sm-12\">\n<p>&nbsp;<\/p>\n<div class=\"bg-hr bg-hr-16\"><\/div>\n<p>&nbsp;<\/p>\n<\/div>\n<\/div>\n<p class=\"\" style=\"text-align: center;\"><a class=\"button-primary btn btn-color-1 btn-border-color-1 btn btn-color-1 btn btn-border-color-1\" href=\"https:\/\/sid.uncu.edu.ar\/sid\/lecturas-recomendadas\/\">M\u00e1s lecturas recomendadas<\/a><\/p>\n<\/div>\n<\/div>\n<\/div>\n<\/div>\n","protected":false},"excerpt":{"rendered":"<p>&nbsp; &nbsp; El 29 de julio de 1966, la dictadura del general Juan Carlos Ongan\u00eda decret\u00f3 la intervenci\u00f3n de las<\/p>\n<div class=\"read-more\"><a class=\"btn button-secondary\" href=\"https:\/\/sid.uncu.edu.ar\/wp\/2022\/07\/lecturas-recomendadas-29-de-julio\/\">Leer m\u00e1s<\/a><\/div>\n","protected":false},"author":250,"featured_media":17072,"comment_status":"closed","ping_status":"closed","sticky":false,"template":"no-sidebar","format":"standard","meta":{"_acf_changed":false,"bgseo_title":"","bgseo_description":"","bgseo_robots_index":"","bgseo_robots_follow":"","footnotes":""},"categories":[9,109],"tags":[],"class_list":["post-17054","post","type-post","status-publish","format-standard","has-post-thumbnail","hentry","category-efemerides","category-lecturas-recomendadas"],"acf":[],"jetpack_featured_media_url":"https:\/\/sid.uncu.edu.ar\/wp\/wp-content\/uploads\/2022\/07\/LECTURAS-RECOMENDADAS-15-2.jpg","jetpack_sharing_enabled":true,"jetpack_likes_enabled":true,"_links":{"self":[{"href":"https:\/\/sid.uncu.edu.ar\/wp\/wp-json\/wp\/v2\/posts\/17054","targetHints":{"allow":["GET"]}}],"collection":[{"href":"https:\/\/sid.uncu.edu.ar\/wp\/wp-json\/wp\/v2\/posts"}],"about":[{"href":"https:\/\/sid.uncu.edu.ar\/wp\/wp-json\/wp\/v2\/types\/post"}],"author":[{"embeddable":true,"href":"https:\/\/sid.uncu.edu.ar\/wp\/wp-json\/wp\/v2\/users\/250"}],"replies":[{"embeddable":true,"href":"https:\/\/sid.uncu.edu.ar\/wp\/wp-json\/wp\/v2\/comments?post=17054"}],"version-history":[{"count":6,"href":"https:\/\/sid.uncu.edu.ar\/wp\/wp-json\/wp\/v2\/posts\/17054\/revisions"}],"predecessor-version":[{"id":17240,"href":"https:\/\/sid.uncu.edu.ar\/wp\/wp-json\/wp\/v2\/posts\/17054\/revisions\/17240"}],"wp:featuredmedia":[{"embeddable":true,"href":"https:\/\/sid.uncu.edu.ar\/wp\/wp-json\/wp\/v2\/media\/17072"}],"wp:attachment":[{"href":"https:\/\/sid.uncu.edu.ar\/wp\/wp-json\/wp\/v2\/media?parent=17054"}],"wp:term":[{"taxonomy":"category","embeddable":true,"href":"https:\/\/sid.uncu.edu.ar\/wp\/wp-json\/wp\/v2\/categories?post=17054"},{"taxonomy":"post_tag","embeddable":true,"href":"https:\/\/sid.uncu.edu.ar\/wp\/wp-json\/wp\/v2\/tags?post=17054"}],"curies":[{"name":"wp","href":"https:\/\/api.w.org\/{rel}","templated":true}]}}