{"id":16224,"date":"2019-03-13T15:05:05","date_gmt":"2019-03-13T18:05:05","guid":{"rendered":"http:\/\/sid.uncu.edu.ar\/sid\/?p=12452"},"modified":"2019-03-13T15:05:05","modified_gmt":"2019-03-13T18:05:05","slug":"presentacion-de-la-coleccion-de-revistas-diario-de-las-chicas-fondo-institucional-alieda-verhoeven-2","status":"publish","type":"post","link":"https:\/\/sid.uncu.edu.ar\/wp\/2019\/03\/presentacion-de-la-coleccion-de-revistas-diario-de-las-chicas-fondo-institucional-alieda-verhoeven-2\/","title":{"rendered":"Presentaci\u00f3n de la colecci\u00f3n de revistas &quot;Diario de las Chicas&quot;. Fondo Institucional Alieda Verhoeven."},"content":{"rendered":"<p>El d\u00eda Jueves 7 de marzo, en el marco de los actos de la UNCuyo por el mes de las Mujeres, la Biblioteca, Centro de Documentaci\u00f3n y Archivo Mauricio A. L\u00f3pez present\u00f3 en la Biblioteca Central la colecci\u00f3n de la revista \u00abDiario de las Chicas\u00bb, del Fondo Institucional Alieda Verhoeven &#8211; G.E.M.<br \/>\nSe dio a conocer el trabajo de documentaci\u00f3n, digitalizaci\u00f3n y libre acceso de los 62 n\u00fameros de la revista, material de gran relevancia hist\u00f3rica en donde se encuentra el germen del fem<span class=\"text_exposed_show\">inismo tanto en la provincia como en el pa\u00eds.<br \/>\n<\/span><br \/>\n<span class=\"text_exposed_show\">El Fondo Institucional Alieda Verhoeven es el conjunto de la producci\u00f3n intelectual del Grupo Ecum\u00e9nico de Mujeres, que trabaj\u00f3 en Mendoza entre las d\u00e9cadas de 1970 al 2010.\u00a0<\/span><br \/>\n<img loading=\"lazy\" decoding=\"async\" class=\"aligncenter wp-image-12458 size-large\" src=\"http:\/\/sid.uncu.edu.ar\/sid\/wp-content\/uploads\/2019\/03\/DSC_0127-550x367.jpg\" alt=\"\" width=\"550\" height=\"367\" srcset=\"https:\/\/sid.uncu.edu.ar\/wp\/wp-content\/uploads\/2019\/03\/DSC_0127-550x367.jpg 550w, https:\/\/sid.uncu.edu.ar\/wp\/wp-content\/uploads\/2019\/03\/DSC_0127-400x267.jpg 400w, https:\/\/sid.uncu.edu.ar\/wp\/wp-content\/uploads\/2019\/03\/DSC_0127-768x512.jpg 768w\" sizes=\"auto, (max-width: 550px) 100vw, 550px\" \/><br \/>\n[rl_gallery id=\u00bb12465&#8243;]\n","protected":false},"excerpt":{"rendered":"<p>El d\u00eda Jueves 7 de marzo, en el marco de los actos de la UNCuyo por el mes de las<\/p>\n<div class=\"read-more\"><a class=\"btn button-secondary\" href=\"https:\/\/sid.uncu.edu.ar\/wp\/2019\/03\/presentacion-de-la-coleccion-de-revistas-diario-de-las-chicas-fondo-institucional-alieda-verhoeven-2\/\">Leer m\u00e1s<\/a><\/div>\n","protected":false},"author":250,"featured_media":0,"comment_status":"closed","ping_status":"closed","sticky":false,"template":"","format":"standard","meta":{"_acf_changed":false,"bgseo_title":"","bgseo_description":"","bgseo_robots_index":"","bgseo_robots_follow":"","footnotes":""},"categories":[3],"tags":[],"class_list":["post-16224","post","type-post","status-publish","format-standard","hentry","category-noticias"],"acf":[],"jetpack_featured_media_url":"","jetpack_sharing_enabled":true,"jetpack_likes_enabled":true,"_links":{"self":[{"href":"https:\/\/sid.uncu.edu.ar\/wp\/wp-json\/wp\/v2\/posts\/16224","targetHints":{"allow":["GET"]}}],"collection":[{"href":"https:\/\/sid.uncu.edu.ar\/wp\/wp-json\/wp\/v2\/posts"}],"about":[{"href":"https:\/\/sid.uncu.edu.ar\/wp\/wp-json\/wp\/v2\/types\/post"}],"author":[{"embeddable":true,"href":"https:\/\/sid.uncu.edu.ar\/wp\/wp-json\/wp\/v2\/users\/250"}],"replies":[{"embeddable":true,"href":"https:\/\/sid.uncu.edu.ar\/wp\/wp-json\/wp\/v2\/comments?post=16224"}],"version-history":[{"count":0,"href":"https:\/\/sid.uncu.edu.ar\/wp\/wp-json\/wp\/v2\/posts\/16224\/revisions"}],"wp:attachment":[{"href":"https:\/\/sid.uncu.edu.ar\/wp\/wp-json\/wp\/v2\/media?parent=16224"}],"wp:term":[{"taxonomy":"category","embeddable":true,"href":"https:\/\/sid.uncu.edu.ar\/wp\/wp-json\/wp\/v2\/categories?post=16224"},{"taxonomy":"post_tag","embeddable":true,"href":"https:\/\/sid.uncu.edu.ar\/wp\/wp-json\/wp\/v2\/tags?post=16224"}],"curies":[{"name":"wp","href":"https:\/\/api.w.org\/{rel}","templated":true}]}}