{"id":16200,"date":"2012-12-06T01:28:15","date_gmt":"2012-12-06T11:28:15","guid":{"rendered":"http:\/\/sid.uncu.edu.ar\/sid\/?p=5087"},"modified":"2012-12-06T01:28:15","modified_gmt":"2012-12-06T11:28:15","slug":"formacion-del-grupo-interdisciplinario-de-trabajo-sobre-medio-ambiente-en-la-uncuyo-2","status":"publish","type":"post","link":"https:\/\/sid.uncu.edu.ar\/wp\/2012\/12\/formacion-del-grupo-interdisciplinario-de-trabajo-sobre-medio-ambiente-en-la-uncuyo-2\/","title":{"rendered":"Formaci\u00f3n del &quot;Grupo Interdisciplinario de Trabajo sobre Medio Ambiente&quot; en la UNCuyo"},"content":{"rendered":"<p>El Rectorado de la Universidad Nacional de Cuyo integra un \u00abGrupo Interdisciplinario de Trabajo sobre Medio Ambiente\u00bb, encargado de promover la tem\u00e1tica ecol\u00f3gica y del medio ambiente en las actividades acad\u00e9micas y de investigaci\u00f3n de la universidad (Resoluci\u00f3n N\u00ba 2287)<\/p>\n","protected":false},"excerpt":{"rendered":"<p>El Rectorado de la Universidad Nacional de Cuyo integra un \u00abGrupo Interdisciplinario de Trabajo sobre Medio Ambiente\u00bb, encargado de promover<\/p>\n<div class=\"read-more\"><a class=\"btn button-secondary\" href=\"https:\/\/sid.uncu.edu.ar\/wp\/2012\/12\/formacion-del-grupo-interdisciplinario-de-trabajo-sobre-medio-ambiente-en-la-uncuyo-2\/\">Leer m\u00e1s<\/a><\/div>\n","protected":false},"author":250,"featured_media":0,"comment_status":"closed","ping_status":"closed","sticky":false,"template":"","format":"standard","meta":{"_acf_changed":false,"bgseo_title":"","bgseo_description":"","bgseo_robots_index":"","bgseo_robots_follow":"","footnotes":""},"categories":[42],"tags":[41],"class_list":["post-16200","post","type-post","status-publish","format-standard","hentry","category-efemerides-uncu","tag-efemerides-uncuyo"],"acf":[],"jetpack_featured_media_url":"","jetpack_sharing_enabled":true,"jetpack_likes_enabled":true,"_links":{"self":[{"href":"https:\/\/sid.uncu.edu.ar\/wp\/wp-json\/wp\/v2\/posts\/16200","targetHints":{"allow":["GET"]}}],"collection":[{"href":"https:\/\/sid.uncu.edu.ar\/wp\/wp-json\/wp\/v2\/posts"}],"about":[{"href":"https:\/\/sid.uncu.edu.ar\/wp\/wp-json\/wp\/v2\/types\/post"}],"author":[{"embeddable":true,"href":"https:\/\/sid.uncu.edu.ar\/wp\/wp-json\/wp\/v2\/users\/250"}],"replies":[{"embeddable":true,"href":"https:\/\/sid.uncu.edu.ar\/wp\/wp-json\/wp\/v2\/comments?post=16200"}],"version-history":[{"count":0,"href":"https:\/\/sid.uncu.edu.ar\/wp\/wp-json\/wp\/v2\/posts\/16200\/revisions"}],"wp:attachment":[{"href":"https:\/\/sid.uncu.edu.ar\/wp\/wp-json\/wp\/v2\/media?parent=16200"}],"wp:term":[{"taxonomy":"category","embeddable":true,"href":"https:\/\/sid.uncu.edu.ar\/wp\/wp-json\/wp\/v2\/categories?post=16200"},{"taxonomy":"post_tag","embeddable":true,"href":"https:\/\/sid.uncu.edu.ar\/wp\/wp-json\/wp\/v2\/tags?post=16200"}],"curies":[{"name":"wp","href":"https:\/\/api.w.org\/{rel}","templated":true}]}}