{"id":16200,"date":"2012-12-06T01:28:15","date_gmt":"2012-12-06T11:28:15","guid":{"rendered":"http:\/\/sid.uncu.edu.ar\/sid\/?p=5087"},"modified":"2012-12-06T01:28:15","modified_gmt":"2012-12-06T11:28:15","slug":"formacion-del-grupo-interdisciplinario-de-trabajo-sobre-medio-ambiente-en-la-uncuyo-2","status":"publish","type":"post","link":"https:\/\/sid.uncu.edu.ar\/wp\/2012\/12\/formacion-del-grupo-interdisciplinario-de-trabajo-sobre-medio-ambiente-en-la-uncuyo-2\/","title":{"rendered":"Formaci\u00f3n del &quot;Grupo Interdisciplinario de Trabajo sobre Medio Ambiente&quot; en la UNCuyo"},"content":{"rendered":"<p>El Rectorado de la Universidad Nacional de Cuyo integra un \u00abGrupo Interdisciplinario de Trabajo sobre Medio Ambiente\u00bb, encargado de promover la tem\u00e1tica ecol\u00f3gica y del medio ambiente en las actividades acad\u00e9micas y de investigaci\u00f3n de la universidad (Resoluci\u00f3n N\u00ba 2287)<\/p>\n","protected":false},"excerpt":{"rendered":"<p>El Rectorado de la Universidad Nacional de Cuyo integra un \u00abGrupo Interdisciplinario de Trabajo sobre Medio Ambiente\u00bb, encargado de promover<\/p>\n<div class=\"read-more\"><a class=\"btn button-secondary\" href=\"https:\/\/sid.uncu.edu.ar\/wp\/2012\/12\/formacion-del-grupo-interdisciplinario-de-trabajo-sobre-medio-ambiente-en-la-uncuyo-2\/\">Leer m\u00e1s<\/a><\/div>\n","protected":false},"author":250,"featured_media":0,"comment_status":"closed","ping_status":"closed","sticky":false,"template":"","format":"standard","meta":{"_acf_changed":false,"bgseo_title":"","bgseo_description":"","bgseo_robots_index":"","bgseo_robots_follow":"","footnotes":""},"categories":[42],"tags":[41],"class_list":["post-16200","post","type-post","status-publish","format-standard","hentry","category-efemerides-uncu","tag-efemerides-uncuyo"],"acf":[],"jetpack_featured_media_url":"","jetpack-related-posts":[{"id":5087,"url":"https:\/\/sid.uncu.edu.ar\/wp\/2012\/12\/formacion-del-grupo-interdisciplinario-de-trabajo-sobre-medio-ambiente-en-la-uncuyo\/","url_meta":{"origin":16200,"position":0},"title":"Formaci\u00f3n del \u00abGrupo Interdisciplinario de Trabajo sobre Medio Ambiente\u00bb en la UNCuyo","author":"CDH","date":"6 diciembre 2012","format":false,"excerpt":"El Rectorado de la Universidad Nacional de Cuyo integra un \"Grupo Interdisciplinario de Trabajo sobre Medio Ambiente\", encargado de promover la tem\u00e1tica ecol\u00f3gica y del medio ambiente en las actividades acad\u00e9micas y de investigaci\u00f3n de la universidad (Resoluci\u00f3n N\u00ba 2287)","rel":"","context":"En \u00abEfem\u00e9rides de la UNCUYO\u00bb","block_context":{"text":"Efem\u00e9rides de la UNCUYO","link":"https:\/\/sid.uncu.edu.ar\/wp\/categorias\/efemerides-uncu\/"},"img":{"alt_text":"","src":"","width":0,"height":0},"classes":[]},{"id":4055,"url":"https:\/\/sid.uncu.edu.ar\/wp\/2012\/05\/4055\/","url_meta":{"origin":16200,"position":1},"title":"5 de junio: d\u00eda internacional del Medio Ambiente","author":"SID Comunicaci\u00f3n","date":"29 mayo 2012","format":false,"excerpt":"\u00a0\u00a0\u00a0\u00a0\u00a0\u00a0\u00a0\u00a0 \u00a0 \u00a0\u00a0\u00a0\u00a0\u00a0\u00a0\u00a0\u00a0\u00a0\u00a0 En este a\u00f1o, como tema del D\u00eda mundial del medio ambiente, el Programa de las Naciones Unidas para el Medio Ambiente ha escogido la economia verde: es esa econom\u00eda que quiere crecer sin exclusi\u00f3n social, que quiere mejorar el uso eficiente de los recursos, protegiendo al ambiente;\u2026","rel":"","context":"En \u00abEfem\u00e9rides\u00bb","block_context":{"text":"Efem\u00e9rides","link":"https:\/\/sid.uncu.edu.ar\/wp\/categorias\/efemerides\/"},"img":{"alt_text":"","src":"https:\/\/i0.wp.com\/sid.uncu.edu.ar\/sid\/wp-content\/uploads\/2012\/05\/sembrandocine.jpg?resize=350%2C200","width":350,"height":200},"classes":[]},{"id":9512,"url":"https:\/\/sid.uncu.edu.ar\/wp\/2016\/06\/5-de-junio-dia-mundial-del-medio-ambiente\/","url_meta":{"origin":16200,"position":2},"title":"5 de junio: d\u00eda mundial del Medio ambiente","author":"SID Comunicaci\u00f3n","date":"2 junio 2016","format":false,"excerpt":"\u00a0\u00a0\u00a0\u00a0\u00a0\u00a0\u00a0\u00a0 Con el objetivo de motivar a las personas para que se conviertan en agentes activos del desarrollo sustentable y equitativo;promover el papel fundamental de las comunidades en el cambio de actitud hacia temas ambientales, y fomentar la cooperaci\u00f3n para que el medio ambiente sea sostenible, la Asamblea General de\u2026","rel":"","context":"En \u00abEfem\u00e9rides\u00bb","block_context":{"text":"Efem\u00e9rides","link":"https:\/\/sid.uncu.edu.ar\/wp\/categorias\/efemerides\/"},"img":{"alt_text":"medioambiente16","src":"https:\/\/i0.wp.com\/sid.uncu.edu.ar\/sid\/wp-content\/uploads\/2016\/06\/medioambiente16-316x400.png?resize=350%2C200","width":350,"height":200},"classes":[]},{"id":4051,"url":"https:\/\/sid.uncu.edu.ar\/wp\/2012\/05\/creacion-de-la-direccion-de-ensenanza-media-pre-universitaria\/","url_meta":{"origin":16200,"position":3},"title":"Creaci\u00f3n de la Direcci\u00f3n de Ense\u00f1anza Media Pre Universitaria","author":"CDH","date":"28 mayo 2012","format":false,"excerpt":"El Consejo Superior de la Universidad Nacional de Cuyo crea la Direcci\u00f3n de Ense\u00f1anza Media Pre-Universitaria (Ordenanza N\u00ba 5)","rel":"","context":"En \u00abEfem\u00e9rides de la UNCUYO\u00bb","block_context":{"text":"Efem\u00e9rides de la UNCUYO","link":"https:\/\/sid.uncu.edu.ar\/wp\/categorias\/efemerides-uncu\/"},"img":{"alt_text":"","src":"","width":0,"height":0},"classes":[]},{"id":5970,"url":"https:\/\/sid.uncu.edu.ar\/wp\/2013\/04\/creacion-del-servicio-de-prensa-y-difusion-de-la-uncuyo\/","url_meta":{"origin":16200,"position":4},"title":"Creaci\u00f3n del Servicio de Prensa y Difusi\u00f3n de la UNCuyo","author":"CDH","date":"3 abril 2013","format":false,"excerpt":"El Rectorado de la Universidad Nacional de Cuyo crea el Servicio de Prensa y Difusi\u00f3n de la universidad, cuya misi\u00f3n ser\u00e1 transmitir a todos los medios de difusi\u00f3n las informaciones relativas a la actividad universitaria y difundir las pol\u00edticas y estrategias para su desenvolvimiento (Ordenanza N\u00ba 13)","rel":"","context":"En \u00abEfem\u00e9rides de la UNCUYO\u00bb","block_context":{"text":"Efem\u00e9rides de la UNCUYO","link":"https:\/\/sid.uncu.edu.ar\/wp\/categorias\/efemerides-uncu\/"},"img":{"alt_text":"","src":"","width":0,"height":0},"classes":[]},{"id":3979,"url":"https:\/\/sid.uncu.edu.ar\/wp\/2012\/05\/asignatura-educacion-fisica-a-cargo-de-la-direccion-de-educacion-fisica-de-la-uncuyo\/","url_meta":{"origin":16200,"position":5},"title":"Asignatura Educaci\u00f3n F\u00edsica a cargo de la Direcci\u00f3n de Educaci\u00f3n F\u00edsica de la UNCuyo","author":"CDH","date":"8 mayo 2012","format":false,"excerpt":"El Rectorado de la Universidad Nacional de Cuyo estipula que la Direcci\u00f3n de Educaci\u00f3n F\u00edsica tendr\u00e1 el gobierno administrativo y docente de la asignatura Educaci\u00f3n F\u00edsica, que deben cumplir los alumnos de todos los cursos de los establecimientos de ense\u00f1anza media pre universitaria dependientes de la universidad (Ordenanza N\u00ba 28)","rel":"","context":"En \u00abEfem\u00e9rides de la UNCUYO\u00bb","block_context":{"text":"Efem\u00e9rides de la UNCUYO","link":"https:\/\/sid.uncu.edu.ar\/wp\/categorias\/efemerides-uncu\/"},"img":{"alt_text":"","src":"","width":0,"height":0},"classes":[]}],"jetpack_sharing_enabled":true,"jetpack_likes_enabled":true,"_links":{"self":[{"href":"https:\/\/sid.uncu.edu.ar\/wp\/wp-json\/wp\/v2\/posts\/16200","targetHints":{"allow":["GET"]}}],"collection":[{"href":"https:\/\/sid.uncu.edu.ar\/wp\/wp-json\/wp\/v2\/posts"}],"about":[{"href":"https:\/\/sid.uncu.edu.ar\/wp\/wp-json\/wp\/v2\/types\/post"}],"author":[{"embeddable":true,"href":"https:\/\/sid.uncu.edu.ar\/wp\/wp-json\/wp\/v2\/users\/250"}],"replies":[{"embeddable":true,"href":"https:\/\/sid.uncu.edu.ar\/wp\/wp-json\/wp\/v2\/comments?post=16200"}],"version-history":[{"count":0,"href":"https:\/\/sid.uncu.edu.ar\/wp\/wp-json\/wp\/v2\/posts\/16200\/revisions"}],"wp:attachment":[{"href":"https:\/\/sid.uncu.edu.ar\/wp\/wp-json\/wp\/v2\/media?parent=16200"}],"wp:term":[{"taxonomy":"category","embeddable":true,"href":"https:\/\/sid.uncu.edu.ar\/wp\/wp-json\/wp\/v2\/categories?post=16200"},{"taxonomy":"post_tag","embeddable":true,"href":"https:\/\/sid.uncu.edu.ar\/wp\/wp-json\/wp\/v2\/tags?post=16200"}],"curies":[{"name":"wp","href":"https:\/\/api.w.org\/{rel}","templated":true}]}}