{"id":1609,"date":"2010-11-23T12:30:28","date_gmt":"2010-11-23T15:30:28","guid":{"rendered":"http:\/\/sid.uncu.edu.ar\/sid\/?p=1609"},"modified":"2010-11-23T12:33:41","modified_gmt":"2010-11-23T15:33:41","slug":"25-de-noviembre-dia-internacional-contra-la-violencia-hacia-la-mujer","status":"publish","type":"post","link":"https:\/\/sid.uncu.edu.ar\/wp\/2010\/11\/25-de-noviembre-dia-internacional-contra-la-violencia-hacia-la-mujer\/","title":{"rendered":"25 de noviembre: d\u00eda internacional contra la violencia hacia la mujer"},"content":{"rendered":"<div><strong><\/strong><\/div>\n<p><strong>\u00a0<\/strong>\u00a0<\/p>\n<p><strong>\u00a0<\/strong>\u00a0<\/p>\n<p style=\"text-align: center;\">\n<p style=\"text-align: center;\">\n<p style=\"text-align: center;\">\n<div style=\"text-align: center;\"><a href=\"http:\/\/sid.uncu.edu.ar\/sid\/wp-content\/uploads\/2010\/11\/CANGTAGICALH5MEQCAEKMOI7CAFV80NVCADP7ZDKCASTN3MWCA3VFVPDCALKFKZ7CAY6UVOJCAGFDVH5CATWRCLLCAIBYF7KCA0ZDKJLCARS5LBNCA00D7KCCA10DB3OCABG77CPCAZ9QF4B.jpg\"><\/a><\/div>\n<p><a href=\"http:\/\/sid.uncu.edu.ar\/sid\/wp-content\/uploads\/2010\/11\/CANGTAGICALH5MEQCAEKMOI7CAFV80NVCADP7ZDKCASTN3MWCA3VFVPDCALKFKZ7CAY6UVOJCAGFDVH5CATWRCLLCAIBYF7KCA0ZDKJLCARS5LBNCA00D7KCCA10DB3OCABG77CPCAZ9QF4B.jpg\"><\/a>\u00a0<\/p>\n<p><a href=\"http:\/\/sid.uncu.edu.ar\/sid\/wp-content\/uploads\/2010\/11\/CANGTAGICALH5MEQCAEKMOI7CAFV80NVCADP7ZDKCASTN3MWCA3VFVPDCALKFKZ7CAY6UVOJCAGFDVH5CATWRCLLCAIBYF7KCA0ZDKJLCARS5LBNCA00D7KCCA10DB3OCABG77CPCAZ9QF4B.jpg\"><\/a><strong>\u00a0<\/strong><\/p>\n<p style=\"text-align: center;\"><a href=\"http:\/\/sid.uncu.edu.ar\/sid\/wp-content\/uploads\/2010\/11\/CANGTAGICALH5MEQCAEKMOI7CAFV80NVCADP7ZDKCASTN3MWCA3VFVPDCALKFKZ7CAY6UVOJCAGFDVH5CATWRCLLCAIBYF7KCA0ZDKJLCARS5LBNCA00D7KCCA10DB3OCABG77CPCAZ9QF4B1.jpg\"><strong><img loading=\"lazy\" decoding=\"async\" class=\"size-full wp-image-1612 aligncenter\" title=\"CANGTAGICALH5MEQCAEKMOI7CAFV80NVCADP7ZDKCASTN3MWCA3VFVPDCALKFKZ7CAY6UVOJCAGFDVH5CATWRCLLCAIBYF7KCA0ZDKJLCARS5LBNCA00D7KCCA10DB3OCABG77CPCAZ9QF4B\" src=\"http:\/\/sid.uncu.edu.ar\/sid\/wp-content\/uploads\/2010\/11\/CANGTAGICALH5MEQCAEKMOI7CAFV80NVCADP7ZDKCASTN3MWCA3VFVPDCALKFKZ7CAY6UVOJCAGFDVH5CATWRCLLCAIBYF7KCA0ZDKJLCARS5LBNCA00D7KCCA10DB3OCABG77CPCAZ9QF4B1.jpg\" alt=\"\" width=\"111\" height=\"127\" \/><\/strong><\/a><strong>\u00a0<\/strong><\/p>\n<p style=\"text-align: left;\"><strong>Acta de derechos de la mujer maltratada<\/strong><\/p>\n<p style=\"text-align: left;\">\n<ul style=\"text-align: left;\">\n<li>Yo tengo derecho a no ser golpeada jam\u00e1s.<\/li>\n<li>Yo tengo el derecho de cambiar la situaci\u00f3n.<\/li>\n<li>Yo tengo el derecho de vivir libre del temor a ser golpeada.<\/li>\n<li>Yo tengo el derecho de requerir y esperar una correcta atenci\u00f3n por parte de la polic\u00eda y los sistemas de atenci\u00f3n que necesite.<\/li>\n<li>Yo tengo el derecho de compartir mis sentimientos y no ser aislada de familiares, amigos y otras personas.<\/li>\n<li>Yo tengo derecho a ser tratada como una persona adulta.<\/li>\n<li>Yo tengo derecho a salir de un ambiente de maltrato.<\/li>\n<li>Yo tengo derecho a mi privacidad.<\/li>\n<li>Yo tengo el derecho de expresar mis propios pensamientos y sentimientos.<\/li>\n<li>Yo tengo derecho a desarrollar mis habilidades y talento personal.<\/li>\n<li>Yo tengo el derecho de denunciar a mi esposo\/compa\u00f1ero golpeador.<\/li>\n<li style=\"text-align: left;\">Yo tengo derecho a no ser perfecta.<\/li>\n<\/ul>\n<p><strong><span style=\"text-decoration: underline;\">\u00a0<\/span> <\/strong><strong>\u00a0<\/strong><\/p>\n<p><strong>\u00a0<\/strong><\/p>\n<p><span style=\"text-decoration: underline;\"><strong>\u00a0<\/strong><\/span>\u00a0<\/p>\n<p><strong>\u00a0<\/strong><\/p>\n","protected":false},"excerpt":{"rendered":"<p>\u00a0\u00a0 \u00a0\u00a0 \u00a0 \u00a0 \u00a0 Acta de derechos de la mujer maltratada Yo tengo derecho a no ser golpeada jam\u00e1s.<\/p>\n<div class=\"read-more\"><a class=\"btn button-secondary\" href=\"https:\/\/sid.uncu.edu.ar\/wp\/2010\/11\/25-de-noviembre-dia-internacional-contra-la-violencia-hacia-la-mujer\/\">Leer m\u00e1s<\/a><\/div>\n","protected":false},"author":11,"featured_media":0,"comment_status":"open","ping_status":"open","sticky":false,"template":"","format":"standard","meta":{"_acf_changed":false,"bgseo_title":"","bgseo_description":"","bgseo_robots_index":"","bgseo_robots_follow":"","footnotes":""},"categories":[9],"tags":[],"class_list":["post-1609","post","type-post","status-publish","format-standard","hentry","category-efemerides"],"acf":[],"jetpack_featured_media_url":"","jetpack_sharing_enabled":true,"jetpack_likes_enabled":true,"_links":{"self":[{"href":"https:\/\/sid.uncu.edu.ar\/wp\/wp-json\/wp\/v2\/posts\/1609","targetHints":{"allow":["GET"]}}],"collection":[{"href":"https:\/\/sid.uncu.edu.ar\/wp\/wp-json\/wp\/v2\/posts"}],"about":[{"href":"https:\/\/sid.uncu.edu.ar\/wp\/wp-json\/wp\/v2\/types\/post"}],"author":[{"embeddable":true,"href":"https:\/\/sid.uncu.edu.ar\/wp\/wp-json\/wp\/v2\/users\/11"}],"replies":[{"embeddable":true,"href":"https:\/\/sid.uncu.edu.ar\/wp\/wp-json\/wp\/v2\/comments?post=1609"}],"version-history":[{"count":3,"href":"https:\/\/sid.uncu.edu.ar\/wp\/wp-json\/wp\/v2\/posts\/1609\/revisions"}],"predecessor-version":[{"id":1614,"href":"https:\/\/sid.uncu.edu.ar\/wp\/wp-json\/wp\/v2\/posts\/1609\/revisions\/1614"}],"wp:attachment":[{"href":"https:\/\/sid.uncu.edu.ar\/wp\/wp-json\/wp\/v2\/media?parent=1609"}],"wp:term":[{"taxonomy":"category","embeddable":true,"href":"https:\/\/sid.uncu.edu.ar\/wp\/wp-json\/wp\/v2\/categories?post=1609"},{"taxonomy":"post_tag","embeddable":true,"href":"https:\/\/sid.uncu.edu.ar\/wp\/wp-json\/wp\/v2\/tags?post=1609"}],"curies":[{"name":"wp","href":"https:\/\/api.w.org\/{rel}","templated":true}]}}