{"id":13165,"date":"2019-10-30T10:37:46","date_gmt":"2019-10-30T13:37:46","guid":{"rendered":"http:\/\/sid.uncu.edu.ar\/sid\/?p=13165"},"modified":"2019-11-06T18:41:15","modified_gmt":"2019-11-06T21:41:15","slug":"encuentro-de-archivos-y-centros-de-documentacion-en-mendoza","status":"publish","type":"post","link":"https:\/\/sid.uncu.edu.ar\/wp\/2019\/10\/encuentro-de-archivos-y-centros-de-documentacion-en-mendoza\/","title":{"rendered":"Encuentro de archivos y centros de documentaci\u00f3n en Mendoza"},"content":{"rendered":"<p><img loading=\"lazy\" decoding=\"async\" class=\" wp-image-13166 alignnone\" src=\"http:\/\/sid.uncu.edu.ar\/sid\/wp-content\/uploads\/2019\/10\/encuentro-logo-2-01-400x197.png\" alt=\"\" width=\"540\" height=\"266\" srcset=\"https:\/\/sid.uncu.edu.ar\/wp\/wp-content\/uploads\/2019\/10\/encuentro-logo-2-01-400x197.png 400w, https:\/\/sid.uncu.edu.ar\/wp\/wp-content\/uploads\/2019\/10\/encuentro-logo-2-01-768x377.png 768w, https:\/\/sid.uncu.edu.ar\/wp\/wp-content\/uploads\/2019\/10\/encuentro-logo-2-01-550x270.png 550w\" sizes=\"auto, (max-width: 540px) 100vw, 540px\" \/><\/p>\n<p>El viernes 15 de noviembre de 8:30 a 16:30hs. se realizar\u00e1 el <strong>\u00abEncuentro de Archivos y Centros de Documentaci\u00f3n\u00bb<\/strong>, en el Archivo General de la Provincia de Mendoza, Sargento Cabral 10, Ciudad.<\/p>\n<p>El encuentro <strong>est\u00e1 dirigido a bibliotecarios, especialistas, investigadores y al personal que trabaje en instituciones que custodien documentaci\u00f3n patrimonial y\/o hist\u00f3rica<\/strong> y tiene como objetivo conocer las instituciones y personas que trabajan en archivos y centros documentales que resguarden documentaci\u00f3n, el estado de situaci\u00f3n de la documentaci\u00f3n custodiada, las inquietudes, necesidades y problem\u00e1ticas que enfrentan.<\/p>\n<p><strong>Las tem\u00e1ticas a abordar son:<\/strong><\/p>\n<p><em>*Archivos y repositorios digitales<\/em><br \/>\n<em>*Archivo y fotograf\u00eda<\/em><br \/>\n<em>*Archivo y Ciencias Sociales<\/em><\/p>\n<p>Inscripciones en\u00a0<a href=\"https:\/\/forms.gle\/nmvwEWexkGXg5GTm8\" target=\"_blank\" rel=\"noopener\" data-saferedirecturl=\"https:\/\/www.google.com\/url?q=https:\/\/forms.gle\/nmvwEWexkGXg5GTm8&amp;source=gmail&amp;ust=1572525481308000&amp;usg=AFQjCNGLAyEGFwXlDvPhpasdKrZAAg4caw\">https:\/\/forms.gle\/<wbr \/>nmvwEWexkGXg5GTm8<\/a><\/p>\n<p>(actividad no arancelada)<\/p>\n<p><strong>Informes y consultas:<\/strong><br \/>\nArchivo General de la Provincia. Tel.: 4230194<br \/>\nArchivo Hist\u00f3rico del Agua, Irrigaci\u00f3n. Tel.: 4234000 int. 291<br \/>\nBiblioteca y Centro de Documentaci\u00f3n Mauricio A. L\u00f3pez AEC UNCuyo. Tel.: 4254420<br \/>\nCentro de Documentaci\u00f3n Hist\u00f3rica SID UNCuyo. Tel.: 413500 int. 5185<\/p>\n<p>Invitan el Centro de Documentaci\u00f3n Hist\u00f3rica de la UNCUYO (CDH), junto a la Biblioteca, Archivo y Centro de Documentaci\u00f3n Mauricio A. L\u00f3pez, el Archivo Hist\u00f3rico del Agua, el Archivo General de Mendoza y el Instituto de Ciencias Humanas, Sociales y Ambientales (CONICET).<\/p>\n","protected":false},"excerpt":{"rendered":"<p>El viernes 15 de noviembre de 8:30 a 16:30hs. se realizar\u00e1 el \u00abEncuentro de Archivos y Centros de Documentaci\u00f3n\u00bb, en<\/p>\n<div class=\"read-more\"><a class=\"btn button-secondary\" href=\"https:\/\/sid.uncu.edu.ar\/wp\/2019\/10\/encuentro-de-archivos-y-centros-de-documentacion-en-mendoza\/\">Leer m\u00e1s<\/a><\/div>\n","protected":false},"author":250,"featured_media":0,"comment_status":"closed","ping_status":"closed","sticky":false,"template":"","format":"standard","meta":{"_acf_changed":false,"bgseo_title":"","bgseo_description":"","bgseo_robots_index":"","bgseo_robots_follow":"","footnotes":""},"categories":[3],"tags":[],"class_list":["post-13165","post","type-post","status-publish","format-standard","hentry","category-noticias"],"acf":[],"jetpack_featured_media_url":"","jetpack_sharing_enabled":true,"jetpack_likes_enabled":true,"_links":{"self":[{"href":"https:\/\/sid.uncu.edu.ar\/wp\/wp-json\/wp\/v2\/posts\/13165","targetHints":{"allow":["GET"]}}],"collection":[{"href":"https:\/\/sid.uncu.edu.ar\/wp\/wp-json\/wp\/v2\/posts"}],"about":[{"href":"https:\/\/sid.uncu.edu.ar\/wp\/wp-json\/wp\/v2\/types\/post"}],"author":[{"embeddable":true,"href":"https:\/\/sid.uncu.edu.ar\/wp\/wp-json\/wp\/v2\/users\/250"}],"replies":[{"embeddable":true,"href":"https:\/\/sid.uncu.edu.ar\/wp\/wp-json\/wp\/v2\/comments?post=13165"}],"version-history":[{"count":3,"href":"https:\/\/sid.uncu.edu.ar\/wp\/wp-json\/wp\/v2\/posts\/13165\/revisions"}],"predecessor-version":[{"id":13179,"href":"https:\/\/sid.uncu.edu.ar\/wp\/wp-json\/wp\/v2\/posts\/13165\/revisions\/13179"}],"wp:attachment":[{"href":"https:\/\/sid.uncu.edu.ar\/wp\/wp-json\/wp\/v2\/media?parent=13165"}],"wp:term":[{"taxonomy":"category","embeddable":true,"href":"https:\/\/sid.uncu.edu.ar\/wp\/wp-json\/wp\/v2\/categories?post=13165"},{"taxonomy":"post_tag","embeddable":true,"href":"https:\/\/sid.uncu.edu.ar\/wp\/wp-json\/wp\/v2\/tags?post=13165"}],"curies":[{"name":"wp","href":"https:\/\/api.w.org\/{rel}","templated":true}]}}