{"id":1312,"date":"2010-10-18T11:48:11","date_gmt":"2010-10-18T14:48:11","guid":{"rendered":"http:\/\/sid.uncu.edu.ar\/sid\/?p=1312"},"modified":"2010-10-29T12:48:54","modified_gmt":"2010-10-29T15:48:54","slug":"se-viene-la-semana-del-acceso-abierto","status":"publish","type":"post","link":"https:\/\/sid.uncu.edu.ar\/wp\/2010\/10\/se-viene-la-semana-del-acceso-abierto\/","title":{"rendered":"Semana internacional del Acceso Abierto &#8211; Jornada Virtual 2010"},"content":{"rendered":"<p><img loading=\"lazy\" decoding=\"async\" class=\"alignnone size-medium wp-image-1319\" src=\"http:\/\/sid.uncu.edu.ar\/sid\/wp-content\/uploads\/2010\/09\/spanish_865x180-300x62.jpg\" alt=\"\" width=\"300\" height=\"62\" srcset=\"https:\/\/sid.uncu.edu.ar\/wp\/wp-content\/uploads\/2010\/09\/spanish_865x180-300x62.jpg 300w, https:\/\/sid.uncu.edu.ar\/wp\/wp-content\/uploads\/2010\/09\/spanish_865x180.jpg 865w\" sizes=\"auto, (max-width: 300px) 100vw, 300px\" \/><br \/>\nEstamos celebrando la Semana del Acceso Abierto, del <strong>18 al 24 de octubre<\/strong>. Este evento se realiza todos los a\u00f1os a nivel mundial, a trav\u00e9s de charlas, encuentros y videoconferencias internacionales.<\/p>\n<p>A nivel nacional se planifica una videoconferencia de la cual el SID y su <a href=\"http:\/\/bdigital.uncu.edu.ar\/\" target=\"_blank\">Biblioteca Digital <\/a>ser\u00e1n participantes activos:<strong><\/strong><\/p>\n<div><strong>Jornada Virtual<\/strong> &#8211; <strong>Acceso Abierto Argentina 2010<\/strong><br \/>\n<strong> 21 de Octubre de 2010<\/strong><\/div>\n<p>La Semana del Acceso Abierto se celebrar\u00e1 por cuarta vez a nivel mundial del 18 al 24 de Octubre bajo el lema Leer, Compartir y Avanzar, con el objetivo de promocionar al Acceso Abierto como una nueva norma acad\u00e9mica y cient\u00edfica.<\/p>\n<p>El Acceso Abierto (Open Access) a la producci\u00f3n cient\u00edfico-tecnol\u00f3gica es la disponibilidad libre en Internet de este tipo de material e implica que los usuarios pueden, en forma gratuita, leer, descargar, copiar, distribuir, imprimir, buscar o enlazar los textos completos de los art\u00edculos cient\u00edficos, y usarlos con prop\u00f3sitos leg\u00edtimos ligados a la investigaci\u00f3n cient\u00edfica, a la educaci\u00f3n o a la gesti\u00f3n de pol\u00edticas p\u00fablicas, sin otras barreras econ\u00f3micas, legales o t\u00e9cnicas que las que suponga Internet en s\u00ed misma. La \u00fanica condici\u00f3n que plantea este modelo para la reproducci\u00f3n y distribuci\u00f3n de las obras que se pongan a disposici\u00f3n es la obligaci\u00f3n de otorgar a los autores el control sobre la integridad de su trabajo y el derecho a ser adecuadamente reconocidos y citados.<\/p>\n<p>En este marco internacional y con la finalidad de promocionar en el pa\u00eds esta modalidad de publicaci\u00f3n para la producci\u00f3n cient\u00edfico-tecnol\u00f3gica, la Representaci\u00f3n Argentina de la Organizaci\u00f3n Panamericana de la Salud &#8211;<br \/>\nOrganizaci\u00f3n Mundial de la Salud (OPS-OMS), el Centro Argentino de Informaci\u00f3n Cient\u00edfica y Tecnol\u00f3gica del Consejo Nacional de Investigaciones Cient\u00edficas y T\u00e9cnicas (CAICYT &#8211; CONICET) y la Biblioteca Electr\u00f3nica de Ciencia y Tecnolog\u00eda del Ministerio de Ciencia, Tecnolog\u00eda e Innovaci\u00f3n Productiva a\u00fanan esfuerzos y organizan la Jornada Virtual Acceso Abierto Argentina 2010.<\/p>\n<p>La Jornada, que presentar\u00e1 experiencias e iniciativas nacionales de Acceso Abierto, se realizar\u00e1 el d\u00eda 21 de Octubre a trav\u00e9s de la plataforma virtual Elluminate, permitiendo as\u00ed la \u00a0participaci\u00f3n de investigadores; tecn\u00f3logos; becarios; autoridades y tomadores de decisi\u00f3n; editores cient\u00edficos; bibliotecarios; docentes; inform\u00e1ticos; estudiantes de grado, maestr\u00eda, doctorado y postdoctorado de todo el pa\u00eds.<\/p>\n<p>Mayor informaci\u00f3n e inscripciones hasta el 15 de Octubre en <a href=\"http:\/\/accesoabierto2010.caicyt.gov.ar\/\" target=\"_blank\">http:\/\/accesoabierto2010.caicyt.gov.ar<\/a> luego de la inscripci\u00f3n recibir\u00e1 las instrucciones para ingresar a la Sala Virtual el d\u00eda 21 de Octubre.<\/p>\n<p><strong>Pod\u00e9s conocer m\u00e1s detalle en:<\/strong><\/p>\n<p>http:\/\/accesoabierto2010.caicyt.gov.ar\/<\/p>\n<p>http:\/\/bdigital.uncu.edu.ar\/accesoabierto\/<\/p>\n","protected":false},"excerpt":{"rendered":"<p>Estamos celebrando la Semana del Acceso Abierto, del 18 al 24 de octubre. Este evento se realiza todos los a\u00f1os<\/p>\n<div class=\"read-more\"><a class=\"btn button-secondary\" href=\"https:\/\/sid.uncu.edu.ar\/wp\/2010\/10\/se-viene-la-semana-del-acceso-abierto\/\">Leer m\u00e1s<\/a><\/div>\n","protected":false},"author":11,"featured_media":0,"comment_status":"open","ping_status":"open","sticky":false,"template":"","format":"standard","meta":{"_acf_changed":false,"bgseo_title":"","bgseo_description":"","bgseo_robots_index":"","bgseo_robots_follow":"","footnotes":""},"categories":[3],"tags":[18],"class_list":["post-1312","post","type-post","status-publish","format-standard","hentry","category-noticias","tag-acceso-abierto"],"acf":[],"jetpack_featured_media_url":"","jetpack_sharing_enabled":true,"jetpack_likes_enabled":true,"_links":{"self":[{"href":"https:\/\/sid.uncu.edu.ar\/wp\/wp-json\/wp\/v2\/posts\/1312","targetHints":{"allow":["GET"]}}],"collection":[{"href":"https:\/\/sid.uncu.edu.ar\/wp\/wp-json\/wp\/v2\/posts"}],"about":[{"href":"https:\/\/sid.uncu.edu.ar\/wp\/wp-json\/wp\/v2\/types\/post"}],"author":[{"embeddable":true,"href":"https:\/\/sid.uncu.edu.ar\/wp\/wp-json\/wp\/v2\/users\/11"}],"replies":[{"embeddable":true,"href":"https:\/\/sid.uncu.edu.ar\/wp\/wp-json\/wp\/v2\/comments?post=1312"}],"version-history":[{"count":9,"href":"https:\/\/sid.uncu.edu.ar\/wp\/wp-json\/wp\/v2\/posts\/1312\/revisions"}],"predecessor-version":[{"id":1480,"href":"https:\/\/sid.uncu.edu.ar\/wp\/wp-json\/wp\/v2\/posts\/1312\/revisions\/1480"}],"wp:attachment":[{"href":"https:\/\/sid.uncu.edu.ar\/wp\/wp-json\/wp\/v2\/media?parent=1312"}],"wp:term":[{"taxonomy":"category","embeddable":true,"href":"https:\/\/sid.uncu.edu.ar\/wp\/wp-json\/wp\/v2\/categories?post=1312"},{"taxonomy":"post_tag","embeddable":true,"href":"https:\/\/sid.uncu.edu.ar\/wp\/wp-json\/wp\/v2\/tags?post=1312"}],"curies":[{"name":"wp","href":"https:\/\/api.w.org\/{rel}","templated":true}]}}