{"id":12412,"date":"2019-03-06T14:10:08","date_gmt":"2019-03-06T17:10:08","guid":{"rendered":"http:\/\/sid.uncu.edu.ar\/sid\/?p=12412"},"modified":"2019-03-06T14:10:08","modified_gmt":"2019-03-06T17:10:08","slug":"presentacion-de-la-coleccion-de-revistas-diario-de-las-chicas","status":"publish","type":"post","link":"https:\/\/sid.uncu.edu.ar\/wp\/2019\/03\/presentacion-de-la-coleccion-de-revistas-diario-de-las-chicas\/","title":{"rendered":"Presentaci\u00f3n de la colecci\u00f3n de revistas \u00abDiario de las chicas\u00bb."},"content":{"rendered":"<h1 style=\"text-align: center;\">Presentaci\u00f3n de la Colecci\u00f3n de la \u201cRevista Diario de las Chicas\u201d dentro del Fondo Institucional Alieda Verhoeven \u2013 G.E.M.<\/h1>\n<p>&nbsp;<\/p>\n<p>La Biblioteca, Centro de Documentaci\u00f3n y Archivo Mauricio A. L\u00f3pez, por medio del Sistema Integrado de Documentaci\u00f3n &#8211; UNCuyo, hace la presentaci\u00f3n de la Colecci\u00f3n de la Revista \u201cDiario de las Chicas\u201d dentro del Fondo Institucional Alieda Verhoeven &#8211; Grupo Ecum\u00e9nico de Mujeres.<\/p>\n<p>Dicho evento se llevar\u00e1 a cabo el d\u00eda JUEVES 7 DE MARZO a las 13 hs. en la BIBLIOTECA CENTRAL ARTURO A. ROIG de la UNCuyo.<\/p>\n<p>El Fondo Institucional Alieda Verhoeven es el conjunto de la producci\u00f3n intelectual del Grupo Ecum\u00e9nico de Mujeres que trabaj\u00f3 en Mendoza entre las d\u00e9cadas de 1970 al 2010. Este material llega a nuestra biblioteca cedido por la Asociaci\u00f3n Ecum\u00e9nica de Cuyo, con la finalidad de su procesamiento, digitalizaci\u00f3n y difusi\u00f3n.<\/p>\n<p>En esta primera etapa daremos a conocer el trabajo de documentaci\u00f3n, digitalizaci\u00f3n y libre acceso de los 62 n\u00fameros de la revista \u201cDiario de las chicas\u201d, material de gran relevancia hist\u00f3rica en donde se encuentra el germen del feminismo tanto en la provincia como en el pa\u00eds.<\/p>\n<p>Este evento se enmarca en los actos de la UNCuyo por el Mes de las Mujeres.<\/p>\n<p>Para m\u00e1s informaci\u00f3n comunicarse al tel\u00e9fono 4254420, por e-mail a: bibliomlopezmza@gmail.com , o por Facebook a Biblioteca Mauricio A. L\u00f3pez<\/p>\n<p><img loading=\"lazy\" decoding=\"async\" class=\"aligncenter size-medium wp-image-12414\" src=\"http:\/\/sid.uncu.edu.ar\/sid\/wp-content\/uploads\/2019\/03\/WhatsApp-Image-2019-02-27-at-15.24.00-320x400.jpeg\" alt=\"\" width=\"320\" height=\"400\" srcset=\"https:\/\/sid.uncu.edu.ar\/wp\/wp-content\/uploads\/2019\/03\/WhatsApp-Image-2019-02-27-at-15.24.00-320x400.jpeg 320w, https:\/\/sid.uncu.edu.ar\/wp\/wp-content\/uploads\/2019\/03\/WhatsApp-Image-2019-02-27-at-15.24.00-768x961.jpeg 768w, https:\/\/sid.uncu.edu.ar\/wp\/wp-content\/uploads\/2019\/03\/WhatsApp-Image-2019-02-27-at-15.24.00-550x688.jpeg 550w, https:\/\/sid.uncu.edu.ar\/wp\/wp-content\/uploads\/2019\/03\/WhatsApp-Image-2019-02-27-at-15.24.00.jpeg 1023w\" sizes=\"auto, (max-width: 320px) 100vw, 320px\" \/><\/p>\n","protected":false},"excerpt":{"rendered":"<p>Presentaci\u00f3n de la Colecci\u00f3n de la \u201cRevista Diario de las Chicas\u201d dentro del Fondo Institucional Alieda Verhoeven \u2013 G.E.M. &nbsp;<\/p>\n<div class=\"read-more\"><a class=\"btn button-secondary\" href=\"https:\/\/sid.uncu.edu.ar\/wp\/2019\/03\/presentacion-de-la-coleccion-de-revistas-diario-de-las-chicas\/\">Leer m\u00e1s<\/a><\/div>\n","protected":false},"author":11,"featured_media":0,"comment_status":"closed","ping_status":"closed","sticky":false,"template":"","format":"standard","meta":{"_acf_changed":false,"bgseo_title":"","bgseo_description":"","bgseo_robots_index":"","bgseo_robots_follow":"","footnotes":""},"categories":[3],"tags":[],"class_list":["post-12412","post","type-post","status-publish","format-standard","hentry","category-noticias"],"acf":[],"jetpack_featured_media_url":"","jetpack_sharing_enabled":true,"jetpack_likes_enabled":true,"_links":{"self":[{"href":"https:\/\/sid.uncu.edu.ar\/wp\/wp-json\/wp\/v2\/posts\/12412","targetHints":{"allow":["GET"]}}],"collection":[{"href":"https:\/\/sid.uncu.edu.ar\/wp\/wp-json\/wp\/v2\/posts"}],"about":[{"href":"https:\/\/sid.uncu.edu.ar\/wp\/wp-json\/wp\/v2\/types\/post"}],"author":[{"embeddable":true,"href":"https:\/\/sid.uncu.edu.ar\/wp\/wp-json\/wp\/v2\/users\/11"}],"replies":[{"embeddable":true,"href":"https:\/\/sid.uncu.edu.ar\/wp\/wp-json\/wp\/v2\/comments?post=12412"}],"version-history":[{"count":1,"href":"https:\/\/sid.uncu.edu.ar\/wp\/wp-json\/wp\/v2\/posts\/12412\/revisions"}],"predecessor-version":[{"id":12415,"href":"https:\/\/sid.uncu.edu.ar\/wp\/wp-json\/wp\/v2\/posts\/12412\/revisions\/12415"}],"wp:attachment":[{"href":"https:\/\/sid.uncu.edu.ar\/wp\/wp-json\/wp\/v2\/media?parent=12412"}],"wp:term":[{"taxonomy":"category","embeddable":true,"href":"https:\/\/sid.uncu.edu.ar\/wp\/wp-json\/wp\/v2\/categories?post=12412"},{"taxonomy":"post_tag","embeddable":true,"href":"https:\/\/sid.uncu.edu.ar\/wp\/wp-json\/wp\/v2\/tags?post=12412"}],"curies":[{"name":"wp","href":"https:\/\/api.w.org\/{rel}","templated":true}]}}