{"id":12398,"date":"2019-03-01T14:00:01","date_gmt":"2019-03-01T17:00:01","guid":{"rendered":"http:\/\/sid.uncu.edu.ar\/sid\/?p=12398"},"modified":"2019-03-27T11:56:02","modified_gmt":"2019-03-27T14:56:02","slug":"1er-reunion-del-2019-del-equipo-gerente-de-las-bibliotecas-de-la-uncuyo","status":"publish","type":"post","link":"https:\/\/sid.uncu.edu.ar\/wp\/2019\/03\/1er-reunion-del-2019-del-equipo-gerente-de-las-bibliotecas-de-la-uncuyo\/","title":{"rendered":"1er Reuni\u00f3n del 2019 del Equipo Gerente de las Bibliotecas de la UNCuyo"},"content":{"rendered":"<p>El 26 de febrero se realiz\u00f3 la primera reuni\u00f3n del a\u00f1o del Equipo Gerente de las Bibliotecas de la UNCuyo. Este equipo est\u00e1 conformado por directoras\/es y coordinadoras\/coordinadores de las 22 bibliotecas que conforman el Sistema Integrado de Documentaci\u00f3n.<\/p>\n<p>Se abordaron los siguientes temas:<\/p>\n<ul>\n<li>Creaci\u00f3n de la comisi\u00f3n de revisi\u00f3n del \u00abReglamento de Carnet \u00danico de biblioteca\u00bb<\/li>\n<li>Anuncio de los nuevos cambios implementados en el sistema SIGSID de gesti\u00f3n de bibliotecas<\/li>\n<li>Portal de Revistas Cient\u00edficas de la UNCuyo<\/li>\n<li>Calendario de capacitaciones en recursos electr\u00f3nicos, a cargo de los proveedores<\/li>\n<li>Propuesta de capacitaci\u00f3n de personal<\/li>\n<\/ul>\n<p>Fuera de agenda se mostr\u00f3 el mapa de bibliotecas argentinas que est\u00e1 realizando RECIARIA:\u00a0<a class=\"moz-txt-link-freetext\" href=\"https:\/\/sites.google.com\/site\/reciariaorg\/\">https:\/\/sites.google.com\/site\/reciariaorg\/<\/a>, en el cual el SID est\u00e1 participando activamente.<\/p>\n<p><img loading=\"lazy\" decoding=\"async\" class=\"aligncenter size-large wp-image-12400\" src=\"http:\/\/sid.uncu.edu.ar\/sid\/wp-content\/uploads\/2019\/03\/WhatsApp-Image-2019-02-27-at-14.34.47-1-550x413.jpeg\" alt=\"\" width=\"550\" height=\"413\" srcset=\"https:\/\/sid.uncu.edu.ar\/wp\/wp-content\/uploads\/2019\/03\/WhatsApp-Image-2019-02-27-at-14.34.47-1-550x413.jpeg 550w, https:\/\/sid.uncu.edu.ar\/wp\/wp-content\/uploads\/2019\/03\/WhatsApp-Image-2019-02-27-at-14.34.47-1-400x300.jpeg 400w, https:\/\/sid.uncu.edu.ar\/wp\/wp-content\/uploads\/2019\/03\/WhatsApp-Image-2019-02-27-at-14.34.47-1-768x576.jpeg 768w, https:\/\/sid.uncu.edu.ar\/wp\/wp-content\/uploads\/2019\/03\/WhatsApp-Image-2019-02-27-at-14.34.47-1.jpeg 1280w\" sizes=\"auto, (max-width: 550px) 100vw, 550px\" \/><\/p>\n<div id='gallery-1' class='gallery galleryid-12398 gallery-columns-3 gallery-size-full'><figure class='gallery-item'>\n\t\t\t<div class='gallery-icon landscape'>\n\t\t\t\t<a href='https:\/\/sid.uncu.edu.ar\/wp\/2019\/03\/1er-reunion-del-2019-del-equipo-gerente-de-las-bibliotecas-de-la-uncuyo\/whatsapp-image-2019-02-27-at-14-34-46\/'><img loading=\"lazy\" decoding=\"async\" width=\"1280\" height=\"960\" src=\"https:\/\/sid.uncu.edu.ar\/wp\/wp-content\/uploads\/2019\/03\/WhatsApp-Image-2019-02-27-at-14.34.46.jpeg\" class=\"attachment-full size-full\" alt=\"\" srcset=\"https:\/\/sid.uncu.edu.ar\/wp\/wp-content\/uploads\/2019\/03\/WhatsApp-Image-2019-02-27-at-14.34.46.jpeg 1280w, https:\/\/sid.uncu.edu.ar\/wp\/wp-content\/uploads\/2019\/03\/WhatsApp-Image-2019-02-27-at-14.34.46-400x300.jpeg 400w, https:\/\/sid.uncu.edu.ar\/wp\/wp-content\/uploads\/2019\/03\/WhatsApp-Image-2019-02-27-at-14.34.46-768x576.jpeg 768w, https:\/\/sid.uncu.edu.ar\/wp\/wp-content\/uploads\/2019\/03\/WhatsApp-Image-2019-02-27-at-14.34.46-550x413.jpeg 550w\" sizes=\"auto, (max-width: 1280px) 100vw, 1280px\" \/><\/a>\n\t\t\t<\/div><\/figure><figure class='gallery-item'>\n\t\t\t<div class='gallery-icon landscape'>\n\t\t\t\t<a href='https:\/\/sid.uncu.edu.ar\/wp\/2019\/03\/1er-reunion-del-2019-del-equipo-gerente-de-las-bibliotecas-de-la-uncuyo\/whatsapp-image-2019-02-27-at-14-34-47\/'><img loading=\"lazy\" decoding=\"async\" width=\"1280\" height=\"960\" src=\"https:\/\/sid.uncu.edu.ar\/wp\/wp-content\/uploads\/2019\/03\/WhatsApp-Image-2019-02-27-at-14.34.47.jpeg\" class=\"attachment-full size-full\" alt=\"\" srcset=\"https:\/\/sid.uncu.edu.ar\/wp\/wp-content\/uploads\/2019\/03\/WhatsApp-Image-2019-02-27-at-14.34.47.jpeg 1280w, https:\/\/sid.uncu.edu.ar\/wp\/wp-content\/uploads\/2019\/03\/WhatsApp-Image-2019-02-27-at-14.34.47-400x300.jpeg 400w, https:\/\/sid.uncu.edu.ar\/wp\/wp-content\/uploads\/2019\/03\/WhatsApp-Image-2019-02-27-at-14.34.47-768x576.jpeg 768w, https:\/\/sid.uncu.edu.ar\/wp\/wp-content\/uploads\/2019\/03\/WhatsApp-Image-2019-02-27-at-14.34.47-550x413.jpeg 550w\" sizes=\"auto, (max-width: 1280px) 100vw, 1280px\" \/><\/a>\n\t\t\t<\/div><\/figure>\n\t\t<\/div>\n\n","protected":false},"excerpt":{"rendered":"<p>El 26 de febrero se realiz\u00f3 la primera reuni\u00f3n del a\u00f1o del Equipo Gerente de las Bibliotecas de la UNCuyo.<\/p>\n<div class=\"read-more\"><a class=\"btn button-secondary\" href=\"https:\/\/sid.uncu.edu.ar\/wp\/2019\/03\/1er-reunion-del-2019-del-equipo-gerente-de-las-bibliotecas-de-la-uncuyo\/\">Leer m\u00e1s<\/a><\/div>\n","protected":false},"author":11,"featured_media":0,"comment_status":"closed","ping_status":"closed","sticky":false,"template":"","format":"standard","meta":{"_acf_changed":false,"bgseo_title":"","bgseo_description":"","bgseo_robots_index":"","bgseo_robots_follow":"","footnotes":""},"categories":[3],"tags":[],"class_list":["post-12398","post","type-post","status-publish","format-standard","hentry","category-noticias"],"acf":[],"jetpack_featured_media_url":"","jetpack_sharing_enabled":true,"jetpack_likes_enabled":true,"_links":{"self":[{"href":"https:\/\/sid.uncu.edu.ar\/wp\/wp-json\/wp\/v2\/posts\/12398","targetHints":{"allow":["GET"]}}],"collection":[{"href":"https:\/\/sid.uncu.edu.ar\/wp\/wp-json\/wp\/v2\/posts"}],"about":[{"href":"https:\/\/sid.uncu.edu.ar\/wp\/wp-json\/wp\/v2\/types\/post"}],"author":[{"embeddable":true,"href":"https:\/\/sid.uncu.edu.ar\/wp\/wp-json\/wp\/v2\/users\/11"}],"replies":[{"embeddable":true,"href":"https:\/\/sid.uncu.edu.ar\/wp\/wp-json\/wp\/v2\/comments?post=12398"}],"version-history":[{"count":5,"href":"https:\/\/sid.uncu.edu.ar\/wp\/wp-json\/wp\/v2\/posts\/12398\/revisions"}],"predecessor-version":[{"id":12649,"href":"https:\/\/sid.uncu.edu.ar\/wp\/wp-json\/wp\/v2\/posts\/12398\/revisions\/12649"}],"wp:attachment":[{"href":"https:\/\/sid.uncu.edu.ar\/wp\/wp-json\/wp\/v2\/media?parent=12398"}],"wp:term":[{"taxonomy":"category","embeddable":true,"href":"https:\/\/sid.uncu.edu.ar\/wp\/wp-json\/wp\/v2\/categories?post=12398"},{"taxonomy":"post_tag","embeddable":true,"href":"https:\/\/sid.uncu.edu.ar\/wp\/wp-json\/wp\/v2\/tags?post=12398"}],"curies":[{"name":"wp","href":"https:\/\/api.w.org\/{rel}","templated":true}]}}