{"id":11733,"date":"2018-08-15T10:58:48","date_gmt":"2018-08-15T13:58:48","guid":{"rendered":"http:\/\/sid.uncu.edu.ar\/sid\/?p=11733"},"modified":"2018-09-13T13:29:06","modified_gmt":"2018-09-13T16:29:06","slug":"la-biblioteca-central-se-suma-a-los-espacios-con-red-wifi-uncuyolibre","status":"publish","type":"post","link":"https:\/\/sid.uncu.edu.ar\/wp\/2018\/08\/la-biblioteca-central-se-suma-a-los-espacios-con-red-wifi-uncuyolibre\/","title":{"rendered":"La Biblioteca Central se suma a los espacios con red WiFi \u00abUNCuyoLibre\u00bb"},"content":{"rendered":"<p><img loading=\"lazy\" decoding=\"async\" class=\"aligncenter size-large wp-image-11734\" src=\"http:\/\/sid.uncu.edu.ar\/sid\/wp-content\/uploads\/2018\/08\/img_4967_cr_web-550x367.jpg\" alt=\"\" width=\"550\" height=\"367\" srcset=\"https:\/\/sid.uncu.edu.ar\/wp\/wp-content\/uploads\/2018\/08\/img_4967_cr_web-550x367.jpg 550w, https:\/\/sid.uncu.edu.ar\/wp\/wp-content\/uploads\/2018\/08\/img_4967_cr_web-400x267.jpg 400w, https:\/\/sid.uncu.edu.ar\/wp\/wp-content\/uploads\/2018\/08\/img_4967_cr_web-768x512.jpg 768w, https:\/\/sid.uncu.edu.ar\/wp\/wp-content\/uploads\/2018\/08\/img_4967_cr_web.jpg 2000w\" sizes=\"auto, (max-width: 550px) 100vw, 550px\" \/>Desde esta semana comienza a funcionar completamente la integraci\u00f3n de la Biblioteca Central Dr. Arturo A. Roig a la red Wi-Fi de la <strong>\u00abUNCuyolibre\u00bb<\/strong>. Se trata de una conexi\u00f3n de calidad, libre y gratuita y sin clave.<\/p>\n<p>Para ello se han instalado 10 dispositivos AP de Wifi para cubrir los 2.000 metros cuadrados de espacio de la Biblioteca Central para que garanticen una excelente cobertura. La instalaci\u00f3n y soporte t\u00e9cnico de esta red est\u00e1 a cargo del Centro de Inform\u00e1tica y Telecomunicaciones del Rectorado.<\/p>\n<p>Hasta hoy la biblioteca contaba con redes propias, pero esta integraci\u00f3n representa una mejora de la calidad de conexi\u00f3n y m\u00e1s comodidad para los estudiantes, docentes e investigadores que pueden transitar por toda la universidad conectados a la misma red sin necesidad de buscar y encontrar nuevas redes en diferentes espacios del campus.<\/p>\n<h3>Acceso exclusivo a contenidos<\/h3>\n<p>Cabe destacar que las conexiones dentro del campus de la UNCUYO brindan acceso exclusivo (via suscripci\u00f3n provista por el MINCYT) a materiales de estudio e investigaci\u00f3n de acceso restringido dentro de la <a href=\"http:\/\/www.biblioteca.mincyt.gob.ar\/\">Biblioteca Electr\u00f3nica del Mincyt.<\/a><\/p>\n<p><img loading=\"lazy\" decoding=\"async\" class=\"aligncenter size-large wp-image-7584\" src=\"http:\/\/sid.uncu.edu.ar\/sid\/wp-content\/uploads\/2014\/04\/home-biblioteca-electronica-mincyt-w.jpg_350_620-550x329.jpg\" alt=\"\" width=\"550\" height=\"329\" srcset=\"https:\/\/sid.uncu.edu.ar\/wp\/wp-content\/uploads\/2014\/04\/home-biblioteca-electronica-mincyt-w.jpg_350_620-550x329.jpg 550w, https:\/\/sid.uncu.edu.ar\/wp\/wp-content\/uploads\/2014\/04\/home-biblioteca-electronica-mincyt-w.jpg_350_620-400x239.jpg 400w, https:\/\/sid.uncu.edu.ar\/wp\/wp-content\/uploads\/2014\/04\/home-biblioteca-electronica-mincyt-w.jpg_350_620.jpg 584w\" sizes=\"auto, (max-width: 550px) 100vw, 550px\" \/><\/p>\n<p>La biblioteca Electr\u00f3nica de Ciencia y Tecnolog\u00eda \u2013 <a href=\"http:\/\/www.biblioteca.mincyt.gob.ar\">www.biblioteca.mincyt.gob.ar<\/a> \u2013 brinda acceso a los investigadores argentinos, a trav\u00e9s de internet, al texto completo de m\u00e1s de 17.000 t\u00edtulos de revistas cient\u00edfico-t\u00e9cnicas, 9.000 libros, 5.000 est\u00e1ndares y a bases de datos referenciales de gran valor para la comunidad cient\u00edfica. El acceso se realiza exclusivamente desde los nodos registrados: las universidades nacionales, y centros de investigaci\u00f3n (las universidades privadas acceden tambi\u00e9n a estos recursos a trav\u00e9s de un usuario \u00fanico).<\/p>\n<p>&nbsp;<\/p>\n","protected":false},"excerpt":{"rendered":"<p>Desde esta semana comienza a funcionar completamente la integraci\u00f3n de la Biblioteca Central Dr. Arturo A. Roig a la red<\/p>\n<div class=\"read-more\"><a class=\"btn button-secondary\" href=\"https:\/\/sid.uncu.edu.ar\/wp\/2018\/08\/la-biblioteca-central-se-suma-a-los-espacios-con-red-wifi-uncuyolibre\/\">Leer m\u00e1s<\/a><\/div>\n","protected":false},"author":11,"featured_media":11734,"comment_status":"closed","ping_status":"closed","sticky":false,"template":"","format":"standard","meta":{"_acf_changed":false,"bgseo_title":"","bgseo_description":"","bgseo_robots_index":"","bgseo_robots_follow":"","footnotes":""},"categories":[3],"tags":[21],"class_list":["post-11733","post","type-post","status-publish","format-standard","has-post-thumbnail","hentry","category-noticias","tag-biblioteca-central"],"acf":[],"jetpack_featured_media_url":"https:\/\/sid.uncu.edu.ar\/wp\/wp-content\/uploads\/2018\/08\/img_4967_cr_web.jpg","jetpack_sharing_enabled":true,"jetpack_likes_enabled":true,"_links":{"self":[{"href":"https:\/\/sid.uncu.edu.ar\/wp\/wp-json\/wp\/v2\/posts\/11733","targetHints":{"allow":["GET"]}}],"collection":[{"href":"https:\/\/sid.uncu.edu.ar\/wp\/wp-json\/wp\/v2\/posts"}],"about":[{"href":"https:\/\/sid.uncu.edu.ar\/wp\/wp-json\/wp\/v2\/types\/post"}],"author":[{"embeddable":true,"href":"https:\/\/sid.uncu.edu.ar\/wp\/wp-json\/wp\/v2\/users\/11"}],"replies":[{"embeddable":true,"href":"https:\/\/sid.uncu.edu.ar\/wp\/wp-json\/wp\/v2\/comments?post=11733"}],"version-history":[{"count":1,"href":"https:\/\/sid.uncu.edu.ar\/wp\/wp-json\/wp\/v2\/posts\/11733\/revisions"}],"predecessor-version":[{"id":11735,"href":"https:\/\/sid.uncu.edu.ar\/wp\/wp-json\/wp\/v2\/posts\/11733\/revisions\/11735"}],"wp:featuredmedia":[{"embeddable":true,"href":"https:\/\/sid.uncu.edu.ar\/wp\/wp-json\/wp\/v2\/media\/11734"}],"wp:attachment":[{"href":"https:\/\/sid.uncu.edu.ar\/wp\/wp-json\/wp\/v2\/media?parent=11733"}],"wp:term":[{"taxonomy":"category","embeddable":true,"href":"https:\/\/sid.uncu.edu.ar\/wp\/wp-json\/wp\/v2\/categories?post=11733"},{"taxonomy":"post_tag","embeddable":true,"href":"https:\/\/sid.uncu.edu.ar\/wp\/wp-json\/wp\/v2\/tags?post=11733"}],"curies":[{"name":"wp","href":"https:\/\/api.w.org\/{rel}","templated":true}]}}